{"id":108090,"date":"2026-02-03T06:33:44","date_gmt":"2026-02-03T09:33:44","guid":{"rendered":"https:\/\/wiy.com.br\/noticias\/carnaval-e-feriado-ou-ponto-facultativo-entenda-como-fica-calendario-para-2026\/"},"modified":"2026-02-03T06:33:54","modified_gmt":"2026-02-03T09:33:54","slug":"carnaval-e-feriado-ou-ponto-facultativo-entenda-como-fica-calendario-para-2026","status":"publish","type":"post","link":"https:\/\/wiy.com.br\/noticias\/carnaval-e-feriado-ou-ponto-facultativo-entenda-como-fica-calendario-para-2026\/","title":{"rendered":"Carnaval \u00e9 feriado ou ponto facultativo? Entenda como fica calend\u00e1rio para 2026"},"content":{"rendered":"<p> <br \/>\n<\/p>\n<p>Para muitos brasileiros, o ano s\u00f3 come\u00e7a depois dos bloquinhos e festas de Carnaval. Mas, para frequentar as festividades sem medo, antes \u00e9 essencial saber quais s\u00e3o os dias considerados feriado e ponto facultativo. A seguir, confira mais informa\u00e7\u00f5es nos par\u00e1grafos abaixo. <\/p>\n<div class=\"wp-block-yoast-seo-table-of-contents yoast-table-of-contents\">\n<h2>O que voc\u00ea precisa saber<\/h2>\n<ul>\n<li><a href=\"#h-o-que-e-o-ponto-facultativo-e-qual-sua-relacao-com-um-feriado\" data-level=\"2\">O que \u00e9 o ponto facultativo e qual sua rela\u00e7\u00e3o com um feriado?<\/a>\n<ul>\n<li><a href=\"#h-feriado\" data-level=\"3\">Feriado:<\/a><\/li>\n<li><a href=\"#h-ponto-facultativo\" data-level=\"3\">Ponto facultativo:<\/a><\/li>\n<\/ul>\n<\/li>\n<li><a href=\"#h-quais-os-dias-de-carnaval\" data-level=\"2\">Quais os dias de Carnaval?<\/a><\/li>\n<li><a href=\"#h-carnaval-e-feriado-ou-ponto-facultativo\" data-level=\"2\">Carnaval \u00e9 feriado ou ponto facultativo?<\/a>\n<ul>\n<li><a href=\"#h-dias-de-feriado\" data-level=\"3\">Dias de feriado<\/a><\/li>\n<li><a href=\"#h-dias-considerados-pontos-facultativos\" data-level=\"3\">Dias considerados pontos facultativos<\/a><\/li>\n<\/ul>\n<\/li>\n<\/ul>\n<\/div>\n<h2 class=\"wp-block-heading\" id=\"h-o-que-e-o-ponto-facultativo-e-qual-sua-relacao-com-um-feriado\">O que \u00e9 o ponto facultativo e qual sua rela\u00e7\u00e3o com um feriado?<\/h2>\n<div class=\"wp-block-image\">\n<figure class=\"aligncenter size-large\"><figcaption class=\"wp-element-caption\">Bloco de Carnaval em uma rua do Brasil (Imagem: Luis Fernandes \/ Pexels)<\/figcaption><\/figure>\n<\/div>\n<p>Para entender a diferen\u00e7a entre ponto facultativo e feriado, \u00e9 importante conhecer a defini\u00e7\u00e3o de cada um.<\/p>\n<h3 class=\"wp-block-heading\" id=\"h-feriado\">Feriado:<\/h3>\n<ul>\n<li>\u00c9 uma data estabelecida por lei, seja ela federal, estadual ou municipal, em que as atividades de trabalho s\u00e3o obrigatoriamente suspensas.<\/li>\n<\/ul>\n<h3 class=\"wp-block-heading\" id=\"h-ponto-facultativo\">Ponto facultativo:<\/h3>\n<ul>\n<li>\u00c9 uma data em que a decis\u00e3o de conceder folga aos trabalhadores <strong>fica a crit\u00e9rio do empregador<\/strong>, seja ele um \u00f3rg\u00e3o p\u00fablico ou uma empresa privada.<\/li>\n<li>N\u00e3o h\u00e1 obrigatoriedade de suspens\u00e3o das atividades, e o empregador pode decidir se os funcion\u00e1rios trabalhar\u00e3o normalmente ou n\u00e3o.<\/li>\n<li>No caso de <strong>\u00f3rg\u00e3os p\u00fablicos<\/strong>, o ponto facultativo geralmente significa que n\u00e3o haver\u00e1 expediente, mas alguns servi\u00e7os essenciais podem ser mantidos.<\/li>\n<li>No caso de <strong>empresas privadas<\/strong>, o empregador pode decidir se os funcion\u00e1rios trabalhar\u00e3o normalmente ou n\u00e3o.<\/li>\n<\/ul>\n<h2 class=\"wp-block-heading\" id=\"h-quais-os-dias-de-carnaval\">Quais os dias de Carnaval?<\/h2>\n<div class=\"wp-block-image\">\n<figure class=\"aligncenter size-large\"><img title = \"[Tags]\"loading=\"lazy\" decoding=\"async\" width=\"1024\" height=\"683\" src=\"https:\/\/olhardigital.com.br\/wp-content\/uploads\/2024\/02\/carnaval-1024x683.jpg\"alt = \"carnaval-1024x683 Carnaval \u00e9 feriado ou ponto facultativo? Entenda como fica calend\u00e1rio para 2026\" class=\"wp-image-700671\" \/><figcaption class=\"wp-element-caption\">Mulheres soprando confete nas ruas durante o Carnaval (Imagem: Kleber Cordeiro\/Shutterstock)<\/figcaption><\/figure>\n<\/div>\n<div class=\"schema-faq wp-block-yoast-faq-block\">\n<div class=\"schema-faq-section\" id=\"faq-question-1770041123506\"><strong class=\"schema-faq-question\">Quando come\u00e7a o Carnaval em 2026?<\/strong> <\/p>\n<p class=\"schema-faq-answer\">As comemora\u00e7\u00f5es oficiais come\u00e7am no dia <strong>13 de fevereiro, sexta-feira<\/strong>.<\/p>\n<\/p><\/div>\n<div class=\"schema-faq-section\" id=\"faq-question-1770041135005\"><strong class=\"schema-faq-question\">Quando termina o Carnaval em 2026?<\/strong> <\/p>\n<p class=\"schema-faq-answer\">O per\u00edodo do Carnaval encerra na <strong>quarta-feira de cinzas, dia 18 de fevereiro<\/strong>.<\/p>\n<\/p><\/div>\n<div class=\"schema-faq-section\" id=\"faq-question-1770041155107\"><strong class=\"schema-faq-question\">Quais os dias de Carnaval em 2026?<\/strong> <\/p>\n<p class=\"schema-faq-answer\">As festividades do Carnaval v\u00e3o da sexta-feira (13\/02) \u00e0 quarta-feira (18\/02). Estas s\u00e3o as datas oficias, mas \u00e9 importante lembrar que ao contr\u00e1rio dos demais feriados, o Carnaval \u00e9 bastante flex\u00edvel e, portanto, <strong>alguns eventos podem come\u00e7ar antes da data e terminar apenas depois; o mesmo vale para o funcionamento de algumas empresas.<\/strong><\/p>\n<\/p><\/div>\n<\/p><\/div>\n<p><strong>Leia mais:<\/strong><\/p>\n<ul>\n<li>Vai pro Carnaval? Saiba como fazer ou encontrar m\u00e1scaras online para imprimir<\/li>\n<li>12 filmes e s\u00e9ries para assistir online e entrar no clima do Carnaval 2025<\/li>\n<li>Carnaval: Engov previne ressaca? Entenda como funciona o rem\u00e9dio<\/li>\n<li>Como proteger seu celular e cart\u00e3o de golpes no Carnaval?<\/li>\n<\/ul>\n<h2 class=\"wp-block-heading\" id=\"h-carnaval-e-feriado-ou-ponto-facultativo\">Carnaval \u00e9 feriado ou ponto facultativo?<\/h2>\n<div class=\"wp-block-image\">\n<figure class=\"aligncenter size-large\"><img title = \"[Tags]\"loading=\"lazy\" decoding=\"async\" width=\"1024\" height=\"576\" src=\"https:\/\/olhardigital.com.br\/wp-content\/uploads\/2025\/02\/Design-sem-nome-14-1-1024x576.jpg\"alt = \"carnaval-1024x683 Carnaval \u00e9 feriado ou ponto facultativo? Entenda como fica calend\u00e1rio para 2026\" class=\"wp-image-1059892\" \/><figcaption class=\"wp-element-caption\">Grande Rio durante o Carnaval da Escola de Samba Carnaval RJ 2019, no Samb\u00f3dromo\/Shutterstock\/Foto Colaborador Celso Pupo<\/figcaption><\/figure>\n<\/div>\n<p>O per\u00edodo do Carnaval apresenta tanto dias de feriado (ou seja, com v\u00e1rias atividades suspensas\/de folga) quanto pontos facultativos. Confira abaixo:<\/p>\n<h3 class=\"wp-block-heading\" id=\"h-dias-de-feriado\">Dias de feriado<\/h3>\n<p>Vale lembrar que esses dias podem ser considerados feriados <strong>somente de acordo com a determina\u00e7\u00e3o de cada munic\u00edpio<\/strong>. Desta forma, \u00e9 ideal <strong>consultar as informa\u00e7\u00f5es oficias divulgadas pela sua cidade.<\/strong><\/p>\n<ul>\n<li><strong>Sexta-feira:<\/strong> 13 de fevereiro<\/li>\n<li><strong>S\u00e1bado: <\/strong>14 de fevereiro<\/li>\n<li><strong>Domingo:<\/strong> 15 de fevereiro<\/li>\n<\/ul>\n<h3 class=\"wp-block-heading\" id=\"h-dias-considerados-pontos-facultativos\">Dias considerados pontos facultativos<\/h3>\n<p>Segundo o <a href=\"https:\/\/www.gov.br\/gestao\/pt-br\/assuntos\/noticias\/2025\/dezembro\/confira-o-calendario-oficial-de-feriados-nacionais-e-pontos-facultativos-em-2026\" target=\"_blank\" rel=\"noreferrer noopener\">Governo Federal<\/a>:<\/p>\n<ul>\n<li><strong>Segunda-feira:<\/strong> 16 de fevereiro<\/li>\n<li><strong>Ter\u00e7a-feira:<\/strong> 17 de fevereiro<\/li>\n<li><strong>Quarta-feira: <\/strong>18 de fevereiro (facultativo at\u00e9 \u00e0s 14h)<\/li>\n<\/ul>\n<p>O post Carnaval \u00e9 feriado ou ponto facultativo? Entenda como fica calend\u00e1rio para 2026 apareceu primeiro em Olhar Digital.<\/p>\n<p><br \/>\n<br \/><a href=\"https:\/\/olhardigital.com.br\/2026\/02\/03\/pro\/carnaval-e-feriado-ou-ponto-facultativo-entenda-como-fica-calendario-para-2026\/\">Fonte do Artigo <\/a><br \/>\nTags:<\/p>\n<p><a title=\"Gestor de Tr\u00e1fego\" href=\"https:\/\/www.gestor-de-trafego.com\/\" target=\"_blank\"><strong>Gestor de Tr\u00e1fego<\/strong><\/a><\/p>\n<p><a href=\"https:\/\/wiy.com.br\/noticias\/categoria\/tecnologia\/\">#tecnologia<\/a> <a href=\"https:\/\/wiy.com.br\/noticias\/categoria\/tecnologia\/\">#tecnologias<\/a> <a href=\"https:\/\/wiy.com.br\/noticias\/categoria\/tecnologia\/\">#technology<\/a> <a href=\"https:\/\/wiy.com.br\/noticias\/categoria\/tecnologia\/\">#tecnolog<\/a> <a href=\"https:\/\/wiy.com.br\/noticias\/categoria\/tecnologia\/\">#iphone<\/a> <a href=\"https:\/\/wiy.com.br\/noticias\/categoria\/tecnologia\/\">#informatica<\/a> <a href=\"https:\/\/wiy.com.br\/noticias\/categoria\/tecnologia\/\">#tech<\/a> <a href=\"https:\/\/wiy.com.br\/noticias\/categoria\/tecnologia\/\">#design<\/a> <a href=\"https:\/\/wiy.com.br\/noticias\/categoria\/tecnologia\/\">#samsung<\/a> <a href=\"https:\/\/wiy.com.br\/noticias\/categoria\/tecnologia\/\">#internet<\/a> <a href=\"https:\/\/wiy.com.br\/noticias\/categoria\/tecnologia\/\">#apple<\/a> <a href=\"https:\/\/wiy.com.br\/noticias\/categoria\/tecnologia\/\">#smartphone<\/a> <a href=\"https:\/\/wiy.com.br\/noticias\/categoria\/tecnologia\/\">#seguranca<\/a> <a href=\"https:\/\/wiy.com.br\/noticias\/categoria\/tecnologia\/\">#venezuela<\/a> <a href=\"https:\/\/wiy.com.br\/noticias\/categoria\/tecnologia\/\">#celular<\/a> <a href=\"https:\/\/wiy.com.br\/noticias\/categoria\/tecnologia\/\">#celulares<\/a> <a href=\"https:\/\/wiy.com.br\/noticias\/categoria\/tecnologia\/\">#inovar<\/a> <a href=\"https:\/\/wiy.com.br\/noticias\/categoria\/tecnologia\/\">#qualidade<\/a> <a href=\"https:\/\/wiy.com.br\/noticias\/categoria\/tecnologia\/\">#software<\/a> <a href=\"https:\/\/wiy.com.br\/noticias\/categoria\/tecnologia\/\">#empresas<\/a> <a href=\"https:\/\/wiy.com.br\/noticias\/categoria\/tecnologia\/\">#cursos<\/a> <a href=\"https:\/\/wiy.com.br\/noticias\/categoria\/tecnologia\/\">#engenharia<\/a> <a href=\"https:\/\/wiy.com.br\/noticias\/categoria\/tecnologia\/\">#industria<\/a> <a href=\"https:\/\/wiy.com.br\/noticias\/categoria\/tecnologia\/\">#marketing<\/a> <a href=\"https:\/\/wiy.com.br\/noticias\/categoria\/tecnologia\/\">#ti<\/a> <a href=\"https:\/\/wiy.com.br\/noticias\/categoria\/tecnologia\/\">#tecnoblog<\/a> <a href=\"https:\/\/wiy.com.br\/noticias\/categoria\/tecnologia\/\">#veja<\/a> <a href=\"https:\/\/wiy.com.br\/noticias\/categoria\/tecnologia\/\">#olhardigital<\/a> <a href=\"https:\/\/wiy.com.br\/noticias\/categoria\/tecnologia\/\">#mundodigital<\/a> <a href=\"https:\/\/wiy.com.br\/noticias\/categoria\/tecnologia\/\">#inteligenciaartificial<\/a> <a href=\"https:\/\/wiy.com.br\/criacao-de-sites\/\">#criar site<\/a> <a href=\"https:\/\/wiy.com.br\/criacao-de-sites\/\">#criar site curitiba<\/a> <a href=\"https:\/\/wiy.com.br\/criacao-de-sites\/\">#wiysolutions<\/a><\/p>\n<p><a \n#Carnaval #feriado #ponto #facultativo #Entenda #como #fica #calend\u00e1rio #para\n<\/p>\n","protected":false},"excerpt":{"rendered":"<p>Para muitos brasileiros, o ano s\u00f3 come\u00e7a depois dos bloquinhos e festas de Carnaval. Mas, para frequentar as festividades sem medo, antes \u00e9 essencial saber quais s\u00e3o os dias considerados feriado e ponto facultativo. A seguir, confira mais informa\u00e7\u00f5es nos par\u00e1grafos abaixo. O que voc\u00ea precisa saber O que \u00e9 o ponto facultativo e qual [&hellip;]<\/p>\n","protected":false},"author":1,"featured_media":108091,"comment_status":"open","ping_status":"open","sticky":false,"template":"","format":"standard","meta":{"footnotes":""},"categories":[5],"tags":[],"class_list":["post-108090","post","type-post","status-publish","format-standard","has-post-thumbnail","hentry","category-tecnologia"],"_links":{"self":[{"href":"https:\/\/wiy.com.br\/noticias\/wp-json\/wp\/v2\/posts\/108090","targetHints":{"allow":["GET"]}}],"collection":[{"href":"https:\/\/wiy.com.br\/noticias\/wp-json\/wp\/v2\/posts"}],"about":[{"href":"https:\/\/wiy.com.br\/noticias\/wp-json\/wp\/v2\/types\/post"}],"author":[{"embeddable":true,"href":"https:\/\/wiy.com.br\/noticias\/wp-json\/wp\/v2\/users\/1"}],"replies":[{"embeddable":true,"href":"https:\/\/wiy.com.br\/noticias\/wp-json\/wp\/v2\/comments?post=108090"}],"version-history":[{"count":1,"href":"https:\/\/wiy.com.br\/noticias\/wp-json\/wp\/v2\/posts\/108090\/revisions"}],"predecessor-version":[{"id":108092,"href":"https:\/\/wiy.com.br\/noticias\/wp-json\/wp\/v2\/posts\/108090\/revisions\/108092"}],"wp:featuredmedia":[{"embeddable":true,"href":"https:\/\/wiy.com.br\/noticias\/wp-json\/wp\/v2\/media\/108091"}],"wp:attachment":[{"href":"https:\/\/wiy.com.br\/noticias\/wp-json\/wp\/v2\/media?parent=108090"}],"wp:term":[{"taxonomy":"category","embeddable":true,"href":"https:\/\/wiy.com.br\/noticias\/wp-json\/wp\/v2\/categories?post=108090"},{"taxonomy":"post_tag","embeddable":true,"href":"https:\/\/wiy.com.br\/noticias\/wp-json\/wp\/v2\/tags?post=108090"}],"curies":[{"name":"wp","href":"https:\/\/api.w.org\/{rel}","templated":true}]}}