{"id":108007,"date":"2026-02-01T21:59:14","date_gmt":"2026-02-02T00:59:14","guid":{"rendered":"https:\/\/wiy.com.br\/noticias\/como-fica-a-conta-de-luz-em-fevereiro-aneel-divulga-bandeira-deste-mes\/"},"modified":"2026-02-01T21:59:35","modified_gmt":"2026-02-02T00:59:35","slug":"como-fica-a-conta-de-luz-em-fevereiro-aneel-divulga-bandeira-deste-mes","status":"publish","type":"post","link":"https:\/\/wiy.com.br\/noticias\/como-fica-a-conta-de-luz-em-fevereiro-aneel-divulga-bandeira-deste-mes\/","title":{"rendered":"Como fica a conta de luz em fevereiro? Aneel divulga bandeira deste m\u00eas"},"content":{"rendered":"<p> <br \/>\n<\/p>\n<p>A Ag\u00eancia Nacional de Energia El\u00e9trica (Aneel) divulgou que a bandeira tarif\u00e1ria de fevereiro permanecer\u00e1 <strong>verde<\/strong>. Essa \u00e9 a faixa mais barata, <strong>sem cobran\u00e7a adicional na conta de luz <\/strong>durante o m\u00eas.<\/p>\n<p>Segundo a ag\u00eancia, a decis\u00e3o foi poss\u00edvel ap\u00f3s uma <strong>melhora nas condi\u00e7\u00f5es de gera\u00e7\u00e3o de energia <\/strong>ao longo da segunda quinzena de janeiro. O volume de chuvas acima do registrado no in\u00edcio do m\u00eas contribuiu para a <strong>recupera\u00e7\u00e3o dos n\u00edveis dos reservat\u00f3rios das usinas hidrel\u00e9tricas<\/strong> nas regi\u00f5es Sudeste, Centro-Oeste, Nordeste e Norte do pa\u00eds. <\/p>\n<p>Com isso, <strong>n\u00e3o houve necessidade de acionar usinas termel\u00e9tricas<\/strong>, que possuem custo de produ\u00e7\u00e3o mais elevado.<\/p>\n<div class=\"wp-block-image\">\n<figure class=\"aligncenter size-large\"><figcaption class=\"wp-element-caption\">Bandeira verde \u00e9 a mais barata, sem cobran\u00e7a adicional (Reprodu\u00e7\u00e3o: @Renata Photography\/Shutterstock)<\/figcaption><\/figure>\n<\/div>\n<h2 class=\"wp-block-heading\" id=\"h-conta-de-luz-ao-longo-do-ano\">Conta de luz ao longo do ano<\/h2>\n<p>O sistema de bandeiras tarif\u00e1rias foi criado pela Aneel em 2015. O objetivo \u00e9\u00a0<strong>refletir os custos vari\u00e1veis da gera\u00e7\u00e3o de energia el\u00e9trica no pa\u00eds<\/strong>\u00a0para o consumidor final. S\u00e3o tr\u00eas: verde, amarela e vermelha.<\/p>\n<p>Todos os meses, o Operador Nacional do Sistema El\u00e9trico (ONS) avalia as condi\u00e7\u00f5es de gera\u00e7\u00e3o e define a estrat\u00e9gia mais adequada para atender \u00e0 demanda, considerando fatores como n\u00edvel dos reservat\u00f3rios e necessidade de acionamento de usinas mais caras. A partir dessa an\u00e1lise, \u00e9 feita uma estimativa de custos, que orienta a defini\u00e7\u00e3o da cor da bandeira. Na pr\u00e1tica, elas indicam quanto est\u00e1 custando produzir a energia consumida no Brasil.<\/p>\n<p>A bandeira verde \u00e9 a mais barata, sem acr\u00e9scimo na conta de luz. A bandeira amarela indica condi\u00e7\u00f5es menos favor\u00e1veis de gera\u00e7\u00e3o e imp\u00f5em cobran\u00e7a adicional de R$ 1,88 a cada 100 quilowatts-hora (kWh) consumidos. Na bandeira vermelha, o impacto \u00e9 maior: no Patamar 1, o acr\u00e9scimo \u00e9 de R$ 4,46 por 100 kWh; no Patamar 2, a taxa extra sobe para R$ 7,87 a cada 100 kWh.<\/p>\n<p>A Aneel informa mensalmente qual a bandeira vigente no m\u00eas seguinte. Mesmo com a bandeira verde em fevereiro, a ag\u00eancia destacou a import\u00e2ncia do consumo consciente de energia.<\/p>\n<p>O post Como fica a conta de luz em fevereiro? Aneel divulga bandeira deste m\u00eas apareceu primeiro em Olhar Digital.<\/p>\n<p><br \/>\n<br \/><a href=\"https:\/\/olhardigital.com.br\/2026\/02\/01\/ciencia-e-espaco\/como-fica-a-conta-de-luz-em-fevereiro-aneel-divulga-bandeira-deste-mes\/\">Fonte do Artigo <\/a><br \/>\nTags:<\/p>\n<p><a title=\"Gestor de Tr\u00e1fego\" href=\"https:\/\/www.gestor-de-trafego.com\/\" target=\"_blank\"><strong>Gestor de Tr\u00e1fego<\/strong><\/a><\/p>\n<p><a href=\"https:\/\/wiy.com.br\/noticias\/categoria\/tecnologia\/\">#tecnologia<\/a> <a href=\"https:\/\/wiy.com.br\/noticias\/categoria\/tecnologia\/\">#tecnologias<\/a> <a href=\"https:\/\/wiy.com.br\/noticias\/categoria\/tecnologia\/\">#technology<\/a> <a href=\"https:\/\/wiy.com.br\/noticias\/categoria\/tecnologia\/\">#tecnolog<\/a> <a href=\"https:\/\/wiy.com.br\/noticias\/categoria\/tecnologia\/\">#iphone<\/a> <a href=\"https:\/\/wiy.com.br\/noticias\/categoria\/tecnologia\/\">#informatica<\/a> <a href=\"https:\/\/wiy.com.br\/noticias\/categoria\/tecnologia\/\">#tech<\/a> <a href=\"https:\/\/wiy.com.br\/noticias\/categoria\/tecnologia\/\">#design<\/a> <a href=\"https:\/\/wiy.com.br\/noticias\/categoria\/tecnologia\/\">#samsung<\/a> <a href=\"https:\/\/wiy.com.br\/noticias\/categoria\/tecnologia\/\">#internet<\/a> <a href=\"https:\/\/wiy.com.br\/noticias\/categoria\/tecnologia\/\">#apple<\/a> <a href=\"https:\/\/wiy.com.br\/noticias\/categoria\/tecnologia\/\">#smartphone<\/a> <a href=\"https:\/\/wiy.com.br\/noticias\/categoria\/tecnologia\/\">#seguranca<\/a> <a href=\"https:\/\/wiy.com.br\/noticias\/categoria\/tecnologia\/\">#venezuela<\/a> <a href=\"https:\/\/wiy.com.br\/noticias\/categoria\/tecnologia\/\">#celular<\/a> <a href=\"https:\/\/wiy.com.br\/noticias\/categoria\/tecnologia\/\">#celulares<\/a> <a href=\"https:\/\/wiy.com.br\/noticias\/categoria\/tecnologia\/\">#inovar<\/a> <a href=\"https:\/\/wiy.com.br\/noticias\/categoria\/tecnologia\/\">#qualidade<\/a> <a href=\"https:\/\/wiy.com.br\/noticias\/categoria\/tecnologia\/\">#software<\/a> <a href=\"https:\/\/wiy.com.br\/noticias\/categoria\/tecnologia\/\">#empresas<\/a> <a href=\"https:\/\/wiy.com.br\/noticias\/categoria\/tecnologia\/\">#cursos<\/a> <a href=\"https:\/\/wiy.com.br\/noticias\/categoria\/tecnologia\/\">#engenharia<\/a> <a href=\"https:\/\/wiy.com.br\/noticias\/categoria\/tecnologia\/\">#industria<\/a> <a href=\"https:\/\/wiy.com.br\/noticias\/categoria\/tecnologia\/\">#marketing<\/a> <a href=\"https:\/\/wiy.com.br\/noticias\/categoria\/tecnologia\/\">#ti<\/a> <a href=\"https:\/\/wiy.com.br\/noticias\/categoria\/tecnologia\/\">#tecnoblog<\/a> <a href=\"https:\/\/wiy.com.br\/noticias\/categoria\/tecnologia\/\">#veja<\/a> <a href=\"https:\/\/wiy.com.br\/noticias\/categoria\/tecnologia\/\">#olhardigital<\/a> <a href=\"https:\/\/wiy.com.br\/noticias\/categoria\/tecnologia\/\">#mundodigital<\/a> <a href=\"https:\/\/wiy.com.br\/noticias\/categoria\/tecnologia\/\">#inteligenciaartificial<\/a> <a href=\"https:\/\/wiy.com.br\/criacao-de-sites\/\">#criar site<\/a> <a href=\"https:\/\/wiy.com.br\/criacao-de-sites\/\">#criar site curitiba<\/a> <a href=\"https:\/\/wiy.com.br\/criacao-de-sites\/\">#wiysolutions<\/a><\/p>\n<p><a \n#Como #fica #conta #luz #fevereiro #Aneel #divulga #bandeira #deste #m\u00eas\n<\/p>\n","protected":false},"excerpt":{"rendered":"<p>A Ag\u00eancia Nacional de Energia El\u00e9trica (Aneel) divulgou que a bandeira tarif\u00e1ria de fevereiro permanecer\u00e1 verde. Essa \u00e9 a faixa mais barata, sem cobran\u00e7a adicional na conta de luz durante o m\u00eas. Segundo a ag\u00eancia, a decis\u00e3o foi poss\u00edvel ap\u00f3s uma melhora nas condi\u00e7\u00f5es de gera\u00e7\u00e3o de energia ao longo da segunda quinzena de janeiro. [&hellip;]<\/p>\n","protected":false},"author":1,"featured_media":108008,"comment_status":"open","ping_status":"open","sticky":false,"template":"","format":"standard","meta":{"footnotes":""},"categories":[5],"tags":[],"class_list":["post-108007","post","type-post","status-publish","format-standard","has-post-thumbnail","hentry","category-tecnologia"],"_links":{"self":[{"href":"https:\/\/wiy.com.br\/noticias\/wp-json\/wp\/v2\/posts\/108007","targetHints":{"allow":["GET"]}}],"collection":[{"href":"https:\/\/wiy.com.br\/noticias\/wp-json\/wp\/v2\/posts"}],"about":[{"href":"https:\/\/wiy.com.br\/noticias\/wp-json\/wp\/v2\/types\/post"}],"author":[{"embeddable":true,"href":"https:\/\/wiy.com.br\/noticias\/wp-json\/wp\/v2\/users\/1"}],"replies":[{"embeddable":true,"href":"https:\/\/wiy.com.br\/noticias\/wp-json\/wp\/v2\/comments?post=108007"}],"version-history":[{"count":1,"href":"https:\/\/wiy.com.br\/noticias\/wp-json\/wp\/v2\/posts\/108007\/revisions"}],"predecessor-version":[{"id":108009,"href":"https:\/\/wiy.com.br\/noticias\/wp-json\/wp\/v2\/posts\/108007\/revisions\/108009"}],"wp:featuredmedia":[{"embeddable":true,"href":"https:\/\/wiy.com.br\/noticias\/wp-json\/wp\/v2\/media\/108008"}],"wp:attachment":[{"href":"https:\/\/wiy.com.br\/noticias\/wp-json\/wp\/v2\/media?parent=108007"}],"wp:term":[{"taxonomy":"category","embeddable":true,"href":"https:\/\/wiy.com.br\/noticias\/wp-json\/wp\/v2\/categories?post=108007"},{"taxonomy":"post_tag","embeddable":true,"href":"https:\/\/wiy.com.br\/noticias\/wp-json\/wp\/v2\/tags?post=108007"}],"curies":[{"name":"wp","href":"https:\/\/api.w.org\/{rel}","templated":true}]}}