{"id":107690,"date":"2026-01-27T19:39:08","date_gmt":"2026-01-27T22:39:08","guid":{"rendered":"https:\/\/wiy.com.br\/noticias\/sao-paulo-registra-a-queda-de-mais-de-mil-raios-nesta-terca-27\/"},"modified":"2026-01-27T19:39:08","modified_gmt":"2026-01-27T22:39:08","slug":"sao-paulo-registra-a-queda-de-mais-de-mil-raios-nesta-terca-27","status":"publish","type":"post","link":"https:\/\/wiy.com.br\/noticias\/sao-paulo-registra-a-queda-de-mais-de-mil-raios-nesta-terca-27\/","title":{"rendered":"S\u00e3o Paulo registra a queda de mais de mil raios nesta ter\u00e7a (27)"},"content":{"rendered":"<p> <br \/>\n<br \/><img title = \"[Tags]\"alt = \"WhatsApp-Image-2026-01-14-at-10.13.01 S\u00e3o Paulo registra a queda de mais de mil raios nesta ter\u00e7a (27)\"decoding=\"async\" src=\"https:\/\/vejasp.abril.com.br\/wp-content\/uploads\/2026\/01\/WhatsApp-Image-2026-01-14-at-10.13.01.jpeg\" \/><\/p>\n<p>A <strong>Defesa Civil Estadual<\/strong> registrou nesta ter\u00e7a-feira (27) a queda de aproximadamente 1.181 <strong>raios<\/strong> no solo do munic\u00edpio de S\u00e3o Paulo. Nesta tarde, a cidade esteve sob alerta severo de chuva forte, especialmente nas regi\u00f5es central, Sul e Oeste.<\/p>\n<p>Al\u00e9m de queda de raios, houve rajadas de vento e granizo em \u00e1reas da capital. Essas <strong>condi\u00e7\u00f5es clim\u00e1ticas<\/strong> devem seguir nos pr\u00f3ximos dias.<\/p>\n<div class=\"noreadme-audima ads video-ads\">\n<div class=\"abrAD\" data-format=\"intext_video\"><\/div>\n<\/div>\n<p>Na quarta-feira (28), o dia come\u00e7a\u00a0 com sol entre nuvens e temperaturas em eleva\u00e7\u00e3o. A m\u00ednima fica em torno de 18\u00b0C e a m\u00e1xima chega aos 30\u00b0C, enquanto os \u00edndices m\u00ednimos de umidade atingem valores pr\u00f3ximos aos 50%.<\/p>\n<p>A quinta-feira (29) continua com sol entre nuvens. As temperaturas oscilam entre 19\u00b0C e 29\u00b0C, com \u00edndices de umidade atingindo valores pr\u00f3ximos aos 55%.<\/p>\n<p>Nos dois dias, <span>\u00a0o calor e a chegada da brisa mar\u00edtima favorecem a ocorr\u00eancia de chuvas na forma de pancadas, principalmente entre o final da tarde e o in\u00edcio da noite.<\/span><\/p>\n<div class=\"ads post-ads noreadme-audima\">\n    <span class=\"title\">Continua ap\u00f3s a publicidade<\/span><\/p>\n<div class=\"abrAD\" data-format=\"intext\"><\/div>\n<\/div>\n<div class=\"barra-compartilhamento\">\n<div class=\"box-app-phone-share noreadme-audima\">\n<div class=\"title-phone-share\">Compartilhe essa mat\u00e9ria via:<\/div>\n<div class=\"buttoms-phone-share\">\n\t\t<a class=\"whatsapp\" id=\"whatsappShare\" rel=\"nofollow\" aria-label=\"Compartilhe no Whatsapp\" target=\"_blank\" href=\"https:\/\/api.whatsapp.com\/send?text=https:\/\/vejasp.abril.com.br\/cidades\/sao-paulo-registra-a-queda-de-mais-de-mil-raios-nesta-terca-27\/?utm_medium=whatsapp&amp;utm_source=shortcode_vejinhas\"><span>WhatsAPP<\/span><\/a><br \/>\n\t\t<a class=\"telegram\" id=\"telegramShare\" rel=\"nofollow\" aria-label=\"Compartilhe no Telegram\" target=\"_blank\" href=\"https:\/\/telegram.me\/share\/url?url=https:\/\/vejasp.abril.com.br\/cidades\/sao-paulo-registra-a-queda-de-mais-de-mil-raios-nesta-terca-27\/?utm_medium=telegram&amp;utm_source=shortcode_vejinhas\"><span>Telegram<\/span><\/a>\n\t\t<\/div>\n<\/p><\/div>\n<\/div>\n<p>&nbsp;<\/p>\n<div class=\"ads after-text noreadme-audima\">\n    <span class=\"title\">Publicidade<\/span><\/p>\n<div class=\"abrAD\" data-format=\"aftertext\" data-mapping=\"intext\"><\/div>\n<\/div>\n<p><br \/>\n<br \/><a href=\"https:\/\/vejasp.abril.com.br\/cidades\/sao-paulo-registra-a-queda-de-mais-de-mil-raios-nesta-terca-27\/\">Fonte do Artigo <\/a><br \/>\nTags:<br \/>\n#loterias #loteriascaixa #megasena #resultadoapostas#noticias #noticiario  #noticia #brasil #noticiascolombia #mundo #esporte #colombia #noticiadeld #ltimasnoticias  #noticiario #noticiasregionales #noticiasdepartamentales #noticiashoy #esportes #noticiaahora #elinformantenoticias #noticiasdeboyac  #esporteinterativo #esportivo #diariodosesportes  #noticiero  #jogodefutebol #jogos #loto #apostas<\/p>\n","protected":false},"excerpt":{"rendered":"<p>A Defesa Civil Estadual registrou nesta ter\u00e7a-feira (27) a queda de aproximadamente 1.181 raios no solo do munic\u00edpio de S\u00e3o Paulo. Nesta tarde, a cidade esteve sob alerta severo de chuva forte, especialmente nas regi\u00f5es central, Sul e Oeste. Al\u00e9m de queda de raios, houve rajadas de vento e granizo em \u00e1reas da capital. Essas [&hellip;]<\/p>\n","protected":false},"author":1,"featured_media":107691,"comment_status":"open","ping_status":"open","sticky":false,"template":"","format":"standard","meta":{"footnotes":""},"categories":[1],"tags":[],"class_list":["post-107690","post","type-post","status-publish","format-standard","has-post-thumbnail","hentry","category-curso-de-copy"],"_links":{"self":[{"href":"https:\/\/wiy.com.br\/noticias\/wp-json\/wp\/v2\/posts\/107690","targetHints":{"allow":["GET"]}}],"collection":[{"href":"https:\/\/wiy.com.br\/noticias\/wp-json\/wp\/v2\/posts"}],"about":[{"href":"https:\/\/wiy.com.br\/noticias\/wp-json\/wp\/v2\/types\/post"}],"author":[{"embeddable":true,"href":"https:\/\/wiy.com.br\/noticias\/wp-json\/wp\/v2\/users\/1"}],"replies":[{"embeddable":true,"href":"https:\/\/wiy.com.br\/noticias\/wp-json\/wp\/v2\/comments?post=107690"}],"version-history":[{"count":0,"href":"https:\/\/wiy.com.br\/noticias\/wp-json\/wp\/v2\/posts\/107690\/revisions"}],"wp:featuredmedia":[{"embeddable":true,"href":"https:\/\/wiy.com.br\/noticias\/wp-json\/wp\/v2\/media\/107691"}],"wp:attachment":[{"href":"https:\/\/wiy.com.br\/noticias\/wp-json\/wp\/v2\/media?parent=107690"}],"wp:term":[{"taxonomy":"category","embeddable":true,"href":"https:\/\/wiy.com.br\/noticias\/wp-json\/wp\/v2\/categories?post=107690"},{"taxonomy":"post_tag","embeddable":true,"href":"https:\/\/wiy.com.br\/noticias\/wp-json\/wp\/v2\/tags?post=107690"}],"curies":[{"name":"wp","href":"https:\/\/api.w.org\/{rel}","templated":true}]}}