{"id":10763,"date":"2023-02-26T15:44:31","date_gmt":"2023-02-26T18:44:31","guid":{"rendered":"https:\/\/wiy.com.br\/noticias\/livraria-saraiva-fecha-mais-tres-lojas\/"},"modified":"2019-03-16T08:35:45","modified_gmt":"2019-03-16T11:35:45","slug":"livraria-saraiva-fecha-mais-tres-lojas","status":"publish","type":"post","link":"https:\/\/wiy.com.br\/noticias\/livraria-saraiva-fecha-mais-tres-lojas\/","title":{"rendered":"Livraria Saraiva fecha mais tr\u00eas lojas"},"content":{"rendered":"<p> <br \/>\n<\/p>\n<p>A<strong> Livraria Saraiva<\/strong> fechou duas lojas na sexta-feira, 15: a de Copacabana, no Rio, e a da Rua S\u00e3o Bento, em S\u00e3o Paulo. As m\u00e1s not\u00edcias n\u00e3o param por a\u00ed. A livraria Saraiva do Shopping Higien\u00f3polis tamb\u00e9m vai fechar &#8212; ela s\u00f3 funciona at\u00e9 o fim de mar\u00e7o.<\/p>\n<p>N\u00e3o \u00e9 um momento f\u00e1cil para a empresa, que tentou passar o ponto da loja de Copacabana por R$ 400 mil no ano passado &#8212; o aluguel<\/p>\n<p>do espa\u00e7o custava R$ 140 mil, segundo informa\u00e7\u00f5es divulgadas na \u00e9poca.Poucos dias antes, em outubro, mercado e clientes foram surpreendidos com a not\u00edcia de que a Saraiva estava fechando 20 lojas. Um m\u00eas depois, seguindo os passos da Livraria Cultura, tamb\u00e9m em crise, ela entrou com pedido de recupera\u00e7\u00e3o judicial<\/p>\n<p>.Em janeiro, a rede registrou preju\u00edzo de R$ 10,6 milh\u00f5es, com a queda de 64% das receitas l\u00edquidas da empresa &#8212; que ela credita principalmente \u00e0 descontinuidade, em outubro, da categoria eletr\u00f4nicos e inform\u00e1tica. No mesmo per\u00edodo de 2018, houve lucro de R$ 5 milh\u00f5es<\/p>\n<p>.Em comunicado, a Saraiva disse que &#8220;est\u00e1 em constante avalia\u00e7\u00e3o da opera\u00e7\u00e3o de sua rede de lojas, considerando aberturas, reformas e fechamentos, como parte de seu plano de manter sua opera\u00e7\u00e3o saud\u00e1vel&#8221;.<\/p>\n<p>A empresa confirmou o fechamento dessas tr\u00eas lojas. Nos bastidores, falava-se tamb\u00e9m do fechamento de outras tr\u00eas ou quatro livrarias, mas a Saraiva disse que a informa\u00e7\u00e3o n\u00e3o procede.<\/p>\n<p><br \/>\n<br \/><a href=\"https:\/\/vejasp.abril.com.br\/cidades\/livraria-saraiva-fecha-mais-tres-lojas\/\">Source link <\/a><\/p>\n","protected":false},"excerpt":{"rendered":"<p>A Livraria Saraiva fechou duas lojas na sexta-feira, 15: a de Copacabana, no Rio, e a da Rua S\u00e3o Bento, em S\u00e3o Paulo. As m\u00e1s not\u00edcias n\u00e3o param por a\u00ed. A livraria Saraiva do Shopping Higien\u00f3polis tamb\u00e9m vai fechar &#8212; ela s\u00f3 funciona at\u00e9 o fim de mar\u00e7o. N\u00e3o \u00e9 um momento f\u00e1cil para a [&hellip;]<\/p>\n","protected":false},"author":1,"featured_media":10764,"comment_status":"open","ping_status":"open","sticky":false,"template":"","format":"standard","meta":{"footnotes":""},"categories":[7],"tags":[],"class_list":["post-10763","post","type-post","status-publish","format-standard","has-post-thumbnail","hentry","category-economia"],"_links":{"self":[{"href":"https:\/\/wiy.com.br\/noticias\/wp-json\/wp\/v2\/posts\/10763","targetHints":{"allow":["GET"]}}],"collection":[{"href":"https:\/\/wiy.com.br\/noticias\/wp-json\/wp\/v2\/posts"}],"about":[{"href":"https:\/\/wiy.com.br\/noticias\/wp-json\/wp\/v2\/types\/post"}],"author":[{"embeddable":true,"href":"https:\/\/wiy.com.br\/noticias\/wp-json\/wp\/v2\/users\/1"}],"replies":[{"embeddable":true,"href":"https:\/\/wiy.com.br\/noticias\/wp-json\/wp\/v2\/comments?post=10763"}],"version-history":[{"count":0,"href":"https:\/\/wiy.com.br\/noticias\/wp-json\/wp\/v2\/posts\/10763\/revisions"}],"wp:featuredmedia":[{"embeddable":true,"href":"https:\/\/wiy.com.br\/noticias\/wp-json\/wp\/v2\/media\/10764"}],"wp:attachment":[{"href":"https:\/\/wiy.com.br\/noticias\/wp-json\/wp\/v2\/media?parent=10763"}],"wp:term":[{"taxonomy":"category","embeddable":true,"href":"https:\/\/wiy.com.br\/noticias\/wp-json\/wp\/v2\/categories?post=10763"},{"taxonomy":"post_tag","embeddable":true,"href":"https:\/\/wiy.com.br\/noticias\/wp-json\/wp\/v2\/tags?post=10763"}],"curies":[{"name":"wp","href":"https:\/\/api.w.org\/{rel}","templated":true}]}}