{"id":107400,"date":"2026-01-23T14:51:42","date_gmt":"2026-01-23T17:51:42","guid":{"rendered":"https:\/\/wiy.com.br\/noticias\/exposicao-no-metro-celebra-as-padarias-paulistanas\/"},"modified":"2026-01-23T14:51:42","modified_gmt":"2026-01-23T17:51:42","slug":"exposicao-no-metro-celebra-as-padarias-paulistanas","status":"publish","type":"post","link":"https:\/\/wiy.com.br\/noticias\/exposicao-no-metro-celebra-as-padarias-paulistanas\/","title":{"rendered":"Exposi\u00e7\u00e3o no Metr\u00f4 celebra as padarias paulistanas"},"content":{"rendered":"<p> <br \/>\n<\/p>\n<p data-path-to-node=\"2\">Comemorando o anivers\u00e1rio de 472 anos de <a href=\"https:\/\/vejasp.abril.com.br\/cultura-lazer\/aniversario-de-sp-livro-predios-de-sao-paulo-ganha-nova-edicao-com-edificios-ineditos\/\" target=\"_blank\" rel=\"noopener\">S\u00e3o Paulo<\/a> e umas das institui\u00e7\u00f5es mais paulistanas, as padocas, a exposi\u00e7\u00e3o <b data-path-to-node=\"2\" data-index-in-node=\"137\">Padarias paulistanas: onde voc\u00ea se sente em casa<\/b> chega ao <strong>Metr\u00f4<\/strong> neste domingo (25).<\/p>\n<p data-path-to-node=\"3\">A mostra, organizada pela <strong>Funda\u00e7\u00e3o Bunge<\/strong>, explora como esses espa\u00e7os se tornaram polos de conv\u00edvio social e resist\u00eancia cultural. Um dado do dossi\u00ea que originou a exposi\u00e7\u00e3o revela a longevidade do setor: quase um ter\u00e7o das padarias estudadas tem mais de 70 anos de exist\u00eancia, e 80% dos neg\u00f3cios seguem sob gest\u00e3o familiar.<\/p>\n<div class=\"noreadme-audima ads video-ads\">\n<div class=\"abrAD\" data-format=\"intext_video\"><\/div>\n<\/div>\n<figure><img title = \"[Tags]\"decoding=\"async\"alt = \"NY_0605.jpg Exposi\u00e7\u00e3o no Metr\u00f4 celebra as padarias paulistanas\" src=\"https:\/\/vejasp.abril.com.br\/wp-content\/uploads\/2026\/01\/NY_0605.jpg.jpeg\" \/><figcaption>&lt;span class=&quot;hidden&quot;&gt;&#8211;&lt;\/span&gt;<span class=\"copyright\">Divulga\u00e7\u00e3o\/Divulga\u00e7\u00e3o<\/span><\/figcaption><\/figure>\n<p data-path-to-node=\"3\">Al\u00e9m dos pain\u00e9is informativos, a exposi\u00e7\u00e3o oferece um guia interativo acess\u00edvel via QR Code. Nele, o p\u00fablico pode descobrir padarias hist\u00f3ricas localizadas pr\u00f3ximas \u00e0s esta\u00e7\u00f5es, com detalhes sobre o ano de funda\u00e7\u00e3o, pratos ic\u00f4nicos e depoimentos dos propriet\u00e1rios.<\/p>\n<p data-path-to-node=\"11\">A mostra \u00e9 itinerante e pode ser visitada gratuitamente por quem circula pelas esta\u00e7\u00f5es Rep\u00fablica, entre os dias 25 de janeiro e 24 de fevereiro, e, em seguida, na Para\u00edso, at\u00e9 o dia 24 de mar\u00e7o.<\/p>\n<div class=\"ads post-ads noreadme-audima\">\n    <span class=\"title\">Continua ap\u00f3s a publicidade<\/span><\/p>\n<div class=\"abrAD\" data-format=\"intext\"><\/div>\n<\/div>\n<p data-path-to-node=\"11\">Al\u00e9m da exposi\u00e7\u00e3o, a Funda\u00e7\u00e3o Bunge protocolou um pedido junto ao<strong> Departamento do Patrim\u00f4nio Hist\u00f3rico<\/strong> (DPH) para que a padaria paulistana seja reconhecida oficialmente como Patrim\u00f4nio Cultural Imaterial da Cidade, que \u00e9 o munic\u00edpio com o maior n\u00famero de estabelecimentos do tipo no mundo.<\/p>\n<p data-path-to-node=\"11\"><strong>Exposi\u00e7\u00e3o Padarias paulistanas: onde voc\u00ea se sente em casa.<\/strong><em> 25\/1 at\u00e9 24\/2. Esta\u00e7\u00e3o Rep\u00fablica (linha 3-Vermelha do Metr\u00f4). Gr\u00e1tis. Esta\u00e7\u00e3o Para\u00edso (linha 3-Verde). 25\/2 at\u00e9 24\/3. Gr\u00e1tis.\u00a0Mais informa\u00e7\u00f5es: padariaspaulistanas.com.br.<\/em><\/p>\n<div class=\"box-app-phone-share noreadme-audima\">\n<div class=\"title-phone-share\">Compartilhe essa mat\u00e9ria via:<\/div>\n<div class=\"buttoms-phone-share\">\n\t\t<a class=\"whatsapp\" id=\"whatsappShare\" rel=\"nofollow\" aria-label=\"Compartilhe no Whatsapp\" target=\"_blank\" href=\"https:\/\/api.whatsapp.com\/send?text=https:\/\/vejasp.abril.com.br\/cidades\/exposicao-no-metro-celebra-as-padarias-paulistanas\/?utm_medium=whatsapp&amp;utm_source=shortcode_vejinhas\"><span>WhatsAPP<\/span><\/a><br \/>\n\t\t<a class=\"telegram\" id=\"telegramShare\" rel=\"nofollow\" aria-label=\"Compartilhe no Telegram\" target=\"_blank\" href=\"https:\/\/telegram.me\/share\/url?url=https:\/\/vejasp.abril.com.br\/cidades\/exposicao-no-metro-celebra-as-padarias-paulistanas\/?utm_medium=telegram&amp;utm_source=shortcode_vejinhas\"><span>Telegram<\/span><\/a>\n\t\t<\/div>\n<\/p><\/div>\n<div class=\"ads after-text noreadme-audima\">\n    <span class=\"title\">Publicidade<\/span><\/p>\n<div class=\"abrAD\" data-format=\"aftertext\" data-mapping=\"intext\"><\/div>\n<\/div>\n<p><br \/>\n<br \/><a href=\"https:\/\/vejasp.abril.com.br\/cidades\/exposicao-no-metro-celebra-as-padarias-paulistanas\/\">Fonte do Artigo <\/a><br \/>\nTags:<br \/>\n#loterias #loteriascaixa #megasena #resultadoapostas#noticias #noticiario  #noticia #brasil #noticiascolombia #mundo #esporte #colombia #noticiadeld #ltimasnoticias  #noticiario #noticiasregionales #noticiasdepartamentales #noticiashoy #esportes #noticiaahora #elinformantenoticias #noticiasdeboyac  #esporteinterativo #esportivo #diariodosesportes  #noticiero  #jogodefutebol #jogos #loto #apostas<\/p>\n","protected":false},"excerpt":{"rendered":"<p>Comemorando o anivers\u00e1rio de 472 anos de S\u00e3o Paulo e umas das institui\u00e7\u00f5es mais paulistanas, as padocas, a exposi\u00e7\u00e3o Padarias paulistanas: onde voc\u00ea se sente em casa chega ao Metr\u00f4 neste domingo (25). A mostra, organizada pela Funda\u00e7\u00e3o Bunge, explora como esses espa\u00e7os se tornaram polos de conv\u00edvio social e resist\u00eancia cultural. Um dado do [&hellip;]<\/p>\n","protected":false},"author":1,"featured_media":107401,"comment_status":"open","ping_status":"open","sticky":false,"template":"","format":"standard","meta":{"footnotes":""},"categories":[1],"tags":[],"class_list":["post-107400","post","type-post","status-publish","format-standard","has-post-thumbnail","hentry","category-curso-de-copy"],"_links":{"self":[{"href":"https:\/\/wiy.com.br\/noticias\/wp-json\/wp\/v2\/posts\/107400","targetHints":{"allow":["GET"]}}],"collection":[{"href":"https:\/\/wiy.com.br\/noticias\/wp-json\/wp\/v2\/posts"}],"about":[{"href":"https:\/\/wiy.com.br\/noticias\/wp-json\/wp\/v2\/types\/post"}],"author":[{"embeddable":true,"href":"https:\/\/wiy.com.br\/noticias\/wp-json\/wp\/v2\/users\/1"}],"replies":[{"embeddable":true,"href":"https:\/\/wiy.com.br\/noticias\/wp-json\/wp\/v2\/comments?post=107400"}],"version-history":[{"count":0,"href":"https:\/\/wiy.com.br\/noticias\/wp-json\/wp\/v2\/posts\/107400\/revisions"}],"wp:featuredmedia":[{"embeddable":true,"href":"https:\/\/wiy.com.br\/noticias\/wp-json\/wp\/v2\/media\/107401"}],"wp:attachment":[{"href":"https:\/\/wiy.com.br\/noticias\/wp-json\/wp\/v2\/media?parent=107400"}],"wp:term":[{"taxonomy":"category","embeddable":true,"href":"https:\/\/wiy.com.br\/noticias\/wp-json\/wp\/v2\/categories?post=107400"},{"taxonomy":"post_tag","embeddable":true,"href":"https:\/\/wiy.com.br\/noticias\/wp-json\/wp\/v2\/tags?post=107400"}],"curies":[{"name":"wp","href":"https:\/\/api.w.org\/{rel}","templated":true}]}}