{"id":107379,"date":"2026-01-23T09:45:55","date_gmt":"2026-01-23T12:45:55","guid":{"rendered":"https:\/\/wiy.com.br\/noticias\/sao-paulo-ainda-e-vanguarda\/"},"modified":"2026-01-23T09:45:55","modified_gmt":"2026-01-23T12:45:55","slug":"sao-paulo-ainda-e-vanguarda","status":"publish","type":"post","link":"https:\/\/wiy.com.br\/noticias\/sao-paulo-ainda-e-vanguarda\/","title":{"rendered":"S\u00e3o Paulo ainda \u00e9 vanguarda?"},"content":{"rendered":"<p> <br \/>\n<br \/><img title = \"[Tags]\"alt = \"sao_paulo_jpg-1 S\u00e3o Paulo ainda \u00e9 vanguarda?\"decoding=\"async\" src=\"https:\/\/vejasp.abril.com.br\/wp-content\/uploads\/2026\/01\/sao_paulo_jpg-1.jpg\" \/><\/p>\n<p>Moro em S\u00e3o Paulo h\u00e1 dez anos. Tempo suficiente para entender que a cidade n\u00e3o se explica por n\u00fameros, rankings ou discursos grandiosos. S\u00e3o Paulo se revela no comportamento, na forma como as pessoas ocupam a rua, consomem cultura, se vestem, comem e transformam excesso em linguagem.<\/p>\n<p>Nessa d\u00e9cada, vi bairros mudarem de identidade, lugares desaparecerem, outros sobreviverem porque souberam se adaptar. S\u00e3o Paulo n\u00e3o se repete. Ela testa. Experimenta modos de existir antes mesmo que eles tenham nome.<\/p>\n<div class=\"noreadme-audima ads video-ads\">\n<div class=\"abrAD\" data-format=\"intext_video\"><\/div>\n<\/div>\n<p>A cultura saiu dos espa\u00e7os \u00f3bvios e ocupou ruas, galp\u00f5es e territ\u00f3rios antes invis\u00edveis. O novo, aqui, raramente nasce pronto, ele se constr\u00f3i no percurso, no erro, no improviso.<\/p>\n<p>A gastronomia acompanhou esse movimento. Comer virou experi\u00eancia cultural. Os botecos se reinventaram: balc\u00f5es simples com est\u00e9tica apurada, comida afetiva reinterpretada, drinques autorais. O boteco virou linguagem urbana, entre o cl\u00e1ssico e o hype, entre o popular e o experimental.<\/p>\n<p>Esse cruzamento constante tornou a cidade mais h\u00edbrida, imprevis\u00edvel e m\u00faltipla. Tend\u00eancias n\u00e3o chegam como manifesto; surgem do encontro entre sotaques, refer\u00eancias, estilos de vida e desejos diferentes.<\/p>\n<p>Depois de dez anos, aprendi que S\u00e3o Paulo n\u00e3o anuncia tend\u00eancias. Ela as vive. E \u00e9 por isso que continua sendo vanguarda: porque nunca para de mudar, e n\u00e3o deixa quem vive nela permanecer o mesmo.<\/p>\n<div class=\"ads after-text noreadme-audima\">\n    <span class=\"title\">Publicidade<\/span><\/p>\n<div class=\"abrAD\" data-format=\"aftertext\" data-mapping=\"intext\"><\/div>\n<\/div>\n<p><br \/>\n<br \/><a href=\"https:\/\/vejasp.abril.com.br\/coluna\/coluna-faro-fino-frank-menezes\/sao-paulo-ainda-e-vanguarda\/\">Fonte do Artigo <\/a><br \/>\nTags:<br \/>\n#loterias #loteriascaixa #megasena #resultadoapostas#noticias #noticiario  #noticia #brasil #noticiascolombia #mundo #esporte #colombia #noticiadeld #ltimasnoticias  #noticiario #noticiasregionales #noticiasdepartamentales #noticiashoy #esportes #noticiaahora #elinformantenoticias #noticiasdeboyac  #esporteinterativo #esportivo #diariodosesportes  #noticiero  #jogodefutebol #jogos #loto #apostas<\/p>\n","protected":false},"excerpt":{"rendered":"<p>Moro em S\u00e3o Paulo h\u00e1 dez anos. Tempo suficiente para entender que a cidade n\u00e3o se explica por n\u00fameros, rankings ou discursos grandiosos. S\u00e3o Paulo se revela no comportamento, na forma como as pessoas ocupam a rua, consomem cultura, se vestem, comem e transformam excesso em linguagem. Nessa d\u00e9cada, vi bairros mudarem de identidade, lugares [&hellip;]<\/p>\n","protected":false},"author":1,"featured_media":107380,"comment_status":"open","ping_status":"open","sticky":false,"template":"","format":"standard","meta":{"footnotes":""},"categories":[1],"tags":[],"class_list":["post-107379","post","type-post","status-publish","format-standard","has-post-thumbnail","hentry","category-curso-de-copy"],"_links":{"self":[{"href":"https:\/\/wiy.com.br\/noticias\/wp-json\/wp\/v2\/posts\/107379","targetHints":{"allow":["GET"]}}],"collection":[{"href":"https:\/\/wiy.com.br\/noticias\/wp-json\/wp\/v2\/posts"}],"about":[{"href":"https:\/\/wiy.com.br\/noticias\/wp-json\/wp\/v2\/types\/post"}],"author":[{"embeddable":true,"href":"https:\/\/wiy.com.br\/noticias\/wp-json\/wp\/v2\/users\/1"}],"replies":[{"embeddable":true,"href":"https:\/\/wiy.com.br\/noticias\/wp-json\/wp\/v2\/comments?post=107379"}],"version-history":[{"count":0,"href":"https:\/\/wiy.com.br\/noticias\/wp-json\/wp\/v2\/posts\/107379\/revisions"}],"wp:featuredmedia":[{"embeddable":true,"href":"https:\/\/wiy.com.br\/noticias\/wp-json\/wp\/v2\/media\/107380"}],"wp:attachment":[{"href":"https:\/\/wiy.com.br\/noticias\/wp-json\/wp\/v2\/media?parent=107379"}],"wp:term":[{"taxonomy":"category","embeddable":true,"href":"https:\/\/wiy.com.br\/noticias\/wp-json\/wp\/v2\/categories?post=107379"},{"taxonomy":"post_tag","embeddable":true,"href":"https:\/\/wiy.com.br\/noticias\/wp-json\/wp\/v2\/tags?post=107379"}],"curies":[{"name":"wp","href":"https:\/\/api.w.org\/{rel}","templated":true}]}}