{"id":10731,"date":"2023-02-26T15:04:51","date_gmt":"2023-02-26T18:04:51","guid":{"rendered":"https:\/\/wiy.com.br\/noticias\/trump-nega-que-supremacismo-branco-seja-ameaca-importante\/"},"modified":"2019-03-16T05:09:50","modified_gmt":"2019-03-16T08:09:50","slug":"trump-nega-que-supremacismo-branco-seja-ameaca-importante","status":"publish","type":"post","link":"https:\/\/wiy.com.br\/noticias\/trump-nega-que-supremacismo-branco-seja-ameaca-importante\/","title":{"rendered":"Trump nega que supremacismo branco seja amea\u00e7a importante"},"content":{"rendered":"<p> <br \/>\n<\/p>\n<p>O presidente dos<a href=\"https:\/\/exame.abril.com.br\/noticias-sobre\/estados-unidos\"> <strong>Estados Unidos<\/strong><\/a>, <strong><a href=\"https:\/\/exame.abril.com.br\/noticias-sobre\/donald-trump\">Donald Trump<\/a>,<\/strong> declarou nesta sexta-feira que n\u00e3o acredita que o<a href=\"https:\/\/exame.abril.com.br\/mundo\/ataques-a-mesquistas-deixam-mortos-na-nova-zelandia\/\"> massacre de ao menos 49 pessoas em mesquitas na Nova Zel\u00e2ndia<\/a> mostre que o nacionalismo branco seja um problema crescente no mundo.<\/p>\n<p>&#8220;Na realidade n\u00e3o. Acredito que se trata de um pequeno grupo de pessoas&#8221;, declarou o presidente a jornalistas no Sal\u00e3o Oval da Casa Branca.<\/p>\n<p>Ataques a duas mesquitas da cidade de Christchurch deixaram ao menos 49 mortos na Nova Zel\u00e2ndia.<\/p>\n<p>O agressor, um homem armado identificado como o supremacista branco australiano Brenton Tarrant, de 28 anos, transmitiu o ataque e publicou um manifesto online.<\/p>\n<p>Tarrant publicou recentemente um longo manifesto no qual afirma que os brancos est\u00e3o sendo pressionados e deslocados por culturas estrangeiras.<\/p>\n<p>No documento, repleto de teorias de conspira\u00e7\u00e3o de inspira\u00e7\u00e3o racista, ele cita Trump como &#8220;um s\u00edmbolo da identidade branca renovada e do prop\u00f3sito comum&#8221;.<\/p>\n<p>Perguntado se havia lido o manifesto, Trump respondeu: &#8220;N\u00e3o o vi&#8221;.<\/p>\n<p>Trump telefonou para a primeira-ministra da Nova Zel\u00e2ndia, Jacinda Ardern, sobre o &#8220;horr\u00edvel&#8221; massacre de fi\u00e9is mu\u00e7ulmanos.<\/p>\n<p><br \/>\n<br \/><a href=\"https:\/\/exame.abril.com.br\/mundo\/trump-nega-que-supremacismo-branco-seja-ameaca-importante\/\">Source link <\/a><\/p>\n","protected":false},"excerpt":{"rendered":"<p>O presidente dos Estados Unidos, Donald Trump, declarou nesta sexta-feira que n\u00e3o acredita que o massacre de ao menos 49 pessoas em mesquitas na Nova Zel\u00e2ndia mostre que o nacionalismo branco seja um problema crescente no mundo. &#8220;Na realidade n\u00e3o. Acredito que se trata de um pequeno grupo de pessoas&#8221;, declarou o presidente a jornalistas [&hellip;]<\/p>\n","protected":false},"author":1,"featured_media":10732,"comment_status":"open","ping_status":"open","sticky":false,"template":"","format":"standard","meta":{"footnotes":""},"categories":[337],"tags":[],"class_list":["post-10731","post","type-post","status-publish","format-standard","has-post-thumbnail","hentry","category-noticias"],"_links":{"self":[{"href":"https:\/\/wiy.com.br\/noticias\/wp-json\/wp\/v2\/posts\/10731","targetHints":{"allow":["GET"]}}],"collection":[{"href":"https:\/\/wiy.com.br\/noticias\/wp-json\/wp\/v2\/posts"}],"about":[{"href":"https:\/\/wiy.com.br\/noticias\/wp-json\/wp\/v2\/types\/post"}],"author":[{"embeddable":true,"href":"https:\/\/wiy.com.br\/noticias\/wp-json\/wp\/v2\/users\/1"}],"replies":[{"embeddable":true,"href":"https:\/\/wiy.com.br\/noticias\/wp-json\/wp\/v2\/comments?post=10731"}],"version-history":[{"count":0,"href":"https:\/\/wiy.com.br\/noticias\/wp-json\/wp\/v2\/posts\/10731\/revisions"}],"wp:featuredmedia":[{"embeddable":true,"href":"https:\/\/wiy.com.br\/noticias\/wp-json\/wp\/v2\/media\/10732"}],"wp:attachment":[{"href":"https:\/\/wiy.com.br\/noticias\/wp-json\/wp\/v2\/media?parent=10731"}],"wp:term":[{"taxonomy":"category","embeddable":true,"href":"https:\/\/wiy.com.br\/noticias\/wp-json\/wp\/v2\/categories?post=10731"},{"taxonomy":"post_tag","embeddable":true,"href":"https:\/\/wiy.com.br\/noticias\/wp-json\/wp\/v2\/tags?post=10731"}],"curies":[{"name":"wp","href":"https:\/\/api.w.org\/{rel}","templated":true}]}}