{"id":106997,"date":"2026-01-16T18:02:52","date_gmt":"2026-01-16T21:02:52","guid":{"rendered":"https:\/\/wiy.com.br\/noticias\/calor-e-chuva-confira-a-previsao-do-tempo-para-este-fim-de-semana\/"},"modified":"2026-01-16T18:02:52","modified_gmt":"2026-01-16T21:02:52","slug":"calor-e-chuva-confira-a-previsao-do-tempo-para-este-fim-de-semana","status":"publish","type":"post","link":"https:\/\/wiy.com.br\/noticias\/calor-e-chuva-confira-a-previsao-do-tempo-para-este-fim-de-semana\/","title":{"rendered":"Calor e chuva: confira a previs\u00e3o do tempo para este fim de semana"},"content":{"rendered":"<p> <br \/>\n<br \/><img title = \"[Tags]\"alt = \"chuva_sp_4_1 Calor e chuva: confira a previs\u00e3o do tempo para este fim de semana\"decoding=\"async\" src=\"https:\/\/vejasp.abril.com.br\/wp-content\/uploads\/2024\/01\/chuva_sp_4_1.webp\" \/><\/p>\n<p>O <strong>tempo<\/strong> vai permanecer inst\u00e1vel neste final de semana com a presen\u00e7a do ar quente e \u00famido, que ocasiona \u00e1reas de instabilidade e mant\u00e9m o risco de temporais, segundo o <strong>Centro de Gerenciamento de Emerg\u00eancias Clim\u00e1ticas<\/strong> (CGE) da Prefeitura de S\u00e3o Paulo.<\/p>\n<p><span>No s\u00e1bado (17), o sol fica entre nuvens e tem a sensa\u00e7\u00e3o de tempo abafado. \u00c0 tarde, \u00e1reas de instabilidade se formam e provocam chuva que devem ganhar for\u00e7a e se generalizar. O CGE alerta para forma\u00e7\u00e3o de alagamentos e transbordamentos de pequenos rios e c\u00f3rregos. <\/span><\/p>\n<div class=\"noreadme-audima ads video-ads\">\n<div class=\"abrAD\" data-format=\"intext_video\"><\/div>\n<\/div>\n<p><span>A m\u00e1xima chega aos 28\u00baC e a m\u00ednima em torno dos 19\u00b0C.<\/span><\/p>\n<p>No domingo (18), h\u00e1 poucas aberturas de sol. Entre o meio da tarde e o in\u00edcio da noite, \u00e1reas de instabilidade se formam e provocam pancadas de chuva com forte intensidade.<\/p>\n<p>Os term\u00f4metros ficam entre 19\u00b0C e 27\u00b0C.<\/p>\n<div class=\"ads post-ads noreadme-audima\">\n    <span class=\"title\">Continua ap\u00f3s a publicidade<\/span><\/p>\n<div class=\"abrAD\" data-format=\"intext\"><\/div>\n<\/div>\n<div class=\"barra-compartilhamento\">\n<div class=\"box-app-phone-share noreadme-audima\">\n<div class=\"title-phone-share\">Compartilhe essa mat\u00e9ria via:<\/div>\n<div class=\"buttoms-phone-share\">\n\t\t<a class=\"whatsapp\" id=\"whatsappShare\" rel=\"nofollow\" aria-label=\"Compartilhe no Whatsapp\" target=\"_blank\" href=\"https:\/\/api.whatsapp.com\/send?text=https:\/\/vejasp.abril.com.br\/cidades\/calor-e-chuva-confira-a-previsao-do-tempo-para-este-fim-de-semana\/?utm_medium=whatsapp&amp;utm_source=shortcode_vejinhas\"><span>WhatsAPP<\/span><\/a><br \/>\n\t\t<a class=\"telegram\" id=\"telegramShare\" rel=\"nofollow\" aria-label=\"Compartilhe no Telegram\" target=\"_blank\" href=\"https:\/\/telegram.me\/share\/url?url=https:\/\/vejasp.abril.com.br\/cidades\/calor-e-chuva-confira-a-previsao-do-tempo-para-este-fim-de-semana\/?utm_medium=telegram&amp;utm_source=shortcode_vejinhas\"><span>Telegram<\/span><\/a>\n\t\t<\/div>\n<\/p><\/div>\n<\/div>\n<div class=\"ads after-text noreadme-audima\">\n    <span class=\"title\">Publicidade<\/span><\/p>\n<div class=\"abrAD\" data-format=\"aftertext\" data-mapping=\"intext\"><\/div>\n<\/div>\n<p><br \/>\n<br \/><a href=\"https:\/\/vejasp.abril.com.br\/cidades\/calor-e-chuva-confira-a-previsao-do-tempo-para-este-fim-de-semana\/\">Fonte do Artigo <\/a><br \/>\nTags:<br \/>\n#loterias #loteriascaixa #megasena #resultadoapostas#noticias #noticiario  #noticia #brasil #noticiascolombia #mundo #esporte #colombia #noticiadeld #ltimasnoticias  #noticiario #noticiasregionales #noticiasdepartamentales #noticiashoy #esportes #noticiaahora #elinformantenoticias #noticiasdeboyac  #esporteinterativo #esportivo #diariodosesportes  #noticiero  #jogodefutebol #jogos #loto #apostas<\/p>\n","protected":false},"excerpt":{"rendered":"<p>O tempo vai permanecer inst\u00e1vel neste final de semana com a presen\u00e7a do ar quente e \u00famido, que ocasiona \u00e1reas de instabilidade e mant\u00e9m o risco de temporais, segundo o Centro de Gerenciamento de Emerg\u00eancias Clim\u00e1ticas (CGE) da Prefeitura de S\u00e3o Paulo. No s\u00e1bado (17), o sol fica entre nuvens e tem a sensa\u00e7\u00e3o de [&hellip;]<\/p>\n","protected":false},"author":1,"featured_media":106998,"comment_status":"open","ping_status":"open","sticky":false,"template":"","format":"standard","meta":{"footnotes":""},"categories":[1],"tags":[],"class_list":["post-106997","post","type-post","status-publish","format-standard","has-post-thumbnail","hentry","category-curso-de-copy"],"_links":{"self":[{"href":"https:\/\/wiy.com.br\/noticias\/wp-json\/wp\/v2\/posts\/106997","targetHints":{"allow":["GET"]}}],"collection":[{"href":"https:\/\/wiy.com.br\/noticias\/wp-json\/wp\/v2\/posts"}],"about":[{"href":"https:\/\/wiy.com.br\/noticias\/wp-json\/wp\/v2\/types\/post"}],"author":[{"embeddable":true,"href":"https:\/\/wiy.com.br\/noticias\/wp-json\/wp\/v2\/users\/1"}],"replies":[{"embeddable":true,"href":"https:\/\/wiy.com.br\/noticias\/wp-json\/wp\/v2\/comments?post=106997"}],"version-history":[{"count":0,"href":"https:\/\/wiy.com.br\/noticias\/wp-json\/wp\/v2\/posts\/106997\/revisions"}],"wp:featuredmedia":[{"embeddable":true,"href":"https:\/\/wiy.com.br\/noticias\/wp-json\/wp\/v2\/media\/106998"}],"wp:attachment":[{"href":"https:\/\/wiy.com.br\/noticias\/wp-json\/wp\/v2\/media?parent=106997"}],"wp:term":[{"taxonomy":"category","embeddable":true,"href":"https:\/\/wiy.com.br\/noticias\/wp-json\/wp\/v2\/categories?post=106997"},{"taxonomy":"post_tag","embeddable":true,"href":"https:\/\/wiy.com.br\/noticias\/wp-json\/wp\/v2\/tags?post=106997"}],"curies":[{"name":"wp","href":"https:\/\/api.w.org\/{rel}","templated":true}]}}