{"id":106941,"date":"2026-01-15T19:40:26","date_gmt":"2026-01-15T22:40:26","guid":{"rendered":"https:\/\/wiy.com.br\/noticias\/irma-de-ricardo-nunes-e-presa-apos-ser-identificada-pelo-smart-sampa\/"},"modified":"2026-01-15T19:40:26","modified_gmt":"2026-01-15T22:40:26","slug":"irma-de-ricardo-nunes-e-presa-apos-ser-identificada-pelo-smart-sampa","status":"publish","type":"post","link":"https:\/\/wiy.com.br\/noticias\/irma-de-ricardo-nunes-e-presa-apos-ser-identificada-pelo-smart-sampa\/","title":{"rendered":"Irm\u00e3 de Ricardo Nunes \u00e9 presa ap\u00f3s ser identificada pelo Smart Sampa"},"content":{"rendered":"<p> <br \/>\n<br \/><img title = \"[Tags]\"alt = \"SnapInsta.to_490270586_9735263013234505_2645115914229343852_n-1 Irm\u00e3 de Ricardo Nunes \u00e9 presa ap\u00f3s ser identificada pelo Smart Sampa\"decoding=\"async\" src=\"https:\/\/vejasp.abril.com.br\/wp-content\/uploads\/2026\/01\/SnapInsta.to_490270586_9735263013234505_2645115914229343852_n-1.jpg\" \/><\/p>\n<p>A irm\u00e3 do prefeito <strong>Ricardo Nunes<\/strong> foi detida na tarde desta quinta (15), ap\u00f3s ser identificada por c\u00e2meras do sistema <strong>Smart Sampa<\/strong>.<\/p>\n<p><span>A advogada <strong>Janaina Reis Miron<\/strong> \u00e9 alvo de dois mandados de pris\u00e3o e \u00e9 acusada de desacato, embriaguez e les\u00e3o corporal.<\/span><\/p>\n<div class=\"noreadme-audima ads video-ads\">\n<div class=\"abrAD\" data-format=\"intext_video\"><\/div>\n<\/div>\n<p>Ela foi presa ao redor de 15h20 em uma Unidade B\u00e1sica de S\u00e1ude (UBS) no bairro Socorro, na zona sul de S\u00e3o Paulo, onde h\u00e1 o monitoramento pelas c\u00e2meras.<\/p>\n<p>Em nota enviada \u00e0 Vejinha, a prefeitura informou que &#8220;a pris\u00e3o est\u00e1 amparada em mandados judiciais, obedeceu ao rigor da lei e foi executada seguindo os crit\u00e9rios de identifica\u00e7\u00e3o do Smart Sampa&#8221;.<\/p>\n<div class=\"box-app-phone-share noreadme-audima\">\n<div class=\"title-phone-share\">Compartilhe essa mat\u00e9ria via:<\/div>\n<div class=\"buttoms-phone-share\">\n\t\t<a class=\"whatsapp\" id=\"whatsappShare\" rel=\"nofollow\" aria-label=\"Compartilhe no Whatsapp\" target=\"_blank\" href=\"https:\/\/api.whatsapp.com\/send?text=https:\/\/vejasp.abril.com.br\/cidades\/irma-de-ricardo-nunes-e-presa-apos-ser-identificada-pelo-smart-sampa\/?utm_medium=whatsapp&amp;utm_source=shortcode_vejinhas\"><span>WhatsAPP<\/span><\/a><br \/>\n\t\t<a class=\"telegram\" id=\"telegramShare\" rel=\"nofollow\" aria-label=\"Compartilhe no Telegram\" target=\"_blank\" href=\"https:\/\/telegram.me\/share\/url?url=https:\/\/vejasp.abril.com.br\/cidades\/irma-de-ricardo-nunes-e-presa-apos-ser-identificada-pelo-smart-sampa\/?utm_medium=telegram&amp;utm_source=shortcode_vejinhas\"><span>Telegram<\/span><\/a>\n\t\t<\/div>\n<\/p><\/div>\n<div class=\"ads after-text noreadme-audima\">\n    <span class=\"title\">Publicidade<\/span><\/p>\n<div class=\"abrAD\" data-format=\"aftertext\" data-mapping=\"intext\"><\/div>\n<\/div>\n<p><br \/>\n<br \/><a href=\"https:\/\/vejasp.abril.com.br\/cidades\/irma-de-ricardo-nunes-e-presa-apos-ser-identificada-pelo-smart-sampa\/\">Fonte do Artigo <\/a><br \/>\nTags:<br \/>\n#loterias #loteriascaixa #megasena #resultadoapostas#noticias #noticiario  #noticia #brasil #noticiascolombia #mundo #esporte #colombia #noticiadeld #ltimasnoticias  #noticiario #noticiasregionales #noticiasdepartamentales #noticiashoy #esportes #noticiaahora #elinformantenoticias #noticiasdeboyac  #esporteinterativo #esportivo #diariodosesportes  #noticiero  #jogodefutebol #jogos #loto #apostas<\/p>\n","protected":false},"excerpt":{"rendered":"<p>A irm\u00e3 do prefeito Ricardo Nunes foi detida na tarde desta quinta (15), ap\u00f3s ser identificada por c\u00e2meras do sistema Smart Sampa. A advogada Janaina Reis Miron \u00e9 alvo de dois mandados de pris\u00e3o e \u00e9 acusada de desacato, embriaguez e les\u00e3o corporal. Ela foi presa ao redor de 15h20 em uma Unidade B\u00e1sica de [&hellip;]<\/p>\n","protected":false},"author":1,"featured_media":106942,"comment_status":"open","ping_status":"open","sticky":false,"template":"","format":"standard","meta":{"footnotes":""},"categories":[1],"tags":[],"class_list":["post-106941","post","type-post","status-publish","format-standard","has-post-thumbnail","hentry","category-curso-de-copy"],"_links":{"self":[{"href":"https:\/\/wiy.com.br\/noticias\/wp-json\/wp\/v2\/posts\/106941","targetHints":{"allow":["GET"]}}],"collection":[{"href":"https:\/\/wiy.com.br\/noticias\/wp-json\/wp\/v2\/posts"}],"about":[{"href":"https:\/\/wiy.com.br\/noticias\/wp-json\/wp\/v2\/types\/post"}],"author":[{"embeddable":true,"href":"https:\/\/wiy.com.br\/noticias\/wp-json\/wp\/v2\/users\/1"}],"replies":[{"embeddable":true,"href":"https:\/\/wiy.com.br\/noticias\/wp-json\/wp\/v2\/comments?post=106941"}],"version-history":[{"count":0,"href":"https:\/\/wiy.com.br\/noticias\/wp-json\/wp\/v2\/posts\/106941\/revisions"}],"wp:featuredmedia":[{"embeddable":true,"href":"https:\/\/wiy.com.br\/noticias\/wp-json\/wp\/v2\/media\/106942"}],"wp:attachment":[{"href":"https:\/\/wiy.com.br\/noticias\/wp-json\/wp\/v2\/media?parent=106941"}],"wp:term":[{"taxonomy":"category","embeddable":true,"href":"https:\/\/wiy.com.br\/noticias\/wp-json\/wp\/v2\/categories?post=106941"},{"taxonomy":"post_tag","embeddable":true,"href":"https:\/\/wiy.com.br\/noticias\/wp-json\/wp\/v2\/tags?post=106941"}],"curies":[{"name":"wp","href":"https:\/\/api.w.org\/{rel}","templated":true}]}}