{"id":106733,"date":"2026-01-12T15:15:59","date_gmt":"2026-01-12T18:15:59","guid":{"rendered":"https:\/\/wiy.com.br\/noticias\/corpo-de-pm-desaparecido-e-localizado-em-embu-das-artes\/"},"modified":"2026-01-12T15:15:59","modified_gmt":"2026-01-12T18:15:59","slug":"corpo-de-pm-desaparecido-e-localizado-em-embu-das-artes","status":"publish","type":"post","link":"https:\/\/wiy.com.br\/noticias\/corpo-de-pm-desaparecido-e-localizado-em-embu-das-artes\/","title":{"rendered":"Corpo de PM desaparecido \u00e9 localizado em Embu das Artes"},"content":{"rendered":"<p> <br \/>\n<br \/><img title = \"[Tags]\"alt = \"cabo-da-pm-fabricio-gomes-de-santana-de-40-anos-desapareceu-na-zona-sul-de-sao-paulo-1768139992154_v2_360x480.png Corpo de PM desaparecido \u00e9 localizado em Embu das Artes\"decoding=\"async\" src=\"https:\/\/vejasp.abril.com.br\/wp-content\/uploads\/2026\/01\/cabo-da-pm-fabricio-gomes-de-santana-de-40-anos-desapareceu-na-zona-sul-de-sao-paulo-1768139992154_v2_360x480.png.webp\" \/><\/p>\n<p><!--StartFragment --><\/p>\n<p>A Pol\u00edcia Civil localizou um corpo no domingo (11) que foi identificado como do policial militar Fabr\u00edcio Santana, desaparecido desde o dia 7.<\/p>\n<div class=\"noreadme-audima ads video-ads\">\n<div class=\"abrAD\" data-format=\"intext_video\"><\/div>\n<\/div>\n<p>De acordo com a SSP (Secretaria de Seguran\u00e7a P\u00fablica), o corpo foi localizado em Embu-Gua\u00e7u e foi identificado por um exame de impress\u00f5es digitais.<\/p>\n<p>Um inqu\u00e9rito\u00a0policial apura os crimes de homic\u00eddio qualificado, oculta\u00e7\u00e3o de cad\u00e1ver e associa\u00e7\u00e3o criminosa. At\u00e9 o momento, quatro pessoas foram presas por envolvimento no crime e investiga\u00e7\u00f5es continuam para identificar e prender outros suspeitos.<\/p>\n<p>&#8220;A Secretaria da Seguran\u00e7a P\u00fablica lamenta a morte do agente e refor\u00e7a que as for\u00e7as policiais seguem empenhadas para esclarecer todas as circunst\u00e2ncias do caso&#8221;, comunicou a pasta em nota.<\/p>\n<div class=\"ads post-ads noreadme-audima\">\n    <span class=\"title\">Continua ap\u00f3s a publicidade<\/span><\/p>\n<div class=\"abrAD\" data-format=\"intext\"><\/div>\n<\/div>\n<p>Santana desapareceu <!--StartFragment --><span class=\"cf0\">ap\u00f3s ir a uma adega na zona sul da capital paulista. Ele teria sido denunciado a traficantes da \u00e1rea de que era um policial militar . A pol\u00edcia ainda tenta acessar as c\u00e2meras de seguran\u00e7a do estabelecimento.<\/span><!--EndFragment --><\/p>\n<p>&nbsp;<\/p>\n<p><!--EndFragment --><\/p>\n<div class=\"ads after-text noreadme-audima\">\n    <span class=\"title\">Publicidade<\/span><\/p>\n<div class=\"abrAD\" data-format=\"aftertext\" data-mapping=\"intext\"><\/div>\n<\/div>\n<p><br \/>\n<br \/><a href=\"https:\/\/vejasp.abril.com.br\/cidades\/corpo-de-pm-desaparecido-e-localizado-em-embu-das-artes\/\">Fonte do Artigo <\/a><br \/>\nTags:<br \/>\n#loterias #loteriascaixa #megasena #resultadoapostas#noticias #noticiario  #noticia #brasil #noticiascolombia #mundo #esporte #colombia #noticiadeld #ltimasnoticias  #noticiario #noticiasregionales #noticiasdepartamentales #noticiashoy #esportes #noticiaahora #elinformantenoticias #noticiasdeboyac  #esporteinterativo #esportivo #diariodosesportes  #noticiero  #jogodefutebol #jogos #loto #apostas<\/p>\n","protected":false},"excerpt":{"rendered":"<p>A Pol\u00edcia Civil localizou um corpo no domingo (11) que foi identificado como do policial militar Fabr\u00edcio Santana, desaparecido desde o dia 7. De acordo com a SSP (Secretaria de Seguran\u00e7a P\u00fablica), o corpo foi localizado em Embu-Gua\u00e7u e foi identificado por um exame de impress\u00f5es digitais. Um inqu\u00e9rito\u00a0policial apura os crimes de homic\u00eddio qualificado, [&hellip;]<\/p>\n","protected":false},"author":1,"featured_media":106734,"comment_status":"open","ping_status":"open","sticky":false,"template":"","format":"standard","meta":{"footnotes":""},"categories":[1],"tags":[],"class_list":["post-106733","post","type-post","status-publish","format-standard","has-post-thumbnail","hentry","category-curso-de-copy"],"_links":{"self":[{"href":"https:\/\/wiy.com.br\/noticias\/wp-json\/wp\/v2\/posts\/106733","targetHints":{"allow":["GET"]}}],"collection":[{"href":"https:\/\/wiy.com.br\/noticias\/wp-json\/wp\/v2\/posts"}],"about":[{"href":"https:\/\/wiy.com.br\/noticias\/wp-json\/wp\/v2\/types\/post"}],"author":[{"embeddable":true,"href":"https:\/\/wiy.com.br\/noticias\/wp-json\/wp\/v2\/users\/1"}],"replies":[{"embeddable":true,"href":"https:\/\/wiy.com.br\/noticias\/wp-json\/wp\/v2\/comments?post=106733"}],"version-history":[{"count":0,"href":"https:\/\/wiy.com.br\/noticias\/wp-json\/wp\/v2\/posts\/106733\/revisions"}],"wp:featuredmedia":[{"embeddable":true,"href":"https:\/\/wiy.com.br\/noticias\/wp-json\/wp\/v2\/media\/106734"}],"wp:attachment":[{"href":"https:\/\/wiy.com.br\/noticias\/wp-json\/wp\/v2\/media?parent=106733"}],"wp:term":[{"taxonomy":"category","embeddable":true,"href":"https:\/\/wiy.com.br\/noticias\/wp-json\/wp\/v2\/categories?post=106733"},{"taxonomy":"post_tag","embeddable":true,"href":"https:\/\/wiy.com.br\/noticias\/wp-json\/wp\/v2\/tags?post=106733"}],"curies":[{"name":"wp","href":"https:\/\/api.w.org\/{rel}","templated":true}]}}