{"id":106625,"date":"2026-01-10T12:25:25","date_gmt":"2026-01-10T15:25:25","guid":{"rendered":"https:\/\/wiy.com.br\/noticias\/defesa-civil-alerta-para-chuvas-fortes-ventos-e-granizo-em-sp\/"},"modified":"2026-01-10T12:25:25","modified_gmt":"2026-01-10T15:25:25","slug":"defesa-civil-alerta-para-chuvas-fortes-ventos-e-granizo-em-sp","status":"publish","type":"post","link":"https:\/\/wiy.com.br\/noticias\/defesa-civil-alerta-para-chuvas-fortes-ventos-e-granizo-em-sp\/","title":{"rendered":"Defesa Civil alerta para chuvas fortes, ventos e granizo em SP"},"content":{"rendered":"<p> <br \/>\n<br \/><img title = \"[Tags]\"alt = \"1816816454_4513e9668a_o-1 Defesa Civil alerta para chuvas fortes, ventos e granizo em SP\"decoding=\"async\" src=\"https:\/\/vejasp.abril.com.br\/wp-content\/uploads\/2022\/01\/1816816454_4513e9668a_o-1.jpg\" \/><\/p>\n<p>A <strong>Defesa Civil de S\u00e3o Paulo<\/strong> divulgou alerta para a chegada de uma frente fria na Regi\u00e3o Sul do estado, que dever\u00e1 causar chuvas fortes e isoladas neste s\u00e1bado (10) e domingo (11). Tamb\u00e9m s\u00e3o esperadas rajadas de ventos e ocorr\u00eancia de granizo.<\/p>\n<p>O <strong>Instituto Nacional de Meteorologia (Inmet)<\/strong> publicou aviso de Perigo Potencial para o estado, iniciando \u00e0s 10h40 deste s\u00e1bado, com vig\u00eancia at\u00e9 as 11h de amanh\u00e3.\u00a0S\u00e3o esperados chuva de 20 a 30 mil\u00edmetros por hora e at\u00e9 50 mm\/dia, ventos intensos,\u00a0 de 40 a 60 km\/h, e queda de granizo.<\/p>\n<div class=\"noreadme-audima ads video-ads\">\n<div class=\"abrAD\" data-format=\"intext_video\"><\/div>\n<\/div>\n<p>Segundo o Inmet, em caso de rajadas de vento, a orienta\u00e7\u00e3o \u00e9 n\u00e3o se abrigar debaixo de \u00e1rvores e n\u00e3o estacionar ve\u00edculos pr\u00f3ximos a torres de transmiss\u00e3o e placas de propaganda. \u00c9 recomendado tamb\u00e9m evitar usar aparelhos eletr\u00f4nicos ligados \u00e0 tomada.<\/p>\n<p>Caso necess\u00e1rio, a Defesa Civil pode ser acionada pelo telefone 199 e o Corpo de Bombeiros, 193.<\/p>\n<div>\n<div class=\"ads post-ads noreadme-audima\">\n    <span class=\"title\">Continua ap\u00f3s a publicidade<\/span><\/p>\n<div class=\"abrAD\" data-format=\"intext\"><\/div>\n<\/div>\n<div class=\"box-app-phone-share noreadme-audima\">\n<div class=\"title-phone-share\">Compartilhe essa mat\u00e9ria via:<\/div>\n<div class=\"buttoms-phone-share\">\n\t\t<a class=\"whatsapp\" id=\"whatsappShare\" rel=\"nofollow\" aria-label=\"Compartilhe no Whatsapp\" target=\"_blank\" href=\"https:\/\/api.whatsapp.com\/send?text=https:\/\/vejasp.abril.com.br\/cidades\/alerta-defesa-civil-chuvas-sp-2026-janeiro\/?utm_medium=whatsapp&amp;utm_source=shortcode_vejinhas\"><span>WhatsAPP<\/span><\/a><br \/>\n\t\t<a class=\"telegram\" id=\"telegramShare\" rel=\"nofollow\" aria-label=\"Compartilhe no Telegram\" target=\"_blank\" href=\"https:\/\/telegram.me\/share\/url?url=https:\/\/vejasp.abril.com.br\/cidades\/alerta-defesa-civil-chuvas-sp-2026-janeiro\/?utm_medium=telegram&amp;utm_source=shortcode_vejinhas\"><span>Telegram<\/span><\/a>\n\t\t<\/div>\n<\/p><\/div>\n<\/div>\n<div class=\"ads after-text noreadme-audima\">\n    <span class=\"title\">Publicidade<\/span><\/p>\n<div class=\"abrAD\" data-format=\"aftertext\" data-mapping=\"intext\"><\/div>\n<\/div>\n<p><br \/>\n<br \/><a href=\"https:\/\/vejasp.abril.com.br\/cidades\/alerta-defesa-civil-chuvas-sp-2026-janeiro\/\">Fonte do Artigo <\/a><br \/>\nTags:<br \/>\n#loterias #loteriascaixa #megasena #resultadoapostas#noticias #noticiario  #noticia #brasil #noticiascolombia #mundo #esporte #colombia #noticiadeld #ltimasnoticias  #noticiario #noticiasregionales #noticiasdepartamentales #noticiashoy #esportes #noticiaahora #elinformantenoticias #noticiasdeboyac  #esporteinterativo #esportivo #diariodosesportes  #noticiero  #jogodefutebol #jogos #loto #apostas<\/p>\n","protected":false},"excerpt":{"rendered":"<p>A Defesa Civil de S\u00e3o Paulo divulgou alerta para a chegada de uma frente fria na Regi\u00e3o Sul do estado, que dever\u00e1 causar chuvas fortes e isoladas neste s\u00e1bado (10) e domingo (11). Tamb\u00e9m s\u00e3o esperadas rajadas de ventos e ocorr\u00eancia de granizo. O Instituto Nacional de Meteorologia (Inmet) publicou aviso de Perigo Potencial para [&hellip;]<\/p>\n","protected":false},"author":1,"featured_media":106626,"comment_status":"open","ping_status":"open","sticky":false,"template":"","format":"standard","meta":{"footnotes":""},"categories":[1],"tags":[],"class_list":["post-106625","post","type-post","status-publish","format-standard","has-post-thumbnail","hentry","category-curso-de-copy"],"_links":{"self":[{"href":"https:\/\/wiy.com.br\/noticias\/wp-json\/wp\/v2\/posts\/106625","targetHints":{"allow":["GET"]}}],"collection":[{"href":"https:\/\/wiy.com.br\/noticias\/wp-json\/wp\/v2\/posts"}],"about":[{"href":"https:\/\/wiy.com.br\/noticias\/wp-json\/wp\/v2\/types\/post"}],"author":[{"embeddable":true,"href":"https:\/\/wiy.com.br\/noticias\/wp-json\/wp\/v2\/users\/1"}],"replies":[{"embeddable":true,"href":"https:\/\/wiy.com.br\/noticias\/wp-json\/wp\/v2\/comments?post=106625"}],"version-history":[{"count":0,"href":"https:\/\/wiy.com.br\/noticias\/wp-json\/wp\/v2\/posts\/106625\/revisions"}],"wp:featuredmedia":[{"embeddable":true,"href":"https:\/\/wiy.com.br\/noticias\/wp-json\/wp\/v2\/media\/106626"}],"wp:attachment":[{"href":"https:\/\/wiy.com.br\/noticias\/wp-json\/wp\/v2\/media?parent=106625"}],"wp:term":[{"taxonomy":"category","embeddable":true,"href":"https:\/\/wiy.com.br\/noticias\/wp-json\/wp\/v2\/categories?post=106625"},{"taxonomy":"post_tag","embeddable":true,"href":"https:\/\/wiy.com.br\/noticias\/wp-json\/wp\/v2\/tags?post=106625"}],"curies":[{"name":"wp","href":"https:\/\/api.w.org\/{rel}","templated":true}]}}