{"id":106621,"date":"2026-01-10T11:24:20","date_gmt":"2026-01-10T14:24:20","guid":{"rendered":"https:\/\/wiy.com.br\/noticias\/governo-de-sp-intensifica-vacinacao-contra-sarampo-e-febre-amarela-em-janeiro\/"},"modified":"2026-01-10T11:24:20","modified_gmt":"2026-01-10T14:24:20","slug":"governo-de-sp-intensifica-vacinacao-contra-sarampo-e-febre-amarela-em-janeiro","status":"publish","type":"post","link":"https:\/\/wiy.com.br\/noticias\/governo-de-sp-intensifica-vacinacao-contra-sarampo-e-febre-amarela-em-janeiro\/","title":{"rendered":"Governo de SP intensifica vacina\u00e7\u00e3o contra sarampo e febre amarela em janeiro"},"content":{"rendered":"<p> <br \/>\n<br \/><img title = \"[Tags]\"alt = \"Vacina-1-1024x687.png Governo de SP intensifica vacina\u00e7\u00e3o contra sarampo e febre amarela em janeiro\"decoding=\"async\" src=\"https:\/\/vejasp.abril.com.br\/wp-content\/uploads\/2025\/07\/Vacina-1-1024x687.png.webp\" \/><\/p>\n<p>O <strong>Governo de S\u00e3o Paulo<\/strong> refor\u00e7a, ao longo do m\u00eas de janeiro, a campanha de vacina\u00e7\u00e3o contra o sarampo e<span>\u00a0<\/span>febre amarela, com a\u00e7\u00f5es em diferentes pontos de grande circula\u00e7\u00e3o.<\/p>\n<p>A mobiliza\u00e7\u00e3o da <strong>Secretaria de Sa\u00fade<\/strong> ocorre de 12 a 16 de janeiro, em esta\u00e7\u00f5es de metr\u00f4 e shopping centers; de 19 a 23, junto a taxistas e profissionais do turismo; e ser\u00e1 refor\u00e7ada com o \u201cDia D\u201d de vacina\u00e7\u00e3o, em 24 de janeiro.<\/p>\n<div class=\"noreadme-audima ads video-ads\">\n<div class=\"abrAD\" data-format=\"intext_video\"><\/div>\n<\/div>\n<p>\u201cA campanha tem in\u00edcio na capital, que concentra uma alta demanda. Mas, com a proximidade do Carnaval, vamos intensificar e expandir as a\u00e7\u00f5es de vacina\u00e7\u00e3o para outros munic\u00edpios, ampliando a prote\u00e7\u00e3o da popula\u00e7\u00e3o\u201d, afirma Regiane de Paula, coordenadora em Sa\u00fade da <strong>Coordenadoria de Controle de Doen\u00e7as (CCD)<\/strong>.<\/p>\n<p>Adolescentes e adultos n\u00e3o vacinados ou com esquema incompleto contra o sarampo devem iniciar ou completar a vacina\u00e7\u00e3o. Para a febre amarela, o refor\u00e7o \u00e9 com foco em meninos e meninas de 9 a 14 anos, al\u00e9m de pessoas que vivem ou circulam por \u00e1reas com registro de transmiss\u00e3o da doen\u00e7a.<\/p>\n<p>Manter o esquema vacinal em dia \u00e9 fundamental para garantir a prote\u00e7\u00e3o individual e coletiva, especialmente de pessoas que n\u00e3o podem ser imunizadas, como indiv\u00edduos com o sistema imunol\u00f3gico comprometido ou com alergia a componentes das vacinas. A vacina\u00e7\u00e3o tamb\u00e9m \u00e9 uma das principais estrat\u00e9gias de preven\u00e7\u00e3o contra surtos e epidemias de doen\u00e7as imunopreven\u00edveis.<\/p>\n<div class=\"ads post-ads noreadme-audima\">\n    <span class=\"title\">Continua ap\u00f3s a publicidade<\/span><\/p>\n<div class=\"abrAD\" data-format=\"intext\"><\/div>\n<\/div>\n<p>Confira a<span>\u00a0<\/span><a href=\"https:\/\/prefeitura.sp.gov.br\/documents\/d\/saude\/intensificacao-sarampo-datas-e-locais-v2\" target=\"_blank\" rel=\"noopener\">lista completa das datas e locais com as a\u00e7\u00f5es de vacina\u00e7\u00e3o<\/a><span>\u00a0<\/span>a partir de segunda-feira (12).<\/p>\n<h3><strong>Quem deve se vacinar contra sarampo?<\/strong><\/h3>\n<ul>\n<li>Crian\u00e7as: a vacina\u00e7\u00e3o contra o sarampo faz parte do Calend\u00e1rio Nacional de Vacina\u00e7\u00e3o. A administra\u00e7\u00e3o da primeira dose deve ser aplicada aos 12 meses de idade (tr\u00edplice viral \u2013 sarampo, caxumba e rub\u00e9ola) e a segunda aos 15 meses (tetra viral\u2013 sarampo, caxumba, rub\u00e9ola e varicela);<\/li>\n<li>Pessoas de 5 at\u00e9 29 anos devem tomar duas doses da vacina com intervalo m\u00ednimo de 30 dias entre as doses. A pessoa que comprovar 2 doses da vacina tr\u00edplice viral ser\u00e1 considerada vacinada;<\/li>\n<li>Pessoas de 30 a 59 anos de idade devem tomar uma dose da vacina. A pessoa que comprovar 1 dose da tr\u00edplice viral ser\u00e1 considerada vacinada;<\/li>\n<li>Trabalhadores da sa\u00fade: Devem receber 2 doses de tr\u00edplice viral, a depender da situa\u00e7\u00e3o vacinal encontrada, independentemente da idade. Considerar vacinado o trabalhador da sa\u00fade que comprovar 2 doses da tr\u00edplice viral.<\/li>\n<\/ul>\n<h3><strong>Quem deve se vacinar contra febre amarela?<\/strong><\/h3>\n<ul>\n<li>Crian\u00e7as: uma dose \u00e9 recomendada aos 9 meses de idade e um refor\u00e7o aos 4 anos;<\/li>\n<li>Pessoas que receberam apenas uma dose antes dos 5 anos: devem tomar uma dose de refor\u00e7o;<\/li>\n<li>Pessoas de 5 a 59 anos que ainda n\u00e3o foram vacinadas devem receber uma dose \u00fanica.<\/li>\n<\/ul>\n<div class=\"ads post-ads noreadme-audima\">\n    <span class=\"title\">Continua ap\u00f3s a publicidade<\/span><\/p>\n<div class=\"abrAD\" data-format=\"intext\"><\/div>\n<\/div>\n<h3>Saiba como identificar os sintomas de sarampo<\/h3>\n<ul>\n<li>Exantema (manchas vermelhas) no corpo e febre alta (acima de 38,5\u00b0) acompanhada de um ou mais dos seguintes sintomas:<\/li>\n<li>Tosse seca;<\/li>\n<li>Irrita\u00e7\u00e3o nos olhos (conjuntivite);<\/li>\n<li>Nariz escorrendo ou entupido.<\/li>\n<li>Saiba como identificar os sintomas de febre amarela:<\/li>\n<li>In\u00edcio s\u00fabito de febre;<\/li>\n<li>Calafrios;<\/li>\n<li>Dor de cabe\u00e7a intensa;<\/li>\n<li>Dores musculares;<\/li>\n<li>Dores no corpo em geral;<\/li>\n<li>N\u00e1useas e v\u00f4mitos;<\/li>\n<li>Fadiga;<\/li>\n<li>Fraqueza.<\/li>\n<\/ul>\n<p>No ano passado, o estado de S\u00e3o Paulo registrou dois casos importados de sarampo. J\u00e1 em rela\u00e7\u00e3o \u00e0 febre amarela, em 2025 foram confirmados 57 casos no estado, com 34 \u00f3bitos.<\/p>\n<h3><strong>D\u00favidas sobre vacina\u00e7\u00e3o?<\/strong><\/h3>\n<p>O Governo de SP, por meio da Secretaria de Estado da Sa\u00fade, criou o portal \u201cVacina 100 D\u00favidas\u201d com as 100 perguntas mais frequentes sobre vacina\u00e7\u00e3o nos buscadores da internet. A ferramenta esclarece quest\u00f5es como efeitos colaterais, efic\u00e1cia das vacinas, doen\u00e7as imunopreven\u00edveis e quais os perigos ao n\u00e3o se imunizar. O acesso est\u00e1 dispon\u00edvel no link:<span>\u00a0<\/span><a href=\"https:\/\/www.vacina100duvidas.sp.gov.br\" rel=\"nofollow\">https:\/\/www.vacina100duvidas.sp.gov.br<\/a>.<\/p>\n<div class=\"box-app-phone-share noreadme-audima\">\n<div class=\"title-phone-share\">Compartilhe essa mat\u00e9ria via:<\/div>\n<div class=\"buttoms-phone-share\">\n\t\t<a class=\"whatsapp\" id=\"whatsappShare\" rel=\"nofollow\" aria-label=\"Compartilhe no Whatsapp\" target=\"_blank\" href=\"https:\/\/api.whatsapp.com\/send?text=https:\/\/vejasp.abril.com.br\/cidades\/governo-sp-vacinacao-sarampo-febre-amarela-2026\/?utm_medium=whatsapp&amp;utm_source=shortcode_vejinhas\"><span>WhatsAPP<\/span><\/a><br \/>\n\t\t<a class=\"telegram\" id=\"telegramShare\" rel=\"nofollow\" aria-label=\"Compartilhe no Telegram\" target=\"_blank\" href=\"https:\/\/telegram.me\/share\/url?url=https:\/\/vejasp.abril.com.br\/cidades\/governo-sp-vacinacao-sarampo-febre-amarela-2026\/?utm_medium=telegram&amp;utm_source=shortcode_vejinhas\"><span>Telegram<\/span><\/a>\n\t\t<\/div>\n<\/p><\/div>\n<div class=\"ads after-text noreadme-audima\">\n    <span class=\"title\">Publicidade<\/span><\/p>\n<div class=\"abrAD\" data-format=\"aftertext\" data-mapping=\"intext\"><\/div>\n<\/div>\n<p><br \/>\n<br \/><a href=\"https:\/\/vejasp.abril.com.br\/cidades\/governo-sp-vacinacao-sarampo-febre-amarela-2026\/\">Fonte do Artigo <\/a><br \/>\nTags:<br \/>\n#loterias #loteriascaixa #megasena #resultadoapostas#noticias #noticiario  #noticia #brasil #noticiascolombia #mundo #esporte #colombia #noticiadeld #ltimasnoticias  #noticiario #noticiasregionales #noticiasdepartamentales #noticiashoy #esportes #noticiaahora #elinformantenoticias #noticiasdeboyac  #esporteinterativo #esportivo #diariodosesportes  #noticiero  #jogodefutebol #jogos #loto #apostas<\/p>\n","protected":false},"excerpt":{"rendered":"<p>O Governo de S\u00e3o Paulo refor\u00e7a, ao longo do m\u00eas de janeiro, a campanha de vacina\u00e7\u00e3o contra o sarampo e\u00a0febre amarela, com a\u00e7\u00f5es em diferentes pontos de grande circula\u00e7\u00e3o. A mobiliza\u00e7\u00e3o da Secretaria de Sa\u00fade ocorre de 12 a 16 de janeiro, em esta\u00e7\u00f5es de metr\u00f4 e shopping centers; de 19 a 23, junto a [&hellip;]<\/p>\n","protected":false},"author":1,"featured_media":93193,"comment_status":"open","ping_status":"open","sticky":false,"template":"","format":"standard","meta":{"footnotes":""},"categories":[1],"tags":[],"class_list":["post-106621","post","type-post","status-publish","format-standard","has-post-thumbnail","hentry","category-curso-de-copy"],"_links":{"self":[{"href":"https:\/\/wiy.com.br\/noticias\/wp-json\/wp\/v2\/posts\/106621","targetHints":{"allow":["GET"]}}],"collection":[{"href":"https:\/\/wiy.com.br\/noticias\/wp-json\/wp\/v2\/posts"}],"about":[{"href":"https:\/\/wiy.com.br\/noticias\/wp-json\/wp\/v2\/types\/post"}],"author":[{"embeddable":true,"href":"https:\/\/wiy.com.br\/noticias\/wp-json\/wp\/v2\/users\/1"}],"replies":[{"embeddable":true,"href":"https:\/\/wiy.com.br\/noticias\/wp-json\/wp\/v2\/comments?post=106621"}],"version-history":[{"count":0,"href":"https:\/\/wiy.com.br\/noticias\/wp-json\/wp\/v2\/posts\/106621\/revisions"}],"wp:featuredmedia":[{"embeddable":true,"href":"https:\/\/wiy.com.br\/noticias\/wp-json\/wp\/v2\/media\/93193"}],"wp:attachment":[{"href":"https:\/\/wiy.com.br\/noticias\/wp-json\/wp\/v2\/media?parent=106621"}],"wp:term":[{"taxonomy":"category","embeddable":true,"href":"https:\/\/wiy.com.br\/noticias\/wp-json\/wp\/v2\/categories?post=106621"},{"taxonomy":"post_tag","embeddable":true,"href":"https:\/\/wiy.com.br\/noticias\/wp-json\/wp\/v2\/tags?post=106621"}],"curies":[{"name":"wp","href":"https:\/\/api.w.org\/{rel}","templated":true}]}}