{"id":10648,"date":"2023-02-26T15:19:11","date_gmt":"2023-02-26T18:19:11","guid":{"rendered":"https:\/\/wiy.com.br\/noticias\/destaque-na-base-marcos-pedro-assina-vinculo-profissional-com-o-flu\/"},"modified":"2019-03-15T20:01:26","modified_gmt":"2019-03-15T23:01:26","slug":"destaque-na-base-marcos-pedro-assina-vinculo-profissional-com-o-flu","status":"publish","type":"post","link":"https:\/\/wiy.com.br\/noticias\/destaque-na-base-marcos-pedro-assina-vinculo-profissional-com-o-flu\/","title":{"rendered":"Destaque na base, Marcos Pedro assina v\u00ednculo profissional com o Flu"},"content":{"rendered":"<p> <br \/>\n<br \/><img title = \"[Tags]\"alt = \"5c8c2e3fe1a2f Destaque na base, Marcos Pedro assina v\u00ednculo profissional com o Flu\"decoding=\"async\" src=\"http:\/\/www.lance.com.br\/\/files\/\/uploads\/2019\/03\/15\/5c8c2e3fe1a2f.jpeg\" \/><\/p>\n<div>\n<p class=\"paragraph\" id=\"pnull-m69-68-70\">Todo jovem jogador sonha em conquistar espa\u00e7o na base de um grande clube e, posteriormente, assinar contrato que garanta um futuro no time principal. Marcos Pedro, de 17 anos, j\u00e1 havia cumprido a primeira etapa com \u00eaxito no Fluminense. Agora chegou a vez de alcan\u00e7ar o segundo objetivo. Nesta sexta-feira o lateral-esquerdo assinou o primeiro v\u00ednculo profissional da carreira.<\/p>\n<p>\u2013 Sou muito grato ao Fluminense por ter aberto as portas pra mim. Estou aqui h\u00e1 um ano e tenho a certeza que fiz a escolha certa. Agrade\u00e7o a todos da dire\u00e7\u00e3o e comiss\u00e3o t\u00e9cnica que confiaram e confiam no meu potencial. Estar assinando hoje meu primeiro contrato profissional representa muita na minha vida. Passa um filme. \u00c9 seguir trabalhando para continuar realizando meus sonhos \u2013 disse a joias de Xer\u00e9m.<\/p>\n<p>O pr\u00f3ximo passo a ser dado, segundo Marcos Pedro, \u00e9 conquistar um espa\u00e7o no time de cima do Tricolor. Sem esconder a ambi\u00e7\u00e3o, o lateral j\u00e1 se imagina atuando entre os profissionais.<\/p>\n<p>\u2013 Hoje o meu grande sonho \u00e9 estar presente e participar de um jogo nos profissionais do clube. Mesmo com apenas um ano no Flu, me sinto muito identificado e tenho carinho e gratid\u00e3o por todos. Quero ajudar o Fluminense a conquistar t\u00edtulos. Espero retribuir toda a confian\u00e7a e carinho depositados pelo clube em mim.\u00a0<\/p>\n<\/div>\n<p><script>(function(d, s, id) {\n    var js, fjs = d.getElementsByTagName(s)[0];\n    if (d.getElementById(id)) return;\n    js = d.createElement(s); js.id = id;\n    js.src = 'https:\/\/connect.facebook.net\/pt_BR\/sdk.js#xfbml=1&version=v2.12&appId=1124817024230602';\n    fjs.parentNode.insertBefore(js, fjs);\n    }(document, 'script', 'facebook-jssdk'));<\/script><br \/>\n<br \/><br \/>\n<br \/><a href=\"http:\/\/www.lance.com.br\/fluminense\/destaque-base-marcos-pedro-assina-vinculo-profissional-com-flu.html\">Link do Artigo <\/a><\/p>\n","protected":false},"excerpt":{"rendered":"<p>Todo jovem jogador sonha em conquistar espa\u00e7o na base de um grande clube e, posteriormente, assinar contrato que garanta um futuro no time principal. Marcos Pedro, de 17 anos, j\u00e1 havia cumprido a primeira etapa com \u00eaxito no Fluminense. Agora chegou a vez de alcan\u00e7ar o segundo objetivo. Nesta sexta-feira o lateral-esquerdo assinou o primeiro [&hellip;]<\/p>\n","protected":false},"author":1,"featured_media":10649,"comment_status":"open","ping_status":"open","sticky":false,"template":"","format":"standard","meta":{"footnotes":""},"categories":[372],"tags":[],"class_list":["post-10648","post","type-post","status-publish","format-standard","has-post-thumbnail","hentry","category-futebol"],"_links":{"self":[{"href":"https:\/\/wiy.com.br\/noticias\/wp-json\/wp\/v2\/posts\/10648","targetHints":{"allow":["GET"]}}],"collection":[{"href":"https:\/\/wiy.com.br\/noticias\/wp-json\/wp\/v2\/posts"}],"about":[{"href":"https:\/\/wiy.com.br\/noticias\/wp-json\/wp\/v2\/types\/post"}],"author":[{"embeddable":true,"href":"https:\/\/wiy.com.br\/noticias\/wp-json\/wp\/v2\/users\/1"}],"replies":[{"embeddable":true,"href":"https:\/\/wiy.com.br\/noticias\/wp-json\/wp\/v2\/comments?post=10648"}],"version-history":[{"count":0,"href":"https:\/\/wiy.com.br\/noticias\/wp-json\/wp\/v2\/posts\/10648\/revisions"}],"wp:featuredmedia":[{"embeddable":true,"href":"https:\/\/wiy.com.br\/noticias\/wp-json\/wp\/v2\/media\/10649"}],"wp:attachment":[{"href":"https:\/\/wiy.com.br\/noticias\/wp-json\/wp\/v2\/media?parent=10648"}],"wp:term":[{"taxonomy":"category","embeddable":true,"href":"https:\/\/wiy.com.br\/noticias\/wp-json\/wp\/v2\/categories?post=10648"},{"taxonomy":"post_tag","embeddable":true,"href":"https:\/\/wiy.com.br\/noticias\/wp-json\/wp\/v2\/tags?post=10648"}],"curies":[{"name":"wp","href":"https:\/\/api.w.org\/{rel}","templated":true}]}}