{"id":106259,"date":"2026-01-05T10:20:56","date_gmt":"2026-01-05T13:20:56","guid":{"rendered":"https:\/\/wiy.com.br\/noticias\/ces-2026-samsung-revela-tv-gigante-com-ia\/"},"modified":"2026-01-05T10:21:05","modified_gmt":"2026-01-05T13:21:05","slug":"ces-2026-samsung-revela-tv-gigante-com-ia","status":"publish","type":"post","link":"https:\/\/wiy.com.br\/noticias\/ces-2026-samsung-revela-tv-gigante-com-ia\/","title":{"rendered":"CES 2026: Samsung revela TV gigante com IA"},"content":{"rendered":"<p> <br \/>\n<\/p>\n<p>A CES 2026, maior evento de tecnologia do mundo, acontece entre 6 e 9 de janeiro em Las Vegas. Mas a <strong>Samsung <\/strong>se adiantou e, j\u00e1 nesta segunda-feira (5), anuncia sua <strong>nova linha de TVs para 2026<\/strong>. Entre os destaques, est\u00e3o um tamanho gigante, de 130 polegadas, uma tecnologia Micro RGB e intelig\u00eancia artificial embutida.<\/p>\n<p>Este ano, a estrat\u00e9gia \u00e9 refor\u00e7ar a concorr\u00eancia no mercado global de televisores, seguinda a disputa pela lideran\u00e7a com a LG.<\/p>\n<div class=\"wp-block-image\">\n<figure class=\"aligncenter size-large\"><figcaption class=\"wp-element-caption\">Samsung refor\u00e7a portf\u00f3lio de televisores para 2026 (Imagem: Joana Stock\/Shutterstock)<\/figcaption><\/figure>\n<\/div>\n<h2 class=\"wp-block-heading\" id=\"h-samsung-anuncia-tv-gigantesca\">Samsung anuncia TV gigantesca<\/h2>\n<p>Um dos principais focos da nova gera\u00e7\u00e3o de televisores est\u00e1 na amplia\u00e7\u00e3o do portf\u00f3lio de telas supergrandes. Conforme reportado pela <em><a href=\"https:\/\/www.bloomberg.com\/news\/articles\/2026-01-05\/samsung-unveils-new-supersized-color-rich-tvs-with-more-ai?srnd=phx-technology\" target=\"_blank\" rel=\"noreferrer noopener\">Bloomberg<\/a><\/em>, a Samsung j\u00e1 havia afirmado, no m\u00eas passado, que esse \u00e9 o segmento que mais cresce no mercado e pode dobrar de tamanho at\u00e9 2026. <\/p>\n<p>A linha apresentada nesta segunda traz<strong> modelos de TVs entre 55 e 130 polegadas<\/strong> &#8211; neste segundo caso, \u00e9 o primeiro televisor da marca neste tamanho. <\/p>\n<p>A iniciativa n\u00e3o \u00e9 completamente nova. No ano passado, a Samsung lan\u00e7ou uma TV Micro RGB (a mesma tecnologia de agora) de 115 polegadas. No entanto, o pre\u00e7o ficou em US$ 30 mil (mais de R$ 160 mil), muito acima da m\u00e9dia do mercado. Os valores dos modelos revelados na CES 2026 ainda n\u00e3o foram divulgados, mas a <em>Bloomberg <\/em>estima que ser\u00e3o relativamente acima dos televisores OLED e QLED mais populares da marca atualmente.<\/p>\n<div class=\"wp-block-image\">\n<figure class=\"aligncenter size-large\"><img title = \"[Tags]\"loading=\"lazy\" decoding=\"async\" width=\"1024\" height=\"586\" src=\"https:\/\/olhardigital.com.br\/wp-content\/uploads\/2026\/01\/samsung-tv-1024x586.jpg\"alt = \"samsung-tv-1024x586 CES 2026: Samsung revela TV gigante com IA\" class=\"wp-image-1243592\" \/><figcaption class=\"wp-element-caption\">Modelo de 130 polegadas \u00e9 o primeiro da Samsung neste tamanho (Imagem: Samsung\/Reprodu\u00e7\u00e3o)<\/figcaption><\/figure>\n<\/div>\n<h2 class=\"wp-block-heading\" id=\"h-tecnologia-micro-rgb-e-ia-sao-destaque\">Tecnologia Micro RGB e IA s\u00e3o destaque<\/h2>\n<p>Al\u00e9m do tamanho, outro destaque \u00e9 a<strong> tecnologia Micro RGB,<\/strong> que muda o sistema de retroilumina\u00e7\u00e3o em TVs para <strong>melhorar a precis\u00e3o das cores<\/strong>.<\/p>\n<p><a href=\"https:\/\/news.samsung.com\/br\/samsung-apresenta-a-primeira-tv-micro-rgb-de-130-polegadas-do-mundo-com-cores-de-ultima-geracao-e-um-design-novo-e-ousado\" target=\"_blank\" rel=\"noreferrer noopener\">Em comunicado<\/a>, a Samsung explicou que as TVs LCDs comuns &#8220;dependem de uma retroilumina\u00e7\u00e3o branca ou azul, o que limita a pureza e o realismo das cores&#8221;. No caso do Micro RGB, a tecnologia usa uma estrutura &#8220;totalmente nova&#8221;, com luzes de fundo\u00a0individuais nas cores vermelha, verde e azul. Na pr\u00e1tica, isso melhora a reprodu\u00e7\u00e3o das cores na tela.<\/p>\n<p>N\u00e3o \u00e9 a primeira vez que a marca sul-coreana usa essa defini\u00e7\u00e3o, que classifica como &#8220;premium&#8221; e parte de &#8220;uma nova gera\u00e7\u00e3o&#8221;.<\/p>\n<p>A <strong>intelig\u00eancia artificial<\/strong> tamb\u00e9m continua sendo um dos pilares da empresa em 2026. As <strong>novas TVs ser\u00e3o compat\u00edveis com m\u00faltiplos assistentes e agentes de IA<\/strong>, incluindo o Bixby, solu\u00e7\u00f5es da Microsoft e ferramentas da Perplexity. Esses recursos permitem desde buscas conversacionais e recomenda\u00e7\u00f5es personalizadas at\u00e9 fun\u00e7\u00f5es pr\u00e1ticas, como resumo de conte\u00fados, tradu\u00e7\u00e3o ao vivo e ajustes autom\u00e1ticos de imagem e som.<\/p>\n<p>A est\u00e9tica foi outra preocupa\u00e7\u00e3o. As novas TVs s\u00e3o inspiradas em conceitos de galeria e arquitetura, com uma moldura de tela que se integra ao ambiente como se fosse um quadro.<\/p>\n<p>De acordo com a empresa, <strong>n\u00e3o h\u00e1 previs\u00e3o de lan\u00e7amento no Brasil<\/strong>.<\/p>\n<div class=\"wp-block-image\">\n<figure class=\"aligncenter size-large\"><img title = \"[Tags]\"loading=\"lazy\" decoding=\"async\" width=\"1024\" height=\"683\" src=\"https:\/\/olhardigital.com.br\/wp-content\/uploads\/2026\/01\/CES_2025_-_LVCC_01-1-1024x683.jpg\"alt = \"samsung-tv-1024x586 CES 2026: Samsung revela TV gigante com IA\" class=\"wp-image-1242777\" \/><figcaption class=\"wp-element-caption\">Televisores estar\u00e3o \u00e0 mostra na CES 2026, que acontece nesta semana (Imagem: Wikimedia commons)<\/figcaption><\/figure>\n<\/div>\n<p><strong>Leia mais:<\/strong><\/p>\n<ul>\n<li>IA em todo lugar e rob\u00f4s em casa: o que esperar da CES 2026<\/li>\n<li>CES 2026: O que esperar da maior feira de tecnologia do mundo<\/li>\n<li>LG vai mostrar na CES 2026 rob\u00f4 que dobra roupas e prepara caf\u00e9 da manh\u00e3<\/li>\n<\/ul>\n<h2 class=\"wp-block-heading\" id=\"h-samsung-esta-investindo-em-tvs-oled\">Samsung est\u00e1 investindo em TVs OLED<\/h2>\n<ul>\n<li>Paralelamente \u00e0s inova\u00e7\u00f5es em LCD, a Samsung segue investindo fortemente em OLED, segmento no qual disputa espa\u00e7o diretamente com a LG;<\/li>\n<li>O modelo topo de linha S95H OLED recebeu ajustes no design e um aumento significativo de brilho em rela\u00e7\u00e3o \u00e0 gera\u00e7\u00e3o anterior, buscando resolver uma das limita\u00e7\u00f5es hist\u00f3ricas da tecnologia em ambientes muito iluminados;<\/li>\n<li>J\u00e1 a linha S90H, posicionada abaixo, tamb\u00e9m ganhou melhorias, incluindo um incremento mais moderado no brilho.<\/li>\n<\/ul>\n<p>Os pre\u00e7os dos novos modelos ainda n\u00e3o foram divulgados.<\/p>\n<p>O post CES 2026: Samsung revela TV gigante com IA apareceu primeiro em Olhar Digital.<\/p>\n<p><br \/>\n<br \/><a href=\"https:\/\/olhardigital.com.br\/2026\/01\/05\/reviews\/ces-2026-samsung-revela-tv-gigante-com-ia\/\">Fonte do Artigo <\/a><br \/>\nTags:<\/p>\n<p><a title=\"Gestor de Tr\u00e1fego\" href=\"https:\/\/www.gestor-de-trafego.com\/\" target=\"_blank\"><strong>Gestor de Tr\u00e1fego<\/strong><\/a><\/p>\n<p><a href=\"https:\/\/wiy.com.br\/noticias\/categoria\/tecnologia\/\">#tecnologia<\/a> <a href=\"https:\/\/wiy.com.br\/noticias\/categoria\/tecnologia\/\">#tecnologias<\/a> <a href=\"https:\/\/wiy.com.br\/noticias\/categoria\/tecnologia\/\">#technology<\/a> <a href=\"https:\/\/wiy.com.br\/noticias\/categoria\/tecnologia\/\">#tecnolog<\/a> <a href=\"https:\/\/wiy.com.br\/noticias\/categoria\/tecnologia\/\">#iphone<\/a> <a href=\"https:\/\/wiy.com.br\/noticias\/categoria\/tecnologia\/\">#informatica<\/a> <a href=\"https:\/\/wiy.com.br\/noticias\/categoria\/tecnologia\/\">#tech<\/a> <a href=\"https:\/\/wiy.com.br\/noticias\/categoria\/tecnologia\/\">#design<\/a> <a href=\"https:\/\/wiy.com.br\/noticias\/categoria\/tecnologia\/\">#samsung<\/a> <a href=\"https:\/\/wiy.com.br\/noticias\/categoria\/tecnologia\/\">#internet<\/a> <a href=\"https:\/\/wiy.com.br\/noticias\/categoria\/tecnologia\/\">#apple<\/a> <a href=\"https:\/\/wiy.com.br\/noticias\/categoria\/tecnologia\/\">#smartphone<\/a> <a href=\"https:\/\/wiy.com.br\/noticias\/categoria\/tecnologia\/\">#seguranca<\/a> <a href=\"https:\/\/wiy.com.br\/noticias\/categoria\/tecnologia\/\">#venezuela<\/a> <a href=\"https:\/\/wiy.com.br\/noticias\/categoria\/tecnologia\/\">#celular<\/a> <a href=\"https:\/\/wiy.com.br\/noticias\/categoria\/tecnologia\/\">#celulares<\/a> <a href=\"https:\/\/wiy.com.br\/noticias\/categoria\/tecnologia\/\">#inovar<\/a> <a href=\"https:\/\/wiy.com.br\/noticias\/categoria\/tecnologia\/\">#qualidade<\/a> <a href=\"https:\/\/wiy.com.br\/noticias\/categoria\/tecnologia\/\">#software<\/a> <a href=\"https:\/\/wiy.com.br\/noticias\/categoria\/tecnologia\/\">#empresas<\/a> <a href=\"https:\/\/wiy.com.br\/noticias\/categoria\/tecnologia\/\">#cursos<\/a> <a href=\"https:\/\/wiy.com.br\/noticias\/categoria\/tecnologia\/\">#engenharia<\/a> <a href=\"https:\/\/wiy.com.br\/noticias\/categoria\/tecnologia\/\">#industria<\/a> <a href=\"https:\/\/wiy.com.br\/noticias\/categoria\/tecnologia\/\">#marketing<\/a> <a href=\"https:\/\/wiy.com.br\/noticias\/categoria\/tecnologia\/\">#ti<\/a> <a href=\"https:\/\/wiy.com.br\/noticias\/categoria\/tecnologia\/\">#tecnoblog<\/a> <a href=\"https:\/\/wiy.com.br\/noticias\/categoria\/tecnologia\/\">#veja<\/a> <a href=\"https:\/\/wiy.com.br\/noticias\/categoria\/tecnologia\/\">#olhardigital<\/a> <a href=\"https:\/\/wiy.com.br\/noticias\/categoria\/tecnologia\/\">#mundodigital<\/a> <a href=\"https:\/\/wiy.com.br\/noticias\/categoria\/tecnologia\/\">#inteligenciaartificial<\/a> <a href=\"https:\/\/wiy.com.br\/criacao-de-sites\/\">#criar site<\/a> <a href=\"https:\/\/wiy.com.br\/criacao-de-sites\/\">#criar site curitiba<\/a> <a href=\"https:\/\/wiy.com.br\/criacao-de-sites\/\">#wiysolutions<\/a><\/p>\n<p><a \n#CES #Samsung #revela #gigante\n<\/p>\n","protected":false},"excerpt":{"rendered":"<p>A CES 2026, maior evento de tecnologia do mundo, acontece entre 6 e 9 de janeiro em Las Vegas. Mas a Samsung se adiantou e, j\u00e1 nesta segunda-feira (5), anuncia sua nova linha de TVs para 2026. Entre os destaques, est\u00e3o um tamanho gigante, de 130 polegadas, uma tecnologia Micro RGB e intelig\u00eancia artificial embutida. [&hellip;]<\/p>\n","protected":false},"author":1,"featured_media":105430,"comment_status":"open","ping_status":"open","sticky":false,"template":"","format":"standard","meta":{"footnotes":""},"categories":[5],"tags":[],"class_list":["post-106259","post","type-post","status-publish","format-standard","has-post-thumbnail","hentry","category-tecnologia"],"_links":{"self":[{"href":"https:\/\/wiy.com.br\/noticias\/wp-json\/wp\/v2\/posts\/106259","targetHints":{"allow":["GET"]}}],"collection":[{"href":"https:\/\/wiy.com.br\/noticias\/wp-json\/wp\/v2\/posts"}],"about":[{"href":"https:\/\/wiy.com.br\/noticias\/wp-json\/wp\/v2\/types\/post"}],"author":[{"embeddable":true,"href":"https:\/\/wiy.com.br\/noticias\/wp-json\/wp\/v2\/users\/1"}],"replies":[{"embeddable":true,"href":"https:\/\/wiy.com.br\/noticias\/wp-json\/wp\/v2\/comments?post=106259"}],"version-history":[{"count":1,"href":"https:\/\/wiy.com.br\/noticias\/wp-json\/wp\/v2\/posts\/106259\/revisions"}],"predecessor-version":[{"id":106260,"href":"https:\/\/wiy.com.br\/noticias\/wp-json\/wp\/v2\/posts\/106259\/revisions\/106260"}],"wp:featuredmedia":[{"embeddable":true,"href":"https:\/\/wiy.com.br\/noticias\/wp-json\/wp\/v2\/media\/105430"}],"wp:attachment":[{"href":"https:\/\/wiy.com.br\/noticias\/wp-json\/wp\/v2\/media?parent=106259"}],"wp:term":[{"taxonomy":"category","embeddable":true,"href":"https:\/\/wiy.com.br\/noticias\/wp-json\/wp\/v2\/categories?post=106259"},{"taxonomy":"post_tag","embeddable":true,"href":"https:\/\/wiy.com.br\/noticias\/wp-json\/wp\/v2\/tags?post=106259"}],"curies":[{"name":"wp","href":"https:\/\/api.w.org\/{rel}","templated":true}]}}