{"id":106043,"date":"2026-01-02T05:56:04","date_gmt":"2026-01-02T08:56:04","guid":{"rendered":"https:\/\/wiy.com.br\/noticias\/o-calor-extremo-tornou-uma-cidade-do-piaui-a-mais-quente-do-brasil\/"},"modified":"2026-01-02T05:56:12","modified_gmt":"2026-01-02T08:56:12","slug":"o-calor-extremo-tornou-uma-cidade-do-piaui-a-mais-quente-do-brasil","status":"publish","type":"post","link":"https:\/\/wiy.com.br\/noticias\/o-calor-extremo-tornou-uma-cidade-do-piaui-a-mais-quente-do-brasil\/","title":{"rendered":"O calor extremo tornou uma cidade do Piau\u00ed a \u201cmais quente\u201d do Brasil"},"content":{"rendered":"<p> <br \/>\n<\/p>\n<p><strong><a href=\"https:\/\/pt.wikipedia.org\/wiki\/Oeiras_(Piau%C3%AD)\" target=\"_blank\" rel=\"noreferrer noopener\">Oeiras<\/a><\/strong>, no cora\u00e7\u00e3o do Piau\u00ed, ganhou os holofotes em 2025 ao registrar a maior temperatura do Brasil. Mas reduzir a cidade ao calor \u00e9 pouco: ela mistura hist\u00f3ria, rotina urbana adaptada ao clima e um jeito pr\u00f3prio de fazer a cidade funcionar, mesmo quando o term\u00f4metro n\u00e3o colabora.<\/p>\n<h2 class=\"wp-block-heading\" id=\"h-o-que-os-dados-mostram-sobre-clima-urbanizacao-e-funcionamento-da-cidade\">O que os dados mostram sobre clima, urbaniza\u00e7\u00e3o e funcionamento da cidade?<\/h2>\n<p>Segundo o <strong><a href=\"https:\/\/cidades.ibge.gov.br\/brasil\/pi\/oeiras\/panorama\" target=\"_blank\" rel=\"noreferrer noopener\">IBGE<\/a><\/strong> e dados clim\u00e1ticos monitorados por institutos como o Inmet, Oeiras est\u00e1 em uma regi\u00e3o de clima semi\u00e1rido, com altas temperaturas m\u00e9dias e longos per\u00edodos de estiagem. Estudos sobre cidades em \u00e1reas quentes mostram que centros urbanos menores conseguem se adaptar melhor.<\/p>\n<p>Na pr\u00e1tica, isso aparece em:<\/p>\n<ul>\n<li>Deslocamentos curtos e pouco congestionamento<\/li>\n<li>Uso intenso de \u00e1reas sombreadas e pra\u00e7as<\/li>\n<li>Organiza\u00e7\u00e3o da rotina urbana fora dos hor\u00e1rios mais quentes<\/li>\n<\/ul>\n<p>Esse \u201cajuste natural\u201d ajuda a cidade a funcionar mesmo sob calor extremo.<\/p>\n<div class=\"wp-block-image\">\n<figure class=\"aligncenter size-large\"><figcaption class=\"wp-element-caption\">Sombra, hor\u00e1rios adaptados e arquitetura hist\u00f3rica ajudam Oeiras a funcionar mesmo sob calor extremo &#8211; Cr\u00e9ditos: (GLandovsky, CC BY-SA 4.0 , via Wikimedia Commons)<\/figcaption><\/figure>\n<\/div>\n<h2 class=\"wp-block-heading\" id=\"h-por-que-oeiras-virou-simbolo-do-calor-extremo-no-brasil\">Por que Oeiras virou s\u00edmbolo do calor extremo no Brasil?<\/h2>\n<p>O registro da <strong>maior temperatura do pa\u00eds em 2025<\/strong>, com<strong> 41\u00baC<\/strong>,  colocou Oeiras no radar nacional. O calor intenso impacta hor\u00e1rios, h\u00e1bitos e at\u00e9 a forma como as pessoas circulam pela cidade, criando uma din\u00e2mica urbana bem diferente das capitais.<\/p>\n<p>Aqui, o clima n\u00e3o \u00e9 detalhe: ele organiza a vida. Com\u00e9rcio abre mais cedo, ruas ganham movimento no fim da tarde e sombra vira item urbano essencial.<\/p>\n<p><strong>Leia tamb\u00e9m:<\/strong><\/p>\n<ul>\n<li><strong>A cidade do Sul que \u00e9 uma das mais geladas do Brasil une frio, cultura e natureza<\/strong><\/li>\n<li><strong>A cidade de 11 mil anos que continua viva e atraindo milhares de visitantes<\/strong><\/li>\n<li><strong>Essa cidade no interior do Paran\u00e1 une clima europeu, tradi\u00e7\u00e3o holandesa e tecnologia<\/strong><\/li>\n<\/ul>\n<h2 class=\"wp-block-heading\" id=\"h-como-clima-e-historia-caminham-juntos-em-oeiras\">Como clima e hist\u00f3ria caminham juntos em Oeiras?<\/h2>\n<p>Primeira capital do Piau\u00ed, Oeiras tem um centro hist\u00f3rico preservado, igrejas antigas e arquitetura colonial pensada para enfrentar o calor, com paredes grossas e p\u00e9-direito alto. \u00c9 hist\u00f3ria funcionando como solu\u00e7\u00e3o clim\u00e1tica antes mesmo de isso virar tend\u00eancia.<\/p>\n<p>Para quem visita, o ritmo lembra cidades hist\u00f3ricas do Nordeste, mas com um detalhe: tudo acontece respeitando o sol forte, que dita o melhor hor\u00e1rio para passeios e deslocamentos.<\/p>\n<figure class=\"wp-block-image aligncenter size-large\"><img title = \"[Tags]\"loading=\"lazy\" decoding=\"async\" width=\"1024\" height=\"575\" src=\"https:\/\/olhardigital.com.br\/wp-content\/uploads\/2025\/12\/Our_Lady_of_the_Rosary_Church_in_Oeiras-1024x575.jpg\"alt = \"Our_Lady_of_the_Rosary_Church_in_Oeiras-1024x575 O calor extremo tornou uma cidade do Piau\u00ed a \u201cmais quente\u201d do Brasil\" class=\"wp-image-1239827\" \/><figcaption class=\"wp-element-caption\">Mais que recorde de temperatura, Oeiras revela como cidades pequenas se adaptam melhor ao clima intenso &#8211; Cr\u00e9ditos: (Thompson Sa , CC BY 2.0, via Wikimedia Commons<br \/>\n)<\/figcaption><\/figure>\n<h2 class=\"wp-block-heading\" id=\"h-quanto-custa-viver-em-uma-das-cidades-mais-quentes-do-pais\">Quanto custa viver em uma das cidades mais quentes do pa\u00eds?<\/h2>\n<p>O custo de vida em Oeiras \u00e9 considerado baixo quando comparado a capitais nordestinas, o que pesa a favor para quem busca tranquilidade. Veja uma m\u00e9dia mensal:<\/p>\n<p>Vale a pena pelo custo acess\u00edvel. A ilus\u00e3o \u00e9 ignorar o impacto do calor no consumo de energia.<\/p>\n<h2 class=\"wp-block-heading\" id=\"h-oeiras-e-o-futuro-das-cidades-em-regioes-de-calor-extremo\">Oeiras e o futuro das cidades em regi\u00f5es de calor extremo<\/h2>\n<p>Cidades como Oeiras ajudam a antecipar debates sobre adapta\u00e7\u00e3o clim\u00e1tica. Sombra urbana, arboriza\u00e7\u00e3o, materiais mais eficientes e hor\u00e1rios flex\u00edveis j\u00e1 fazem parte do cotidiano, mesmo sem r\u00f3tulo de \u201ccidade inteligente\u201d.<\/p>\n<p>Com mudan\u00e7as clim\u00e1ticas mais intensas, o jeito de Oeiras se adaptar pode inspirar solu\u00e7\u00f5es para outras cidades brasileiras que tamb\u00e9m v\u00e3o esquentar. Muitas vezes \u00e9 importante que a cidade se adapte ao ambiente e n\u00e3o lute contra ele.<\/p>\n<p>O post O calor extremo tornou uma cidade do Piau\u00ed a &#8220;mais quente&#8221; do Brasil apareceu primeiro em Olhar Digital.<\/p>\n<p><br \/>\n<br \/><a href=\"https:\/\/olhardigital.com.br\/2026\/01\/02\/curiosidades\/o-calor-extremo-tornou-uma-cidade-do-piaui-a-mais-quente-do-brasil\/\">Fonte do Artigo <\/a><br \/>\nTags:<\/p>\n<p><a title=\"Gestor de Tr\u00e1fego\" href=\"https:\/\/www.gestor-de-trafego.com\/\" target=\"_blank\"><strong>Gestor de Tr\u00e1fego<\/strong><\/a><\/p>\n<p><a href=\"https:\/\/wiy.com.br\/noticias\/categoria\/tecnologia\/\">#tecnologia<\/a> <a href=\"https:\/\/wiy.com.br\/noticias\/categoria\/tecnologia\/\">#tecnologias<\/a> <a href=\"https:\/\/wiy.com.br\/noticias\/categoria\/tecnologia\/\">#technology<\/a> <a href=\"https:\/\/wiy.com.br\/noticias\/categoria\/tecnologia\/\">#tecnolog<\/a> <a href=\"https:\/\/wiy.com.br\/noticias\/categoria\/tecnologia\/\">#iphone<\/a> <a href=\"https:\/\/wiy.com.br\/noticias\/categoria\/tecnologia\/\">#informatica<\/a> <a href=\"https:\/\/wiy.com.br\/noticias\/categoria\/tecnologia\/\">#tech<\/a> <a href=\"https:\/\/wiy.com.br\/noticias\/categoria\/tecnologia\/\">#design<\/a> <a href=\"https:\/\/wiy.com.br\/noticias\/categoria\/tecnologia\/\">#samsung<\/a> <a href=\"https:\/\/wiy.com.br\/noticias\/categoria\/tecnologia\/\">#internet<\/a> <a href=\"https:\/\/wiy.com.br\/noticias\/categoria\/tecnologia\/\">#apple<\/a> <a href=\"https:\/\/wiy.com.br\/noticias\/categoria\/tecnologia\/\">#smartphone<\/a> <a href=\"https:\/\/wiy.com.br\/noticias\/categoria\/tecnologia\/\">#seguranca<\/a> <a href=\"https:\/\/wiy.com.br\/noticias\/categoria\/tecnologia\/\">#venezuela<\/a> <a href=\"https:\/\/wiy.com.br\/noticias\/categoria\/tecnologia\/\">#celular<\/a> <a href=\"https:\/\/wiy.com.br\/noticias\/categoria\/tecnologia\/\">#celulares<\/a> <a href=\"https:\/\/wiy.com.br\/noticias\/categoria\/tecnologia\/\">#inovar<\/a> <a href=\"https:\/\/wiy.com.br\/noticias\/categoria\/tecnologia\/\">#qualidade<\/a> <a href=\"https:\/\/wiy.com.br\/noticias\/categoria\/tecnologia\/\">#software<\/a> <a href=\"https:\/\/wiy.com.br\/noticias\/categoria\/tecnologia\/\">#empresas<\/a> <a href=\"https:\/\/wiy.com.br\/noticias\/categoria\/tecnologia\/\">#cursos<\/a> <a href=\"https:\/\/wiy.com.br\/noticias\/categoria\/tecnologia\/\">#engenharia<\/a> <a href=\"https:\/\/wiy.com.br\/noticias\/categoria\/tecnologia\/\">#industria<\/a> <a href=\"https:\/\/wiy.com.br\/noticias\/categoria\/tecnologia\/\">#marketing<\/a> <a href=\"https:\/\/wiy.com.br\/noticias\/categoria\/tecnologia\/\">#ti<\/a> <a href=\"https:\/\/wiy.com.br\/noticias\/categoria\/tecnologia\/\">#tecnoblog<\/a> <a href=\"https:\/\/wiy.com.br\/noticias\/categoria\/tecnologia\/\">#veja<\/a> <a href=\"https:\/\/wiy.com.br\/noticias\/categoria\/tecnologia\/\">#olhardigital<\/a> <a href=\"https:\/\/wiy.com.br\/noticias\/categoria\/tecnologia\/\">#mundodigital<\/a> <a href=\"https:\/\/wiy.com.br\/noticias\/categoria\/tecnologia\/\">#inteligenciaartificial<\/a> <a href=\"https:\/\/wiy.com.br\/criacao-de-sites\/\">#criar site<\/a> <a href=\"https:\/\/wiy.com.br\/criacao-de-sites\/\">#criar site curitiba<\/a> <a href=\"https:\/\/wiy.com.br\/criacao-de-sites\/\">#wiysolutions<\/a><\/p>\n<p><a \n#calor #extremo #tornou #uma #cidade #Piau\u00ed #mais #quente #Brasil\n<\/p>\n","protected":false},"excerpt":{"rendered":"<p>Oeiras, no cora\u00e7\u00e3o do Piau\u00ed, ganhou os holofotes em 2025 ao registrar a maior temperatura do Brasil. Mas reduzir a cidade ao calor \u00e9 pouco: ela mistura hist\u00f3ria, rotina urbana adaptada ao clima e um jeito pr\u00f3prio de fazer a cidade funcionar, mesmo quando o term\u00f4metro n\u00e3o colabora. O que os dados mostram sobre clima, [&hellip;]<\/p>\n","protected":false},"author":1,"featured_media":106044,"comment_status":"open","ping_status":"open","sticky":false,"template":"","format":"standard","meta":{"footnotes":""},"categories":[5],"tags":[],"class_list":["post-106043","post","type-post","status-publish","format-standard","has-post-thumbnail","hentry","category-tecnologia"],"_links":{"self":[{"href":"https:\/\/wiy.com.br\/noticias\/wp-json\/wp\/v2\/posts\/106043","targetHints":{"allow":["GET"]}}],"collection":[{"href":"https:\/\/wiy.com.br\/noticias\/wp-json\/wp\/v2\/posts"}],"about":[{"href":"https:\/\/wiy.com.br\/noticias\/wp-json\/wp\/v2\/types\/post"}],"author":[{"embeddable":true,"href":"https:\/\/wiy.com.br\/noticias\/wp-json\/wp\/v2\/users\/1"}],"replies":[{"embeddable":true,"href":"https:\/\/wiy.com.br\/noticias\/wp-json\/wp\/v2\/comments?post=106043"}],"version-history":[{"count":1,"href":"https:\/\/wiy.com.br\/noticias\/wp-json\/wp\/v2\/posts\/106043\/revisions"}],"predecessor-version":[{"id":106045,"href":"https:\/\/wiy.com.br\/noticias\/wp-json\/wp\/v2\/posts\/106043\/revisions\/106045"}],"wp:featuredmedia":[{"embeddable":true,"href":"https:\/\/wiy.com.br\/noticias\/wp-json\/wp\/v2\/media\/106044"}],"wp:attachment":[{"href":"https:\/\/wiy.com.br\/noticias\/wp-json\/wp\/v2\/media?parent=106043"}],"wp:term":[{"taxonomy":"category","embeddable":true,"href":"https:\/\/wiy.com.br\/noticias\/wp-json\/wp\/v2\/categories?post=106043"},{"taxonomy":"post_tag","embeddable":true,"href":"https:\/\/wiy.com.br\/noticias\/wp-json\/wp\/v2\/tags?post=106043"}],"curies":[{"name":"wp","href":"https:\/\/api.w.org\/{rel}","templated":true}]}}