{"id":105993,"date":"2026-01-01T13:40:26","date_gmt":"2026-01-01T16:40:26","guid":{"rendered":"https:\/\/wiy.com.br\/noticias\/crise-de-memoria-ram-pode-fazer-vendas-de-pc-despencarem-em-2026-entenda\/"},"modified":"2026-01-01T13:40:34","modified_gmt":"2026-01-01T16:40:34","slug":"crise-de-memoria-ram-pode-fazer-vendas-de-pc-despencarem-em-2026-entenda","status":"publish","type":"post","link":"https:\/\/wiy.com.br\/noticias\/crise-de-memoria-ram-pode-fazer-vendas-de-pc-despencarem-em-2026-entenda\/","title":{"rendered":"Crise de mem\u00f3ria RAM pode fazer vendas de PC despencarem em 2026; entenda"},"content":{"rendered":"<p> <br \/>\n<\/p>\n<p>A crise de mem\u00f3ria RAM n\u00e3o afeta apenas smartphones e possivelmente consoles: segundo <a href=\"https:\/\/www.idc.com\/resource-center\/blog\/global-memory-shortage-crisis-market-analysis-and-the-potential-impact-on-the-smartphone-and-pc-markets-in-2026\/\" target=\"_blank\" rel=\"noreferrer noopener\">um relat\u00f3rio da consultoria IDC<\/a>, a crescente demanda por infraestrutura de intelig\u00eancia artificial deve afetar tamb\u00e9m o mercado de PCs, resultando em aumento de pre\u00e7os e queda em vendas nos pr\u00f3ximos anos.<\/p>\n<p>A IDC afirma que, apenas em 2026, o mercado de PCs pode experienciar uma queda de 8,9% nas vendas devido tanto ao aumento no pre\u00e7o dos aparelhos, quanto a queda na oferta de dispositivos nas lojas.<\/p>\n<h2 class=\"wp-block-heading\" id=\"h-disputa-por-memoria-ameaca-industria\">Disputa por mem\u00f3ria amea\u00e7a ind\u00fastria<\/h2>\n<p>O problema est\u00e1 na disputa por chips de mem\u00f3ria. Fabricantes v\u00eam priorizando a produ\u00e7\u00e3o de componentes voltados a data centers e aplica\u00e7\u00f5es de IA, como mem\u00f3rias de alta largura de banda (HBM) e m\u00f3dulos DDR5 de grande capacidade. Com isso, a oferta de mem\u00f3ria usada em computadores e outros eletr\u00f4nicos de consumo diminuiu, elevando os custos para quem produz PCs.<\/p>\n<p><strong>Leia mais:<\/strong><\/p>\n<ul>\n<li>Crise global de RAM: IA causa alta de pre\u00e7os e amea\u00e7a eletr\u00f4nicos em 2026<\/li>\n<li>5 cuidados necess\u00e1rios na hora de comprar uma mem\u00f3ria RAM usada<\/li>\n<li>Por que a mem\u00f3ria RAM \u00e9 t\u00e3o importante?<\/li>\n<\/ul>\n<p>Esse aumento j\u00e1 come\u00e7a a aparecer no mercado. A IDC aponta que fabricantes est\u00e3o repassando os custos ao consumidor, com reajustes que podem chegar a 6% ou 8% nos pr\u00f3ximos anos. A Framework, por exemplo, j\u00e1 confirmou aumentos em alguns modelos e alertou que novas altas s\u00e3o prov\u00e1veis.<\/p>\n<div class=\"wp-block-image\">\n<figure class=\"aligncenter size-large\"><figcaption class=\"wp-element-caption\">(Imagem: M-Production\/Shutterstock)<\/figcaption><\/figure>\n<\/div>\n<p>A ironia \u00e9 que os chamados \u201cPCs com IA\u201d, apontados como a grande aposta para revitalizar o setor, acabam sendo justamente os mais afetados, j\u00e1 que exigem mais mem\u00f3ria para operar recursos de intelig\u00eancia artificial localmente.<\/p>\n<p>Empresas com maior poder financeiro e contratos de longo prazo, como Apple e Samsung, tendem a atravessar esse per\u00edodo com menos dificuldades. J\u00e1 fabricantes menores devem enfrentar um ambiente mais restritivo, com custos elevados, menos margem para inova\u00e7\u00e3o e pre\u00e7os mais altos para o consumidor final.<\/p>\n<div class=\"wp-block-image\">\n<figure class=\"aligncenter size-large\"><img title = \"[Tags]\"loading=\"lazy\" decoding=\"async\" width=\"1024\" height=\"576\" src=\"https:\/\/olhardigital.com.br\/wp-content\/uploads\/2025\/09\/Comprar-memoria-RAM-usada-1024x576.jpg\"alt = \"Comprar-memoria-RAM-usada-1024x576 Crise de mem\u00f3ria RAM pode fazer vendas de PC despencarem em 2026; entenda\" class=\"wp-image-1179769\" \/><figcaption class=\"wp-element-caption\">Um par de mem\u00f3ria RAM: pe\u00e7as de hardware essenciais para o PC (Reprodu\u00e7\u00e3o: Harrison Broadbent\/Unsplash)<\/figcaption><\/figure>\n<\/div>\n<h2 class=\"wp-block-heading\" id=\"h-crise-deve-afetar-tambem-celulares-e-consoles\">Crise deve afetar tamb\u00e9m celulares e consoles<\/h2>\n<p>A crise n\u00e3o se limita aos computadores. O relat\u00f3rio indica que smartphones tamb\u00e9m devem sentir o impacto, com possibilidade de alta m\u00e9dia de pre\u00e7os entre 6% e 8% e queda de at\u00e9 5,2% nas vendas globais, caso o cen\u00e1rio mais negativo se concretize.<\/p>\n<p>Outro mercado que pode ser diretamente afetado pela crise atual \u00e9 o de consoles. Al\u00e9m da possibilidade dos modelos atuais subirem de pre\u00e7o \u2014 algo que j\u00e1 ocorreu em 2025, mas motivado principalmente pelas taxa\u00e7\u00f5es de Donald Trump \u2014, a escassez de chips pode afetar tamb\u00e9m o cronograma das principais fabricantes, incluindo a possibilidade da Sony adiar o lan\u00e7amento do PlayStation 6.<\/p>\n<p>O post Crise de mem\u00f3ria RAM pode fazer vendas de PC despencarem em 2026; entenda apareceu primeiro em Olhar Digital.<\/p>\n<p><br \/>\n<br \/><a href=\"https:\/\/olhardigital.com.br\/2026\/01\/01\/pro\/crise-de-memoria-ram-pode-fazer-vendas-de-pc-despencarem-em-2026-entenda\/\">Fonte do Artigo <\/a><br \/>\nTags:<\/p>\n<p><a title=\"Gestor de Tr\u00e1fego\" href=\"https:\/\/www.gestor-de-trafego.com\/\" target=\"_blank\"><strong>Gestor de Tr\u00e1fego<\/strong><\/a><\/p>\n<p><a href=\"https:\/\/wiy.com.br\/noticias\/categoria\/tecnologia\/\">#tecnologia<\/a> <a href=\"https:\/\/wiy.com.br\/noticias\/categoria\/tecnologia\/\">#tecnologias<\/a> <a href=\"https:\/\/wiy.com.br\/noticias\/categoria\/tecnologia\/\">#technology<\/a> <a href=\"https:\/\/wiy.com.br\/noticias\/categoria\/tecnologia\/\">#tecnolog<\/a> <a href=\"https:\/\/wiy.com.br\/noticias\/categoria\/tecnologia\/\">#iphone<\/a> <a href=\"https:\/\/wiy.com.br\/noticias\/categoria\/tecnologia\/\">#informatica<\/a> <a href=\"https:\/\/wiy.com.br\/noticias\/categoria\/tecnologia\/\">#tech<\/a> <a href=\"https:\/\/wiy.com.br\/noticias\/categoria\/tecnologia\/\">#design<\/a> <a href=\"https:\/\/wiy.com.br\/noticias\/categoria\/tecnologia\/\">#samsung<\/a> <a href=\"https:\/\/wiy.com.br\/noticias\/categoria\/tecnologia\/\">#internet<\/a> <a href=\"https:\/\/wiy.com.br\/noticias\/categoria\/tecnologia\/\">#apple<\/a> <a href=\"https:\/\/wiy.com.br\/noticias\/categoria\/tecnologia\/\">#smartphone<\/a> <a href=\"https:\/\/wiy.com.br\/noticias\/categoria\/tecnologia\/\">#seguranca<\/a> <a href=\"https:\/\/wiy.com.br\/noticias\/categoria\/tecnologia\/\">#venezuela<\/a> <a href=\"https:\/\/wiy.com.br\/noticias\/categoria\/tecnologia\/\">#celular<\/a> <a href=\"https:\/\/wiy.com.br\/noticias\/categoria\/tecnologia\/\">#celulares<\/a> <a href=\"https:\/\/wiy.com.br\/noticias\/categoria\/tecnologia\/\">#inovar<\/a> <a href=\"https:\/\/wiy.com.br\/noticias\/categoria\/tecnologia\/\">#qualidade<\/a> <a href=\"https:\/\/wiy.com.br\/noticias\/categoria\/tecnologia\/\">#software<\/a> <a href=\"https:\/\/wiy.com.br\/noticias\/categoria\/tecnologia\/\">#empresas<\/a> <a href=\"https:\/\/wiy.com.br\/noticias\/categoria\/tecnologia\/\">#cursos<\/a> <a href=\"https:\/\/wiy.com.br\/noticias\/categoria\/tecnologia\/\">#engenharia<\/a> <a href=\"https:\/\/wiy.com.br\/noticias\/categoria\/tecnologia\/\">#industria<\/a> <a href=\"https:\/\/wiy.com.br\/noticias\/categoria\/tecnologia\/\">#marketing<\/a> <a href=\"https:\/\/wiy.com.br\/noticias\/categoria\/tecnologia\/\">#ti<\/a> <a href=\"https:\/\/wiy.com.br\/noticias\/categoria\/tecnologia\/\">#tecnoblog<\/a> <a href=\"https:\/\/wiy.com.br\/noticias\/categoria\/tecnologia\/\">#veja<\/a> <a href=\"https:\/\/wiy.com.br\/noticias\/categoria\/tecnologia\/\">#olhardigital<\/a> <a href=\"https:\/\/wiy.com.br\/noticias\/categoria\/tecnologia\/\">#mundodigital<\/a> <a href=\"https:\/\/wiy.com.br\/noticias\/categoria\/tecnologia\/\">#inteligenciaartificial<\/a> <a href=\"https:\/\/wiy.com.br\/criacao-de-sites\/\">#criar site<\/a> <a href=\"https:\/\/wiy.com.br\/criacao-de-sites\/\">#criar site curitiba<\/a> <a href=\"https:\/\/wiy.com.br\/criacao-de-sites\/\">#wiysolutions<\/a><\/p>\n<p><a \n#Crise #mem\u00f3ria #RAM #pode #fazer #vendas #despencarem #entenda\n<\/p>\n","protected":false},"excerpt":{"rendered":"<p>A crise de mem\u00f3ria RAM n\u00e3o afeta apenas smartphones e possivelmente consoles: segundo um relat\u00f3rio da consultoria IDC, a crescente demanda por infraestrutura de intelig\u00eancia artificial deve afetar tamb\u00e9m o mercado de PCs, resultando em aumento de pre\u00e7os e queda em vendas nos pr\u00f3ximos anos. A IDC afirma que, apenas em 2026, o mercado de [&hellip;]<\/p>\n","protected":false},"author":1,"featured_media":105994,"comment_status":"open","ping_status":"open","sticky":false,"template":"","format":"standard","meta":{"footnotes":""},"categories":[5],"tags":[],"class_list":["post-105993","post","type-post","status-publish","format-standard","has-post-thumbnail","hentry","category-tecnologia"],"_links":{"self":[{"href":"https:\/\/wiy.com.br\/noticias\/wp-json\/wp\/v2\/posts\/105993","targetHints":{"allow":["GET"]}}],"collection":[{"href":"https:\/\/wiy.com.br\/noticias\/wp-json\/wp\/v2\/posts"}],"about":[{"href":"https:\/\/wiy.com.br\/noticias\/wp-json\/wp\/v2\/types\/post"}],"author":[{"embeddable":true,"href":"https:\/\/wiy.com.br\/noticias\/wp-json\/wp\/v2\/users\/1"}],"replies":[{"embeddable":true,"href":"https:\/\/wiy.com.br\/noticias\/wp-json\/wp\/v2\/comments?post=105993"}],"version-history":[{"count":1,"href":"https:\/\/wiy.com.br\/noticias\/wp-json\/wp\/v2\/posts\/105993\/revisions"}],"predecessor-version":[{"id":105995,"href":"https:\/\/wiy.com.br\/noticias\/wp-json\/wp\/v2\/posts\/105993\/revisions\/105995"}],"wp:featuredmedia":[{"embeddable":true,"href":"https:\/\/wiy.com.br\/noticias\/wp-json\/wp\/v2\/media\/105994"}],"wp:attachment":[{"href":"https:\/\/wiy.com.br\/noticias\/wp-json\/wp\/v2\/media?parent=105993"}],"wp:term":[{"taxonomy":"category","embeddable":true,"href":"https:\/\/wiy.com.br\/noticias\/wp-json\/wp\/v2\/categories?post=105993"},{"taxonomy":"post_tag","embeddable":true,"href":"https:\/\/wiy.com.br\/noticias\/wp-json\/wp\/v2\/tags?post=105993"}],"curies":[{"name":"wp","href":"https:\/\/api.w.org\/{rel}","templated":true}]}}