{"id":10555,"date":"2023-02-26T15:34:02","date_gmt":"2023-02-26T18:34:02","guid":{"rendered":"https:\/\/wiy.com.br\/noticias\/programa-municipal-transforma-vida-de-paulistana-da-zona-sul\/"},"modified":"2019-03-15T12:09:30","modified_gmt":"2019-03-15T15:09:30","slug":"programa-municipal-transforma-vida-de-paulistana-da-zona-sul","status":"publish","type":"post","link":"https:\/\/wiy.com.br\/noticias\/programa-municipal-transforma-vida-de-paulistana-da-zona-sul\/","title":{"rendered":"Programa municipal transforma vida de paulistana da zona sul"},"content":{"rendered":"<p> <br \/>\n<\/p>\n<p>A vida de Cleonice Gallo da Silva, de 50 anos, estava bem dif\u00edcil em outubro passado. Uma s\u00e9rie de acontecimentos \u2013 incluindo o desemprego, uma experi\u00eancia malsucedida como vendedora aut\u00f4noma e o aparecimento de uma doen\u00e7a autoimune \u2013 tirou da paulistana as suas perspectivas de futuro.<\/p>\n<p>Mas essa hist\u00f3ria ganhou um novo rumo quando ela passou diante de um <a href=\"https:\/\/www.prefeitura.sp.gov.br\/cidade\/secretarias\/direitos_humanos\/mulheres\/rede_de_atendimento\/index.php?p=209597\" target=\"_blank\" rel=\"noopener noreferrer nofollow\">Centro de Cidadania da Mulher<\/a> (CCM) no Graja\u00fa, zona sul de S\u00e3o Paulo. \u201cEntrei porque n\u00e3o sabia mais a quem recorrer\u201d, ela conta. \u201cPrecisava de socorro. Fui muito bem recebida pelas pessoas, desde o agente de seguran\u00e7a na porta at\u00e9 a secret\u00e1ria. A coordenadora do centro me acolheu de um jeito que ningu\u00e9m jamais tinha feito.\u201d<\/p>\n<p>O calv\u00e1rio pessoal de Cleonice havia come\u00e7ado tr\u00eas anos antes, quando ela perdeu o emprego. Resolveu, ent\u00e3o, vender roupas. Em um primeiro momento, tudo ia bem, at\u00e9 que ela precisou usar o dinheiro que tinha ganhado. Depois disso, em um efeito cascata, os problemas foram se sucedendo, a ponto de ela n\u00e3o conseguir mais reagir. Foi a\u00ed que uma sugest\u00e3o da assistente social transformou todo esse panorama.<\/p>\n<h3><b>For\u00e7a para recome\u00e7ar<\/b><\/h3>\n<p>\u201cConversei muito e tamb\u00e9m chorei muito. E ela me orientou, me apoiou. E contou que estava acontecendo, no Largo Treze, em Santo Amaro, um curso em parceria com a Avon e o Senac\u201d, recorda-se. \u201cGostei da ideia e comecei o curso \u2013 foi maravilhoso! Encontrei ali uma nova perspectiva profissional. Tive aulas de empreendedorismo, aprendi a fazer maquiagem e percebi que, antes, eu nem sabia como me maquiar.\u201d<\/p>\n<p>Com a autoestima recuperada e energia para recome\u00e7ar, Cleonice agora se prepara para montar sua pr\u00f3pria loja. \u201cEu estava perdida, fragilizada. E aprendi a me conhecer melhor, a respeitar meus limites. Muitas outras mulheres que participaram do curso estavam na mesma situa\u00e7\u00e3o que eu e tamb\u00e9m encontraram um novo caminho\u201d, diz.<\/p>\n<div class=\"box\"><span>CCMs<\/span><\/p>\n<p><p>Os Centros de Cidadania da Mulher s\u00e3o espa\u00e7os de qualifica\u00e7\u00e3o e forma\u00e7\u00e3o em cidadania dedicados \u00e0 defesa dos direitos sociais, econ\u00f4micos e culturais das mulheres de diferentes idades, ra\u00e7as e cren\u00e7as. Atualmente, s\u00e3o cinco unidades de atendimento espalhadas pela capital. A prefeitura ainda disponibiliza para mulheres em situa\u00e7\u00e3o de viol\u00eancia mais quatro Centros de Refer\u00eancia da Mulher e duas casas de acolhimento provis\u00f3rio \u2013 uma de passagem e outra sigilosa. \u201cO CCM \u00e9 uma m\u00e3e para n\u00f3s\u201d, resume Cleonice.<\/p>\n<\/p>\n<\/div>\n<p>Conhe\u00e7a mais hist\u00f3rias inspiradoras em <a href=\"http:\/\/mulheres.prefeitura.sp.gov.br\/home\" target=\"_blank\" rel=\"noopener noreferrer nofollow\">mulheres.prefeitura.sp.gov.br<\/a>.<\/p>\n<\/p>\n<p><br \/>\n<br \/><a href=\"https:\/\/vejasp.abril.com.br\/cidades\/programa-municipal-transforma-vida-de-paulistana-da-zona-sul\/\">Source link <\/a><\/p>\n","protected":false},"excerpt":{"rendered":"<p>A vida de Cleonice Gallo da Silva, de 50 anos, estava bem dif\u00edcil em outubro passado. Uma s\u00e9rie de acontecimentos \u2013 incluindo o desemprego, uma experi\u00eancia malsucedida como vendedora aut\u00f4noma e o aparecimento de uma doen\u00e7a autoimune \u2013 tirou da paulistana as suas perspectivas de futuro. Mas essa hist\u00f3ria ganhou um novo rumo quando ela [&hellip;]<\/p>\n","protected":false},"author":1,"featured_media":10556,"comment_status":"open","ping_status":"open","sticky":false,"template":"","format":"standard","meta":{"footnotes":""},"categories":[7],"tags":[],"class_list":["post-10555","post","type-post","status-publish","format-standard","has-post-thumbnail","hentry","category-economia"],"_links":{"self":[{"href":"https:\/\/wiy.com.br\/noticias\/wp-json\/wp\/v2\/posts\/10555","targetHints":{"allow":["GET"]}}],"collection":[{"href":"https:\/\/wiy.com.br\/noticias\/wp-json\/wp\/v2\/posts"}],"about":[{"href":"https:\/\/wiy.com.br\/noticias\/wp-json\/wp\/v2\/types\/post"}],"author":[{"embeddable":true,"href":"https:\/\/wiy.com.br\/noticias\/wp-json\/wp\/v2\/users\/1"}],"replies":[{"embeddable":true,"href":"https:\/\/wiy.com.br\/noticias\/wp-json\/wp\/v2\/comments?post=10555"}],"version-history":[{"count":0,"href":"https:\/\/wiy.com.br\/noticias\/wp-json\/wp\/v2\/posts\/10555\/revisions"}],"wp:featuredmedia":[{"embeddable":true,"href":"https:\/\/wiy.com.br\/noticias\/wp-json\/wp\/v2\/media\/10556"}],"wp:attachment":[{"href":"https:\/\/wiy.com.br\/noticias\/wp-json\/wp\/v2\/media?parent=10555"}],"wp:term":[{"taxonomy":"category","embeddable":true,"href":"https:\/\/wiy.com.br\/noticias\/wp-json\/wp\/v2\/categories?post=10555"},{"taxonomy":"post_tag","embeddable":true,"href":"https:\/\/wiy.com.br\/noticias\/wp-json\/wp\/v2\/tags?post=10555"}],"curies":[{"name":"wp","href":"https:\/\/api.w.org\/{rel}","templated":true}]}}