{"id":10554,"date":"2023-02-26T15:29:45","date_gmt":"2023-02-26T18:29:45","guid":{"rendered":"https:\/\/wiy.com.br\/noticias\/feira-de-emprego-na-tijuca-tem-espera-de-17-horas-por-atendimento-nesta-sexta-feira\/"},"modified":"2019-03-15T12:08:21","modified_gmt":"2019-03-15T15:08:21","slug":"feira-de-emprego-na-tijuca-tem-espera-de-17-horas-por-atendimento-nesta-sexta-feira","status":"publish","type":"post","link":"https:\/\/wiy.com.br\/noticias\/feira-de-emprego-na-tijuca-tem-espera-de-17-horas-por-atendimento-nesta-sexta-feira\/","title":{"rendered":"Feira de emprego na Tijuca tem espera de 17 horas por atendimento nesta sexta-feira"},"content":{"rendered":"<p> <br \/>\n<br \/>RIO \u2014 Foram cerca de 17 horas de espera at\u00e9 o in\u00edcio dos atendimentos na feira de emprego na Tijuca, na Zona Norte do Rio, na manh\u00e3 desta sexta-feira. Desempregado desde outubro do ano passado, Wanderson Silva, de 26 anos, chegou ao local ainda na&#8230;<br \/>\n<br \/><br \/>\n<br \/><a href=\"https:\/\/oglobo.globo.com\/economia\/feira-de-emprego-na-tijuca-tem-espera-de-17-horas-por-atendimento-nesta-sexta-feira-23524642\">Source link <\/a><\/p>\n","protected":false},"excerpt":{"rendered":"<p>RIO \u2014 Foram cerca de 17 horas de espera at\u00e9 o in\u00edcio dos atendimentos na feira de emprego na Tijuca, na Zona Norte do Rio, na manh\u00e3 desta sexta-feira. Desempregado desde outubro do ano passado, Wanderson Silva, de 26 anos, chegou ao local ainda na&#8230; Source link<\/p>\n","protected":false},"author":1,"featured_media":0,"comment_status":"open","ping_status":"open","sticky":false,"template":"","format":"standard","meta":{"footnotes":""},"categories":[337],"tags":[],"class_list":["post-10554","post","type-post","status-publish","format-standard","hentry","category-noticias"],"_links":{"self":[{"href":"https:\/\/wiy.com.br\/noticias\/wp-json\/wp\/v2\/posts\/10554","targetHints":{"allow":["GET"]}}],"collection":[{"href":"https:\/\/wiy.com.br\/noticias\/wp-json\/wp\/v2\/posts"}],"about":[{"href":"https:\/\/wiy.com.br\/noticias\/wp-json\/wp\/v2\/types\/post"}],"author":[{"embeddable":true,"href":"https:\/\/wiy.com.br\/noticias\/wp-json\/wp\/v2\/users\/1"}],"replies":[{"embeddable":true,"href":"https:\/\/wiy.com.br\/noticias\/wp-json\/wp\/v2\/comments?post=10554"}],"version-history":[{"count":0,"href":"https:\/\/wiy.com.br\/noticias\/wp-json\/wp\/v2\/posts\/10554\/revisions"}],"wp:attachment":[{"href":"https:\/\/wiy.com.br\/noticias\/wp-json\/wp\/v2\/media?parent=10554"}],"wp:term":[{"taxonomy":"category","embeddable":true,"href":"https:\/\/wiy.com.br\/noticias\/wp-json\/wp\/v2\/categories?post=10554"},{"taxonomy":"post_tag","embeddable":true,"href":"https:\/\/wiy.com.br\/noticias\/wp-json\/wp\/v2\/tags?post=10554"}],"curies":[{"name":"wp","href":"https:\/\/api.w.org\/{rel}","templated":true}]}}