{"id":104993,"date":"2025-12-18T17:43:25","date_gmt":"2025-12-18T20:43:25","guid":{"rendered":"https:\/\/wiy.com.br\/noticias\/saiba-como-funcionara-a-operacao-de-onibus-no-natal-e-ano-novo\/"},"modified":"2025-12-18T17:43:25","modified_gmt":"2025-12-18T20:43:25","slug":"saiba-como-funcionara-a-operacao-de-onibus-no-natal-e-ano-novo","status":"publish","type":"post","link":"https:\/\/wiy.com.br\/noticias\/saiba-como-funcionara-a-operacao-de-onibus-no-natal-e-ano-novo\/","title":{"rendered":"Saiba como funcionar\u00e1 a opera\u00e7\u00e3o de \u00f4nibus no Natal e Ano Novo"},"content":{"rendered":"<p> <br \/>\n<br \/><img title = \"[Tags]\"alt = \"79803617-1270802359784865-653143940219797504-n Saiba como funcionar\u00e1 a opera\u00e7\u00e3o de \u00f4nibus no Natal e Ano Novo\"decoding=\"async\" src=\"https:\/\/vejasp.abril.com.br\/wp-content\/uploads\/2025\/12\/79803617-1270802359784865-653143940219797504-n.webp\" \/><\/p>\n<div class=\"flex flex-col text-sm pb-25\">\n<article class=\"text-token-text-primary w-full focus:outline-none [--shadow-height:45px] has-data-writing-block:pointer-events-none has-data-writing-block:-mt-(--shadow-height) has-data-writing-block:pt-(--shadow-height) [&amp;:has([data-writing-block])&gt;*]:pointer-events-auto scroll-mt-[calc(var(--header-height)+min(200px,max(70px,20svh)))]\" dir=\"auto\" data-turn-id=\"request-WEB:d1b2498b-937b-4e8a-98ec-1837fd73de06-5\" data-testid=\"conversation-turn-12\" data-scroll-anchor=\"true\" data-turn=\"assistant\">\n<div class=\"noreadme-audima ads video-ads\">\n<div class=\"abrAD\" data-format=\"intext_video\"><\/div>\n<\/div>\n<div class=\"text-base my-auto mx-auto pb-10 [--thread-content-margin:--spacing(4)] @w-sm\/main:[--thread-content-margin:--spacing(6)] @w-lg\/main:[--thread-content-margin:--spacing(16)] px-(--thread-content-margin)\">\n<div class=\"[--thread-content-max-width:40rem] @w-lg\/main:[--thread-content-max-width:48rem] mx-auto max-w-(--thread-content-max-width) flex-1 group\/turn-messages focus-visible:outline-hidden relative flex w-full min-w-0 flex-col agent-turn\">\n<div class=\"flex max-w-full flex-col grow\">\n<div class=\"min-h-8 text-message relative flex w-full flex-col items-end gap-2 text-start break-words whitespace-normal [.text-message+&amp;]:mt-1\" dir=\"auto\" data-message-author-role=\"assistant\" data-message-id=\"596e33b1-f221-48f0-9ca8-44cacef3b88c\" data-message-model-slug=\"gpt-5-2\">\n<div class=\"flex w-full flex-col gap-1 empty:hidden first:pt-[1px]\">\n<div class=\"ads post-ads noreadme-audima\">\n    <span class=\"title\">Continua ap\u00f3s a publicidade<\/span><\/p>\n<div class=\"abrAD\" data-format=\"intext\"><\/div>\n<\/div>\n<div class=\"markdown prose dark:prose-invert w-full break-words light markdown-new-styling\">\n<p data-start=\"0\" data-end=\"474\">Para garantir a mobilidade dos paulistanos durante as festas de fim de ano, a <strong>SPTrans<\/strong> anunciou uma opera\u00e7\u00e3o especial para o <a href=\"https:\/\/vejasp.abril.com.br\/coluna\/terraco-paulistano\/natal-2025-um-roteiro-completo-de-compras-e-decoracoes-em-shoppings-de-sp\/\"><strong>Natal<\/strong> <\/a>e o <strong>R\u00e9veillon<\/strong> de 2025. O esquema inclui gratuidade nos \u00f4nibus municipais nos dias 25 de dezembro e 1\u00ba de janeiro, ajustes na frota, desvios de itiner\u00e1rios e mudan\u00e7as no funcionamento dos postos de atendimento, especialmente na regi\u00e3o da Avenida Paulista, que receber\u00e1 a tradicional festa de virada do ano.<\/p>\n<h3 data-start=\"0\" data-end=\"474\">Opera\u00e7\u00e3o dos \u00f4nibus<\/h3>\n<p data-start=\"476\" data-end=\"786\">No funcionamento da frota, o dia 24 de dezembro contar\u00e1 com opera\u00e7\u00e3o equivalente \u00e0 de qualquer outro s\u00e1bado. J\u00e1 nos dias 25 e 31 de dezembro e em 1\u00ba de janeiro, os \u00f4nibus circular\u00e3o com frota de domingo, e operar\u00e3o com tarifa gratuita.<\/p>\n<h3 data-start=\"476\" data-end=\"786\">Altera\u00e7\u00f5es na rota<\/h3>\n<p data-start=\"788\" data-end=\"1338\">Em raz\u00e3o da montagem e desmontagem da estrutura do R\u00e9veillon na Paulista, haver\u00e1 altera\u00e7\u00f5es importantes no tr\u00e2nsito e nos itiner\u00e1rios de \u00f4nibus. At\u00e9 o dia 6 de janeiro, entre 22h e 5h, o <strong>T\u00fanel Jos\u00e9 Roberto F. Mellen<\/strong>, que liga a<strong> Avenida Paulista<\/strong> e a<strong> Doutor Arnaldo<\/strong>, ficar\u00e1 totalmente interditado.<\/p>\n<p data-start=\"788\" data-end=\"1338\">A Avenida Paulista tamb\u00e9m ter\u00e1 bloqueio integral at\u00e9 as 5h do dia 6, no trecho entre a <strong>Rua Bela Cintra<\/strong> e a <strong>Rua Haddock Lobo<\/strong>. A partir das 20h do dia 30 de dezembro at\u00e9 o t\u00e9rmino da festa, em 1\u00ba de janeiro, a interdi\u00e7\u00e3o ser\u00e1 ampliada para todo o trecho entre a Rua Teixeira da Silva e a Rua da Consola\u00e7\u00e3o.<\/p>\n<div class=\"ads post-ads noreadme-audima\">\n    <span class=\"title\">Continua ap\u00f3s a publicidade<\/span><\/p>\n<div class=\"abrAD\" data-format=\"intext\"><\/div>\n<\/div>\n<h3 data-start=\"788\" data-end=\"1338\">Opera\u00e7\u00e3o especial para a virada<\/h3>\n<p data-start=\"1340\" data-end=\"1959\">Para atender ao p\u00fablico esperado na virada do ano, a SPTrans organizou uma opera\u00e7\u00e3o especial com<strong> 46 linhas<\/strong> e cerca de <strong>500 ve\u00edculos<\/strong>. Com a interdi\u00e7\u00e3o da Avenida Paulista, o desembarque dos passageiros ser\u00e1 realizado em vias pr\u00f3ximas, como a Rua da Consola\u00e7\u00e3o, Avenida Brigadeiro Lu\u00eds Ant\u00f4nio, Alameda Santos e as ruas Cincinato Braga, S\u00e3o Carlos do Pinhal e Ant\u00f4nio Carlos.<\/p>\n<p data-start=\"1340\" data-end=\"1959\">As esta\u00e7\u00f5es Paulista e Brigadeiro do Metr\u00f4 ser\u00e3o os principais pontos de integra\u00e7\u00e3o para acesso ao evento. A opera\u00e7\u00e3o contar\u00e1 ainda com o apoio de 73 t\u00e9cnicos de transporte, 21 viaturas e dez motocicletas para orienta\u00e7\u00e3o de usu\u00e1rios e motoristas.<\/p>\n<div id=\"relacionadas\" class=\"block noreadme-audima three_columns\">\n<ul class=\"block-menu\">\n<li data-tab=\"tab-1\" class=\"active\">Relacionadas<\/li>\n<\/ul>\n<div id=\"tab-1\" class=\"block-content active\">\n<ul class=\"relacionadas-s-img\">\n<li class=\"widget-news-item without-thumb with-border\">\n<div class=\"widget-news-info\"><a href=\"\/cidades\">Cidades<\/a><span class=\"widget-news-item-title\"><a href=\"https:\/\/vejasp.abril.com.br\/cidades\/natal-solidario-confira-iniciativas-e-saiba-como-fazer-doacoes\/\">Natal solid\u00e1rio: confira iniciativas e saiba como fazer doa\u00e7\u00f5es<\/a><\/span><span class=\"widget-news-item-date\">18 dez 2025 &#8211; 15h12<\/span><\/div>\n<\/li>\n<li class=\"widget-news-item without-thumb with-border\">\n<div class=\"widget-news-info\"><a href=\"\/bichos\">Bichos<\/a><span class=\"widget-news-item-title\"><a href=\"https:\/\/vejasp.abril.com.br\/bichos\/alesp-aprova-lei-que-permite-enterrar-caes-e-gatos-em-jazigos-da-familia\/\">Alesp aprova lei que permite enterrar c\u00e3es e gatos em jazigos da fam\u00edlia<\/a><\/span><span class=\"widget-news-item-date\">18 dez 2025 &#8211; 14h12<\/span><\/div>\n<\/li>\n<li class=\"widget-news-item without-thumb with-border\">\n<div class=\"widget-news-info\"><a href=\"\/cidades\">Cidades<\/a><span class=\"widget-news-item-title\"><a href=\"https:\/\/vejasp.abril.com.br\/cidades\/acidente-em-escada-rolante-na-estacao-bras-da-cptm-deixa-13-feridos\/\">Acidente em escada rolante na esta\u00e7\u00e3o Br\u00e1s da CPTM deixa 13 feridos<\/a><\/span><span class=\"widget-news-item-date\">18 dez 2025 &#8211; 13h12<\/span><\/div>\n<\/li>\n<\/ul>\n<\/div>\n<\/div>\n<h3 data-start=\"1340\" data-end=\"1959\">Postos de atendimento<\/h3>\n<p data-start=\"1961\" data-end=\"2640\" data-is-last-node=\"\" data-is-only-node=\"\">O funcionamento dos postos de atendimento e venda tamb\u00e9m sofrer\u00e1 altera\u00e7\u00f5es. Nos dias 24 e 31 de dezembro, os postos em terminais de \u00f4nibus e no Expresso Tiradentes funcionar\u00e3o das 6h \u00e0s 18h, enquanto os postos Jabaquara, Santana e o Posto Central da SPTrans permanecer\u00e3o fechados. Nos dias 25 de dezembro e 1\u00ba de janeiro, todos os postos de atendimento da SPTrans estar\u00e3o fechados, em raz\u00e3o da gratuidade nos \u00f4nibus.<\/p>\n<p data-start=\"1961\" data-end=\"2640\" data-is-last-node=\"\" data-is-only-node=\"\">O atendimento ser\u00e1 retomado normalmente nos dias 26 de dezembro e 2 de janeiro. J\u00e1 os postos localizados nas unidades do Descomplica SP n\u00e3o funcionar\u00e3o nos dias 24, 25 e 31 de dezembro e 1\u00ba de janeiro, com retomada tamb\u00e9m nos dias 26 de dezembro e 2 de janeiro.<\/p>\n<\/div>\n<\/div>\n<\/div>\n<\/div>\n<div class=\"z-0 flex min-h-[46px] justify-start\">\n<div class=\"ads post-ads noreadme-audima\">\n    <span class=\"title\">Continua ap\u00f3s a publicidade<\/span><\/p>\n<div class=\"abrAD\" data-format=\"intext\"><\/div>\n<\/div>\n<div class=\"box-app-phone-share noreadme-audima\">\n<div class=\"title-phone-share\">Compartilhe essa mat\u00e9ria via:<\/div>\n<div class=\"buttoms-phone-share\">\n\t\t<a class=\"whatsapp\" id=\"whatsappShare\" rel=\"nofollow\" aria-label=\"Compartilhe no Whatsapp\" target=\"_blank\" href=\"https:\/\/api.whatsapp.com\/send?text=https:\/\/vejasp.abril.com.br\/cidades\/saiba-como-funcionara-a-operacao-de-onibus-no-natal-e-ano-novo\/?utm_medium=whatsapp&amp;utm_source=shortcode_vejinhas\"><span>WhatsAPP<\/span><\/a><br \/>\n\t\t<a class=\"telegram\" id=\"telegramShare\" rel=\"nofollow\" aria-label=\"Compartilhe no Telegram\" target=\"_blank\" href=\"https:\/\/telegram.me\/share\/url?url=https:\/\/vejasp.abril.com.br\/cidades\/saiba-como-funcionara-a-operacao-de-onibus-no-natal-e-ano-novo\/?utm_medium=telegram&amp;utm_source=shortcode_vejinhas\"><span>Telegram<\/span><\/a>\n\t\t<\/div>\n<\/p><\/div>\n<\/div>\n<div class=\"mt-3 w-full empty:hidden\">\n<div class=\"text-center\"><\/div>\n<\/div>\n<\/div>\n<\/div>\n<\/article>\n<div class=\"ads post-ads noreadme-audima\">\n    <span class=\"title\">Continua ap\u00f3s a publicidade<\/span><\/p>\n<div class=\"abrAD\" data-format=\"intext\"><\/div>\n<\/div>\n<\/div>\n<div class=\"pointer-events-none h-px w-px absolute bottom-0\" aria-hidden=\"true\" data-edge=\"true\"><\/div>\n<div class=\"ads after-text noreadme-audima\">\n    <span class=\"title\">Publicidade<\/span><\/p>\n<div class=\"abrAD\" data-format=\"aftertext\" data-mapping=\"intext\"><\/div>\n<\/div>\n<p><br \/>\n<br \/><a href=\"https:\/\/vejasp.abril.com.br\/cidades\/saiba-como-funcionara-a-operacao-de-onibus-no-natal-e-ano-novo\/\">Fonte do Artigo <\/a><br \/>\nTags:<br \/>\n#loterias #loteriascaixa #megasena #resultadoapostas#noticias #noticiario  #noticia #brasil #noticiascolombia #mundo #esporte #colombia #noticiadeld #ltimasnoticias  #noticiario #noticiasregionales #noticiasdepartamentales #noticiashoy #esportes #noticiaahora #elinformantenoticias #noticiasdeboyac  #esporteinterativo #esportivo #diariodosesportes  #noticiero  #jogodefutebol #jogos #loto #apostas<\/p>\n","protected":false},"excerpt":{"rendered":"<p>Continua ap\u00f3s a publicidade Para garantir a mobilidade dos paulistanos durante as festas de fim de ano, a SPTrans anunciou uma opera\u00e7\u00e3o especial para o Natal e o R\u00e9veillon de 2025. O esquema inclui gratuidade nos \u00f4nibus municipais nos dias 25 de dezembro e 1\u00ba de janeiro, ajustes na frota, desvios de itiner\u00e1rios e mudan\u00e7as [&hellip;]<\/p>\n","protected":false},"author":1,"featured_media":104928,"comment_status":"open","ping_status":"open","sticky":false,"template":"","format":"standard","meta":{"footnotes":""},"categories":[1],"tags":[],"class_list":["post-104993","post","type-post","status-publish","format-standard","has-post-thumbnail","hentry","category-curso-de-copy"],"_links":{"self":[{"href":"https:\/\/wiy.com.br\/noticias\/wp-json\/wp\/v2\/posts\/104993","targetHints":{"allow":["GET"]}}],"collection":[{"href":"https:\/\/wiy.com.br\/noticias\/wp-json\/wp\/v2\/posts"}],"about":[{"href":"https:\/\/wiy.com.br\/noticias\/wp-json\/wp\/v2\/types\/post"}],"author":[{"embeddable":true,"href":"https:\/\/wiy.com.br\/noticias\/wp-json\/wp\/v2\/users\/1"}],"replies":[{"embeddable":true,"href":"https:\/\/wiy.com.br\/noticias\/wp-json\/wp\/v2\/comments?post=104993"}],"version-history":[{"count":0,"href":"https:\/\/wiy.com.br\/noticias\/wp-json\/wp\/v2\/posts\/104993\/revisions"}],"wp:featuredmedia":[{"embeddable":true,"href":"https:\/\/wiy.com.br\/noticias\/wp-json\/wp\/v2\/media\/104928"}],"wp:attachment":[{"href":"https:\/\/wiy.com.br\/noticias\/wp-json\/wp\/v2\/media?parent=104993"}],"wp:term":[{"taxonomy":"category","embeddable":true,"href":"https:\/\/wiy.com.br\/noticias\/wp-json\/wp\/v2\/categories?post=104993"},{"taxonomy":"post_tag","embeddable":true,"href":"https:\/\/wiy.com.br\/noticias\/wp-json\/wp\/v2\/tags?post=104993"}],"curies":[{"name":"wp","href":"https:\/\/api.w.org\/{rel}","templated":true}]}}