{"id":104740,"date":"2025-12-15T14:21:35","date_gmt":"2025-12-15T17:21:35","guid":{"rendered":"https:\/\/wiy.com.br\/noticias\/video-equipe-da-enel-e-flagrada-fazendo-dancinha-no-meio-do-apagao\/"},"modified":"2025-12-15T14:21:35","modified_gmt":"2025-12-15T17:21:35","slug":"video-equipe-da-enel-e-flagrada-fazendo-dancinha-no-meio-do-apagao","status":"publish","type":"post","link":"https:\/\/wiy.com.br\/noticias\/video-equipe-da-enel-e-flagrada-fazendo-dancinha-no-meio-do-apagao\/","title":{"rendered":"V\u00cdDEO: Equipe da Enel \u00e9 flagrada fazendo dancinha no meio do apag\u00e3o"},"content":{"rendered":"<p> <br \/>\n<br \/><img title = \"[Tags]\"alt = \"IMG_8536 V\u00cdDEO: Equipe da Enel \u00e9 flagrada fazendo dancinha no meio do apag\u00e3o\"decoding=\"async\" src=\"https:\/\/vejasp.abril.com.br\/wp-content\/uploads\/2025\/12\/IMG_8536.webp\" \/><\/p>\n<p><span class=\"s1\">Um v\u00eddeo de funcion\u00e1rios terceirizados da Enel flagrados dan\u00e7ando na <strong>Avenida Paulista<\/strong> em meio ao <strong>apag\u00e3o <\/strong><\/span><span class=\"s1\">que deixou cerca de 2,2 milh\u00f5es de resid\u00eancias <\/span>sem energia el\u00e9trica na \u00faltima quarta (10) viralizou nas redes sociais.<\/p>\n<p><span class=\"s1\">O registro foi feito por pedestres na sexta-feira (12) em frente ao Masp e foi compartilhado nas redes no final de semana. <\/span><\/p>\n<div class=\"noreadme-audima ads video-ads\">\n<div class=\"abrAD\" data-format=\"intext_video\"><\/div>\n<\/div>\n<p><span class=\"s1\">Nas imagens, tr\u00eas homens com uniformes da Enel realizam uma coreografia enquanto s\u00e3o filmados por uma mulher. <\/span><\/p>\n<p><span class=\"s1\">Segundo a Enel, a empresa respons\u00e1vel pelos colaboradores, a STN Empreendimentos e Constru\u00e7\u00f5es, afirmou que o grupo era parte da equipe de marketing e participava da grava\u00e7\u00e3o de um v\u00eddeo institucional.<\/span><\/p>\n<p><span class=\"s1\">\u201cOs colaboradores que aparecem nas imagens n\u00e3o exercem fun\u00e7\u00f5es operacionais, tampouco s\u00e3o <\/span><span class=\"s1\">eletricistas. A equipe de marketing da STN realizou grava\u00e7\u00f5es em diferentes pontos tur\u00edsticos ao longo dos estados onde a empresa atua\u201d, informaram, por meio de nota.<\/span><\/p>\n<div class=\"ads post-ads noreadme-audima\">\n    <span class=\"title\">Continua ap\u00f3s a publicidade<\/span><\/p>\n<div class=\"abrAD\" data-format=\"intext\"><\/div>\n<\/div>\n<p><span class=\"s1\">A Enel indicou que acionou a STN para tomar medidas cab\u00edveis em rela\u00e7\u00e3o ao ocorrido, que gerou repercuss\u00f5es negativas para a concession\u00e1ria. <\/span><\/p>\n<div class=\"box-app-phone-share noreadme-audima\">\n<div class=\"title-phone-share\">Compartilhe essa mat\u00e9ria via:<\/div>\n<div class=\"buttoms-phone-share\">\n\t\t<a class=\"whatsapp\" id=\"whatsappShare\" rel=\"nofollow\" aria-label=\"Compartilhe no Whatsapp\" target=\"_blank\" href=\"https:\/\/api.whatsapp.com\/send?text=https:\/\/vejasp.abril.com.br\/cidades\/video-equipe-da-enel-e-flagrada-fazendo-dancinha-no-meio-do-apagao\/?utm_medium=whatsapp&amp;utm_source=shortcode_vejinhas\"><span>WhatsAPP<\/span><\/a><br \/>\n\t\t<a class=\"telegram\" id=\"telegramShare\" rel=\"nofollow\" aria-label=\"Compartilhe no Telegram\" target=\"_blank\" href=\"https:\/\/telegram.me\/share\/url?url=https:\/\/vejasp.abril.com.br\/cidades\/video-equipe-da-enel-e-flagrada-fazendo-dancinha-no-meio-do-apagao\/?utm_medium=telegram&amp;utm_source=shortcode_vejinhas\"><span>Telegram<\/span><\/a>\n\t\t<\/div>\n<\/p><\/div>\n<div class=\"ads after-text noreadme-audima\">\n    <span class=\"title\">Publicidade<\/span><\/p>\n<div class=\"abrAD\" data-format=\"aftertext\" data-mapping=\"intext\"><\/div>\n<\/div>\n<p><br \/>\n<br \/><a href=\"https:\/\/vejasp.abril.com.br\/cidades\/video-equipe-da-enel-e-flagrada-fazendo-dancinha-no-meio-do-apagao\/\">Fonte do Artigo <\/a><br \/>\nTags:<br \/>\n#loterias #loteriascaixa #megasena #resultadoapostas#noticias #noticiario  #noticia #brasil #noticiascolombia #mundo #esporte #colombia #noticiadeld #ltimasnoticias  #noticiario #noticiasregionales #noticiasdepartamentales #noticiashoy #esportes #noticiaahora #elinformantenoticias #noticiasdeboyac  #esporteinterativo #esportivo #diariodosesportes  #noticiero  #jogodefutebol #jogos #loto #apostas<\/p>\n","protected":false},"excerpt":{"rendered":"<p>Um v\u00eddeo de funcion\u00e1rios terceirizados da Enel flagrados dan\u00e7ando na Avenida Paulista em meio ao apag\u00e3o que deixou cerca de 2,2 milh\u00f5es de resid\u00eancias sem energia el\u00e9trica na \u00faltima quarta (10) viralizou nas redes sociais. O registro foi feito por pedestres na sexta-feira (12) em frente ao Masp e foi compartilhado nas redes no final [&hellip;]<\/p>\n","protected":false},"author":1,"featured_media":104741,"comment_status":"open","ping_status":"open","sticky":false,"template":"","format":"standard","meta":{"footnotes":""},"categories":[1],"tags":[],"class_list":["post-104740","post","type-post","status-publish","format-standard","has-post-thumbnail","hentry","category-curso-de-copy"],"_links":{"self":[{"href":"https:\/\/wiy.com.br\/noticias\/wp-json\/wp\/v2\/posts\/104740","targetHints":{"allow":["GET"]}}],"collection":[{"href":"https:\/\/wiy.com.br\/noticias\/wp-json\/wp\/v2\/posts"}],"about":[{"href":"https:\/\/wiy.com.br\/noticias\/wp-json\/wp\/v2\/types\/post"}],"author":[{"embeddable":true,"href":"https:\/\/wiy.com.br\/noticias\/wp-json\/wp\/v2\/users\/1"}],"replies":[{"embeddable":true,"href":"https:\/\/wiy.com.br\/noticias\/wp-json\/wp\/v2\/comments?post=104740"}],"version-history":[{"count":0,"href":"https:\/\/wiy.com.br\/noticias\/wp-json\/wp\/v2\/posts\/104740\/revisions"}],"wp:featuredmedia":[{"embeddable":true,"href":"https:\/\/wiy.com.br\/noticias\/wp-json\/wp\/v2\/media\/104741"}],"wp:attachment":[{"href":"https:\/\/wiy.com.br\/noticias\/wp-json\/wp\/v2\/media?parent=104740"}],"wp:term":[{"taxonomy":"category","embeddable":true,"href":"https:\/\/wiy.com.br\/noticias\/wp-json\/wp\/v2\/categories?post=104740"},{"taxonomy":"post_tag","embeddable":true,"href":"https:\/\/wiy.com.br\/noticias\/wp-json\/wp\/v2\/tags?post=104740"}],"curies":[{"name":"wp","href":"https:\/\/api.w.org\/{rel}","templated":true}]}}