{"id":104600,"date":"2025-12-13T14:33:18","date_gmt":"2025-12-13T17:33:18","guid":{"rendered":"https:\/\/wiy.com.br\/noticias\/justica-determina-que-enel-restabeleca-fornecimento-imediatamente-na-grande-sp\/"},"modified":"2025-12-13T14:33:18","modified_gmt":"2025-12-13T17:33:18","slug":"justica-determina-que-enel-restabeleca-fornecimento-imediatamente-na-grande-sp","status":"publish","type":"post","link":"https:\/\/wiy.com.br\/noticias\/justica-determina-que-enel-restabeleca-fornecimento-imediatamente-na-grande-sp\/","title":{"rendered":"Justi\u00e7a determina que Enel restabele\u00e7a fornecimento imediatamente na Grande SP"},"content":{"rendered":"<p> <br \/>\n<br \/><img title = \"[Tags]\"alt = \"28008430-high.jpeg Justi\u00e7a determina que Enel restabele\u00e7a fornecimento imediatamente na Grande SP\"decoding=\"async\" src=\"https:\/\/vejasp.abril.com.br\/wp-content\/uploads\/2024\/10\/28008430-high.jpeg.jpg\" \/><\/p>\n<p data-path-to-node=\"3\">Uma decis\u00e3o do Tribunal de Justi\u00e7a de S\u00e3o Paulo (TJSP), a pedido do <b>Minist\u00e9rio P\u00fablico (MP-SP)<\/b> e da <b>Defensoria P\u00fablica<\/b>, determinou que a concession\u00e1ria <b>Enel <\/b>restabele\u00e7a\u00a0de <b>imediato<\/b> a no m\u00e1ximo <b>4 horas <\/b>o fornecimento de energia em pontos essenciais e \u00e1reas de alta vulnerabilidade, sob pena de multa de R$ 200 mil por hora de descumprimento. A decis\u00e3o \u00e9 de sexta-feira (12).<\/p>\n<p data-path-to-node=\"4\">A A\u00e7\u00e3o Civil P\u00fablica (ACP) foi ajuizada ap\u00f3s uma ventania atingir a Grande S\u00e3o Paulo na quarta-feira (10) causar uma interrup\u00e7\u00e3o massiva, afetando 2,2 milh\u00f5es de consumidores.<\/p>\n<div class=\"noreadme-audima ads video-ads\">\n<div class=\"abrAD\" data-format=\"intext_video\"><\/div>\n<\/div>\n<p data-path-to-node=\"4\">No terceiro dia de crise, com mais de <b>50 horas de blecaute<\/b>, cerca de <b>700 mil unidades consumidoras<\/b> (impactando mais de dois milh\u00f5es de pessoas) permaneciam sem luz e sem qualquer previs\u00e3o de normaliza\u00e7\u00e3o por parte da empresa.<\/p>\n<p data-path-to-node=\"6\">O juiz respons\u00e1vel pela decis\u00e3o considerou a situa\u00e7\u00e3o de &#8220;perigo de dano&#8221; e &#8220;probabilidade do direito&#8221; evidente, citando o dever da Enel de prestar um servi\u00e7o p\u00fablico essencial, cont\u00ednuo e eficiente, conforme a Constitui\u00e7\u00e3o e o C\u00f3digo de Defesa do Consumidor (CDC).<\/p>\n<p data-path-to-node=\"7\">A determina\u00e7\u00e3o judicial estabeleceu prioridade m\u00e1xima para o restabelecimento do servi\u00e7o nos seguintes locais e situa\u00e7\u00f5es:<\/p>\n<div class=\"ads post-ads noreadme-audima\">\n    <span class=\"title\">Continua ap\u00f3s a publicidade<\/span><\/p>\n<div class=\"abrAD\" data-format=\"intext\"><\/div>\n<\/div>\n<ul data-path-to-node=\"8\">\n<li>\n<p data-path-to-node=\"8,0,0\"><b>Unidades Hospitalares e servi\u00e7os de sa\u00fade<\/b>, incluindo as 114 unidades sem energia desde quinta-feira (11)<\/p>\n<\/li>\n<li>\n<p data-path-to-node=\"8,1,0\"><b>Eletrodependentes<\/b> cadastrados, cuja vida depende do fornecimento cont\u00ednuo<\/p>\n<\/li>\n<li>\n<p data-path-to-node=\"8,2,0\"><b>Institui\u00e7\u00f5es p\u00fablicas essenciais<\/b> (delegacias, pres\u00eddios, equipamentos de seguran\u00e7a)<\/p>\n<\/li>\n<li>\n<p data-path-to-node=\"8,3,0\"><b>Creches, escolas<\/b> e locais de provas (como vestibulares de final de ano)<\/p>\n<\/li>\n<li>\n<p data-path-to-node=\"8,4,0\"><b>Sistemas de abastecimento de \u00e1gua e saneamento<\/b> (instala\u00e7\u00f5es da Sabesp e condom\u00ednios com bombas el\u00e9tricas)<\/p>\n<\/li>\n<li>\n<p data-path-to-node=\"8,5,0\"><b>Locais com pessoas vulner\u00e1veis<\/b>, como idosos e pessoas com defici\u00eancia<\/p>\n<\/li>\n<\/ul>\n<p data-path-to-node=\"9\">Para as <b>demais unidades consumidoras<\/b> o prazo m\u00e1ximo para o restabelecimento total do fornecimento era de 12 horas.<\/p>\n<p data-path-to-node=\"11\">Al\u00e9m da ordem de religa\u00e7\u00e3o, a Justi\u00e7a tamb\u00e9m determinou que a Enel forne\u00e7a informa\u00e7\u00f5es mais claras aos clientes em 12 horas, tamb\u00e9m sujeita \u00e0 multa em caso de descumprimento.<\/p>\n<div class=\"ads post-ads noreadme-audima\">\n    <span class=\"title\">Continua ap\u00f3s a publicidade<\/span><\/p>\n<div class=\"abrAD\" data-format=\"intext\"><\/div>\n<\/div>\n<h3 data-path-to-node=\"11\">Ainda no escuro<\/h3>\n<p>Neste s\u00e1bado (13) ao menos <span>417.405 clientes da Enel na Grande S\u00e3o Paulo continuavam sem fornecimento de energia el\u00e9trica. <\/span>Isso representa cerca de 4,9% de todos os clientes da empresa na regi\u00e3o metropolitana &#8211; desse volume, quase 300 mil est\u00e3o na capital.<\/p>\n<p>Segundo a Enel, &#8220;e<span>m algumas localidades, o restabelecimento \u00e9 mais complexo, pois envolve a reconstru\u00e7\u00e3o da rede, com substitui\u00e7\u00e3o de postes, transformadores e, por vezes, recondu\u00e7\u00e3o de quil\u00f4metros de cabos&#8221;.\u00a0<\/span><\/p>\n<p>De acordo com a Enel, o fornecimento para todos os clientes deve ser normalizado at\u00e9 o fim de domingo (14).<\/p>\n<div class=\"ads post-ads noreadme-audima\">\n    <span class=\"title\">Continua ap\u00f3s a publicidade<\/span><\/p>\n<div class=\"abrAD\" data-format=\"intext\"><\/div>\n<\/div>\n<p>Por nota, a empresa informou que\u00a0n\u00e3o foi intimada da decis\u00e3o judicial e segue trabalhando para restabelecer o fornecimento de energia.<\/p>\n<div id=\"relacionadas\" class=\"block noreadme-audima three_columns\">\n<ul class=\"block-menu\">\n<li data-tab=\"tab-1\" class=\"active\">Relacionadas<\/li>\n<\/ul>\n<div id=\"tab-1\" class=\"block-content active\">\n<ul class=\"relacionadas-s-img\">\n<li class=\"widget-news-item without-thumb with-border\">\n<div class=\"widget-news-info\"><a href=\"\/cidades\">Cidades<\/a><span class=\"widget-news-item-title\"><a href=\"https:\/\/vejasp.abril.com.br\/cidades\/apagao-enel-ainda-mantem-no-escuro-417-405-clientes-na-grande-sp\/\">Apag\u00e3o: Enel ainda mant\u00e9m no escuro 417.405 clientes na Grande SP<\/a><\/span><span class=\"widget-news-item-date\">13 dez 2025 &#8211; 12h12<\/span><\/div>\n<\/li>\n<li class=\"widget-news-item without-thumb with-border\">\n<div class=\"widget-news-info\"><a href=\"\/cidades\">Cidades<\/a><span class=\"widget-news-item-title\"><a href=\"https:\/\/vejasp.abril.com.br\/cidades\/avenida-paulista-tera-manifestacao-contra-congresso-neste-domingo-14\/\">Avenida Paulista ter\u00e1 manifesta\u00e7\u00e3o contra congresso neste domingo (14)<\/a><\/span><span class=\"widget-news-item-date\">12 dez 2025 &#8211; 16h12<\/span><\/div>\n<\/li>\n<li class=\"widget-news-item without-thumb with-border\">\n<div class=\"widget-news-info\"><a href=\"\/cultura-lazer\">Cultura &amp; Lazer<\/a><span class=\"widget-news-item-title\"><a href=\"https:\/\/vejasp.abril.com.br\/cultura-lazer\/roteiro-cultural-confira-o-que-fazer-neste-final-de-semana-na-cidade\/\">Roteiro cultural: confira o que fazer neste final de semana na cidade<\/a><\/span><span class=\"widget-news-item-date\">12 dez 2025 &#8211; 15h12<\/span><\/div>\n<\/li>\n<\/ul>\n<\/div>\n<\/div>\n<div class=\"ads after-text noreadme-audima\">\n    <span class=\"title\">Publicidade<\/span><\/p>\n<div class=\"abrAD\" data-format=\"aftertext\" data-mapping=\"intext\"><\/div>\n<\/div>\n<p><br \/>\n<br \/><a href=\"https:\/\/vejasp.abril.com.br\/cidades\/justica-determina-que-enel-restabeleca-fornecimento-imediatamente-na-grande-sp\/\">Fonte do Artigo <\/a><br \/>\nTags:<br \/>\n#loterias #loteriascaixa #megasena #resultadoapostas#noticias #noticiario  #noticia #brasil #noticiascolombia #mundo #esporte #colombia #noticiadeld #ltimasnoticias  #noticiario #noticiasregionales #noticiasdepartamentales #noticiashoy #esportes #noticiaahora #elinformantenoticias #noticiasdeboyac  #esporteinterativo #esportivo #diariodosesportes  #noticiero  #jogodefutebol #jogos #loto #apostas<\/p>\n","protected":false},"excerpt":{"rendered":"<p>Uma decis\u00e3o do Tribunal de Justi\u00e7a de S\u00e3o Paulo (TJSP), a pedido do Minist\u00e9rio P\u00fablico (MP-SP) e da Defensoria P\u00fablica, determinou que a concession\u00e1ria Enel restabele\u00e7a\u00a0de imediato a no m\u00e1ximo 4 horas o fornecimento de energia em pontos essenciais e \u00e1reas de alta vulnerabilidade, sob pena de multa de R$ 200 mil por hora de [&hellip;]<\/p>\n","protected":false},"author":1,"featured_media":104601,"comment_status":"open","ping_status":"open","sticky":false,"template":"","format":"standard","meta":{"footnotes":""},"categories":[1],"tags":[],"class_list":["post-104600","post","type-post","status-publish","format-standard","has-post-thumbnail","hentry","category-curso-de-copy"],"_links":{"self":[{"href":"https:\/\/wiy.com.br\/noticias\/wp-json\/wp\/v2\/posts\/104600","targetHints":{"allow":["GET"]}}],"collection":[{"href":"https:\/\/wiy.com.br\/noticias\/wp-json\/wp\/v2\/posts"}],"about":[{"href":"https:\/\/wiy.com.br\/noticias\/wp-json\/wp\/v2\/types\/post"}],"author":[{"embeddable":true,"href":"https:\/\/wiy.com.br\/noticias\/wp-json\/wp\/v2\/users\/1"}],"replies":[{"embeddable":true,"href":"https:\/\/wiy.com.br\/noticias\/wp-json\/wp\/v2\/comments?post=104600"}],"version-history":[{"count":0,"href":"https:\/\/wiy.com.br\/noticias\/wp-json\/wp\/v2\/posts\/104600\/revisions"}],"wp:featuredmedia":[{"embeddable":true,"href":"https:\/\/wiy.com.br\/noticias\/wp-json\/wp\/v2\/media\/104601"}],"wp:attachment":[{"href":"https:\/\/wiy.com.br\/noticias\/wp-json\/wp\/v2\/media?parent=104600"}],"wp:term":[{"taxonomy":"category","embeddable":true,"href":"https:\/\/wiy.com.br\/noticias\/wp-json\/wp\/v2\/categories?post=104600"},{"taxonomy":"post_tag","embeddable":true,"href":"https:\/\/wiy.com.br\/noticias\/wp-json\/wp\/v2\/tags?post=104600"}],"curies":[{"name":"wp","href":"https:\/\/api.w.org\/{rel}","templated":true}]}}