{"id":104414,"date":"2025-12-11T00:23:48","date_gmt":"2025-12-11T03:23:48","guid":{"rendered":"https:\/\/wiy.com.br\/noticias\/cade-os-insetos-que-estavam-aqui-sumico-gera-alerta-global\/"},"modified":"2025-12-11T00:24:05","modified_gmt":"2025-12-11T03:24:05","slug":"cade-os-insetos-que-estavam-aqui-sumico-gera-alerta-global","status":"publish","type":"post","link":"https:\/\/wiy.com.br\/noticias\/cade-os-insetos-que-estavam-aqui-sumico-gera-alerta-global\/","title":{"rendered":"Cad\u00ea os insetos que estavam aqui? Sumi\u00e7o gera alerta global"},"content":{"rendered":"<p> <br \/>\n<\/p>\n<p>J\u00e1 \u00e9 realidade que as popula\u00e7\u00f5es de insetos est\u00e3o desaparecendo mundo afora. Um exemplo s\u00e3o os vaga-lumes, s\u00edmbolos do que os cientistas chamam de &#8220;apocalipse dos insetos&#8221;.<\/p>\n<p>Essa situa\u00e7\u00e3o ocorre em todo o planeta, mesmo em \u00e1reas mais isoladas, por conta da chegada dos europeus s\u00e9culos atr\u00e1s.<\/p>\n<\/p>\n<div class=\"wp-block-image\">\n<figure class=\"aligncenter size-full\"><figcaption class=\"wp-element-caption\">Vaga-lumes, por exemplo, est\u00e3o sumindo tamb\u00e9m (Imagem: Fer Gregory\/Shutterstock)<\/figcaption><\/figure>\n<\/div>\n<p>Para ilustrar o cen\u00e1rio, pesquisadores constru\u00edram uma linha do tempo para entender a despopulariza\u00e7\u00e3o de insetos nas ilhas de Fiji, arquip\u00e9lago isolado da Oceania. Os resultados foram alarmantes: 80% das esp\u00e9cies end\u00eamicas podem desaparecer.<\/p>\n<p>O professor titular de Ecologia do Instituto de Biologia da Unicamp Paulo S. Oliveira explica, ao <em><a href=\"https:\/\/jornal.unicamp.br\/noticias\/2025\/11\/25\/desaparecimento-de-insetos-acende-alerta-global\/\" target=\"_blank\" rel=\"noreferrer noopener\">Jornal da Unicamp<\/a><\/em>, como e por que esse processo est\u00e1 acontecendo na regi\u00e3o.<\/p>\n<p>&#8220;Isso come\u00e7ou h\u00e1 s\u00e9culos, com a chegada dos europeus, que passaram a explorar a regi\u00e3o e trouxeram, nas embarca\u00e7\u00f5es, insetos que n\u00e3o eram naturais das ilhas de Fiji. Pequenos invasores que se adaptaram r\u00e1pido ao ambiente. Resultado? Uma disputa por alimento e espa\u00e7o com esp\u00e9cies locais&#8221;, diz.<\/p>\n<\/p>\n<div class=\"wp-block-image\">\n<figure class=\"aligncenter size-large\"><img title = \"[Tags]\"loading=\"lazy\" decoding=\"async\" width=\"852\" height=\"1024\" src=\"https:\/\/olhardigital.com.br\/wp-content\/uploads\/2025\/12\/ilhas_fiji-852x1024.jpg\"alt = \"ilhas_fiji-852x1024 Cad\u00ea os insetos que estavam aqui? Sumi\u00e7o gera alerta global\" class=\"wp-image-1231526\" \/><figcaption class=\"wp-element-caption\">Problema se d\u00e1 mesmo em regi\u00f5es isoladas, como nas ilhas de Fiji (Imagem: Taras Vyshnya\/Shutterstock)<\/figcaption><\/figure>\n<\/div>\n<h2 class=\"wp-block-heading\" id=\"h-desaparecimento-de-familias-de-insetos-e-situacao-urgente\">Desaparecimento de fam\u00edlias de insetos \u00e9 situa\u00e7\u00e3o urgente<\/h2>\n<ul>\n<li>A pesquisa \u00e9 um alerta para o mundo todo, pois, se em \u00e1reas bem protegidas, como as ilhas de Fiji, imagine como a situa\u00e7\u00e3o est\u00e1 nas regi\u00f5es j\u00e1 degradadas, como a Amaz\u00f4nia;<\/li>\n<li>&#8220;Em estudo feito pela Unicamp, vimos que, na Mata Atl\u00e2ntica, o comportamento de esp\u00e9cies nativas tamb\u00e9m muda com a presen\u00e7a de invasoras, que se adaptam a qualquer ambiente. E isso coloca essas esp\u00e9cies em risco&#8221;, pontua o professor;<\/li>\n<li>O pesquisador aponta ser poss\u00edvel criar um ranqueamento das press\u00f5es que mais afetam os insetos e colaboram para sua extermina\u00e7\u00e3o:\n<ul>\n<li>Uso excessivo de pesticidas;<\/li>\n<li>Destrui\u00e7\u00e3o de habitats;<\/li>\n<li>Mudan\u00e7as clim\u00e1ticas.<\/li>\n<\/ul>\n<\/li>\n<li>&#8220;Somadas, essas amea\u00e7as aceleram o desequil\u00edbrio dos ecossistemas&#8221;, conjectura.<\/li>\n<\/ul>\n<p><strong>Leia mais:<\/strong><\/p>\n<ul>\n<li>Como as formigas se comunicam? Entenda o complexo sistema social desses insetos<\/li>\n<li>Como insetos capturados por resina viram f\u00f3sseis? Conhe\u00e7a o \u00e2mbar<\/li>\n<li>Abelhas mostram capacidade in\u00e9dita de perceber o tempo em flashes de luz<\/li>\n<\/ul>\n<div class=\"wp-block-image\">\n<figure class=\"aligncenter size-large\"><img title = \"[Tags]\"loading=\"lazy\" decoding=\"async\" width=\"1024\" height=\"756\" src=\"https:\/\/olhardigital.com.br\/wp-content\/uploads\/2025\/09\/formigas-1-1024x756.jpg\"alt = \"ilhas_fiji-852x1024 Cad\u00ea os insetos que estavam aqui? Sumi\u00e7o gera alerta global\" class=\"wp-image-1180396\" \/><figcaption class=\"wp-element-caption\">Formigas s\u00e3o vitais ppara o ecossistema do planeta (Imagem: Almacron \/ iStock)<\/figcaption><\/figure>\n<\/div>\n<h2 class=\"wp-block-heading\" id=\"h-por-que-essa-classe-de-animal-e-importante-para-nos-e-o-planeta\">Por que essa classe de animal \u00e9 importante para n\u00f3s e o planeta?<\/h2>\n<p>Muito se engana quem pensa que os insetos t\u00eam pouca ou nenhuma import\u00e2ncia, ou que s\u00e3o irritantes e sem serventia. \u00c9 s\u00f3 olharmos as formigas, que mant\u00e9m o solo vivo, auxiliam na decomposi\u00e7\u00e3o de mat\u00e9ria org\u00e2nica e algumas ainda permitem importantes processos naturais, como a poliniza\u00e7\u00e3o.<\/p>\n<p>&#8220;Sem as formigas, o maior impacto seria em rela\u00e7\u00e3o ao preparo dessa terra, que ficaria muito dura e compacta, afetando o desenvolvimento da flora e, consequentemente, da fauna que depende dela&#8221;, completa Oliveira.<\/p>\n<p>O post Cad\u00ea os insetos que estavam aqui? Sumi\u00e7o gera alerta global apareceu primeiro em Olhar Digital.<\/p>\n<p><br \/>\n<br \/><a href=\"https:\/\/olhardigital.com.br\/2025\/12\/10\/ciencia-e-espaco\/cade-os-insetos-que-estavam-aqui-sumico-gera-alerta-global\/\">Fonte do Artigo <\/a><br \/>\nTags:<\/p>\n<p><a title=\"Gestor de Tr\u00e1fego\" href=\"https:\/\/www.gestor-de-trafego.com\/\" target=\"_blank\"><strong>Gestor de Tr\u00e1fego<\/strong><\/a><\/p>\n<p><a href=\"https:\/\/wiy.com.br\/noticias\/categoria\/tecnologia\/\">#tecnologia<\/a> <a href=\"https:\/\/wiy.com.br\/noticias\/categoria\/tecnologia\/\">#tecnologias<\/a> <a href=\"https:\/\/wiy.com.br\/noticias\/categoria\/tecnologia\/\">#technology<\/a> <a href=\"https:\/\/wiy.com.br\/noticias\/categoria\/tecnologia\/\">#tecnolog<\/a> <a href=\"https:\/\/wiy.com.br\/noticias\/categoria\/tecnologia\/\">#iphone<\/a> <a href=\"https:\/\/wiy.com.br\/noticias\/categoria\/tecnologia\/\">#informatica<\/a> <a href=\"https:\/\/wiy.com.br\/noticias\/categoria\/tecnologia\/\">#tech<\/a> <a href=\"https:\/\/wiy.com.br\/noticias\/categoria\/tecnologia\/\">#design<\/a> <a href=\"https:\/\/wiy.com.br\/noticias\/categoria\/tecnologia\/\">#samsung<\/a> <a href=\"https:\/\/wiy.com.br\/noticias\/categoria\/tecnologia\/\">#internet<\/a> <a href=\"https:\/\/wiy.com.br\/noticias\/categoria\/tecnologia\/\">#apple<\/a> <a href=\"https:\/\/wiy.com.br\/noticias\/categoria\/tecnologia\/\">#smartphone<\/a> <a href=\"https:\/\/wiy.com.br\/noticias\/categoria\/tecnologia\/\">#seguranca<\/a> <a href=\"https:\/\/wiy.com.br\/noticias\/categoria\/tecnologia\/\">#venezuela<\/a> <a href=\"https:\/\/wiy.com.br\/noticias\/categoria\/tecnologia\/\">#celular<\/a> <a href=\"https:\/\/wiy.com.br\/noticias\/categoria\/tecnologia\/\">#celulares<\/a> <a href=\"https:\/\/wiy.com.br\/noticias\/categoria\/tecnologia\/\">#inovar<\/a> <a href=\"https:\/\/wiy.com.br\/noticias\/categoria\/tecnologia\/\">#qualidade<\/a> <a href=\"https:\/\/wiy.com.br\/noticias\/categoria\/tecnologia\/\">#software<\/a> <a href=\"https:\/\/wiy.com.br\/noticias\/categoria\/tecnologia\/\">#empresas<\/a> <a href=\"https:\/\/wiy.com.br\/noticias\/categoria\/tecnologia\/\">#cursos<\/a> <a href=\"https:\/\/wiy.com.br\/noticias\/categoria\/tecnologia\/\">#engenharia<\/a> <a href=\"https:\/\/wiy.com.br\/noticias\/categoria\/tecnologia\/\">#industria<\/a> <a href=\"https:\/\/wiy.com.br\/noticias\/categoria\/tecnologia\/\">#marketing<\/a> <a href=\"https:\/\/wiy.com.br\/noticias\/categoria\/tecnologia\/\">#ti<\/a> <a href=\"https:\/\/wiy.com.br\/noticias\/categoria\/tecnologia\/\">#tecnoblog<\/a> <a href=\"https:\/\/wiy.com.br\/noticias\/categoria\/tecnologia\/\">#veja<\/a> <a href=\"https:\/\/wiy.com.br\/noticias\/categoria\/tecnologia\/\">#olhardigital<\/a> <a href=\"https:\/\/wiy.com.br\/noticias\/categoria\/tecnologia\/\">#mundodigital<\/a> <a href=\"https:\/\/wiy.com.br\/noticias\/categoria\/tecnologia\/\">#inteligenciaartificial<\/a> <a href=\"https:\/\/wiy.com.br\/criacao-de-sites\/\">#criar site<\/a> <a href=\"https:\/\/wiy.com.br\/criacao-de-sites\/\">#criar site curitiba<\/a> <a href=\"https:\/\/wiy.com.br\/criacao-de-sites\/\">#wiysolutions<\/a><\/p>\n<p><a \n#Cad\u00ea #insetos #estavam #aqui #Sumi\u00e7o #gera #alerta #global\n<\/p>\n","protected":false},"excerpt":{"rendered":"<p>J\u00e1 \u00e9 realidade que as popula\u00e7\u00f5es de insetos est\u00e3o desaparecendo mundo afora. Um exemplo s\u00e3o os vaga-lumes, s\u00edmbolos do que os cientistas chamam de &#8220;apocalipse dos insetos&#8221;. Essa situa\u00e7\u00e3o ocorre em todo o planeta, mesmo em \u00e1reas mais isoladas, por conta da chegada dos europeus s\u00e9culos atr\u00e1s. Vaga-lumes, por exemplo, est\u00e3o sumindo tamb\u00e9m (Imagem: Fer [&hellip;]<\/p>\n","protected":false},"author":1,"featured_media":104415,"comment_status":"open","ping_status":"open","sticky":false,"template":"","format":"standard","meta":{"footnotes":""},"categories":[5],"tags":[],"class_list":["post-104414","post","type-post","status-publish","format-standard","has-post-thumbnail","hentry","category-tecnologia"],"_links":{"self":[{"href":"https:\/\/wiy.com.br\/noticias\/wp-json\/wp\/v2\/posts\/104414","targetHints":{"allow":["GET"]}}],"collection":[{"href":"https:\/\/wiy.com.br\/noticias\/wp-json\/wp\/v2\/posts"}],"about":[{"href":"https:\/\/wiy.com.br\/noticias\/wp-json\/wp\/v2\/types\/post"}],"author":[{"embeddable":true,"href":"https:\/\/wiy.com.br\/noticias\/wp-json\/wp\/v2\/users\/1"}],"replies":[{"embeddable":true,"href":"https:\/\/wiy.com.br\/noticias\/wp-json\/wp\/v2\/comments?post=104414"}],"version-history":[{"count":1,"href":"https:\/\/wiy.com.br\/noticias\/wp-json\/wp\/v2\/posts\/104414\/revisions"}],"predecessor-version":[{"id":104416,"href":"https:\/\/wiy.com.br\/noticias\/wp-json\/wp\/v2\/posts\/104414\/revisions\/104416"}],"wp:featuredmedia":[{"embeddable":true,"href":"https:\/\/wiy.com.br\/noticias\/wp-json\/wp\/v2\/media\/104415"}],"wp:attachment":[{"href":"https:\/\/wiy.com.br\/noticias\/wp-json\/wp\/v2\/media?parent=104414"}],"wp:term":[{"taxonomy":"category","embeddable":true,"href":"https:\/\/wiy.com.br\/noticias\/wp-json\/wp\/v2\/categories?post=104414"},{"taxonomy":"post_tag","embeddable":true,"href":"https:\/\/wiy.com.br\/noticias\/wp-json\/wp\/v2\/tags?post=104414"}],"curies":[{"name":"wp","href":"https:\/\/api.w.org\/{rel}","templated":true}]}}