{"id":104341,"date":"2025-12-10T03:01:51","date_gmt":"2025-12-10T06:01:51","guid":{"rendered":"https:\/\/wiy.com.br\/noticias\/motos-tem-isencao-de-ipva-veja-as-regras-e-quem-se-adequa\/"},"modified":"2025-12-10T03:02:00","modified_gmt":"2025-12-10T06:02:00","slug":"motos-tem-isencao-de-ipva-veja-as-regras-e-quem-se-adequa","status":"publish","type":"post","link":"https:\/\/wiy.com.br\/noticias\/motos-tem-isencao-de-ipva-veja-as-regras-e-quem-se-adequa\/","title":{"rendered":"Motos t\u00eam isen\u00e7\u00e3o de IPVA? Veja as regras e quem se adequa"},"content":{"rendered":"<p> <br \/>\n<\/p>\n<p>Todo in\u00edcio de ano traz aquele &#8220;frio na barriga&#8221; para os brasileiros com a temporada dos boletos. Entre IPTU, matr\u00edcula escolar e material did\u00e1tico, o <strong>IPVA<\/strong><strong> (Imposto sobre a Propriedade de Ve\u00edculos Automotores)<\/strong> costuma ser um dos pesadelos no or\u00e7amento. Para quem pilota sobre duas rodas, no entanto, o cen\u00e1rio fiscal est\u00e1 mudando.<\/p>\n<p>Nos \u00faltimos anos, a press\u00e3o para desonerar motocicletas de baixa cilindrada surtiu efeito no Congresso, e dezembro de 2025 trouxe novidades legislativas que podem uniformizar as regras no pa\u00eds. A ideia \u00e9 aliviar o bolso de quem usa a moto n\u00e3o apenas por lazer, mas como ferramenta essencial de trabalho. Por\u00e9m, \u00e9 preciso ter aten\u00e7\u00e3o \u00e0s regras de isen\u00e7\u00e3o que ainda possuem &#8220;pegadinhas&#8221; regionais importantes.<\/p>\n<h2 class=\"wp-block-heading\" id=\"h-quais-motos-e-ou-motociclistas-tem-isencao-de-ipva\">Quais motos e\/ou motociclistas t\u00eam isen\u00e7\u00e3o de IPVA?<\/h2>\n<p>A isen\u00e7\u00e3o costuma vir de duas frentes: a pot\u00eancia do motor (cilindrada) ou a &#8220;idade&#8221; da moto.<\/p>\n<p><strong>1. A regra das 170 cilindradas<\/strong>: Em 2022, o<a href=\"https:\/\/www12.senado.leg.br\/noticias\/materias\/2022\/07\/06\/senado-autoriza-ipva-zero-para-motos-de-ate-170-cilindradas\" target=\"_blank\" rel=\"noreferrer noopener\"> Senado aprovou uma resolu\u00e7\u00e3o que autoriza al\u00edquota zero de IPVA para motos de at\u00e9 170 cilindradas<\/a>. Isso abrange os modelos mais vendidos do Brasil, como a Honda CG 160 e a Biz.<\/p>\n<ul>\n<li><strong>Onde vale?<\/strong> O Senado autorizou, mas cada governador decide se adota. Estados como <strong>Paran\u00e1 (PR)<\/strong>, <strong>Para\u00edba (PB)<\/strong> e <strong>Acre (AC)<\/strong> j\u00e1 aderiram ao benef\u00edcio.<\/li>\n<li><strong>Aten\u00e7\u00e3o:<\/strong> Se o seu estado n\u00e3o publicou decreto aderindo \u00e0 resolu\u00e7\u00e3o, a cobran\u00e7a continua normal.<\/li>\n<\/ul>\n<div class=\"wp-block-image\">\n<figure class=\"aligncenter size-large\"><figcaption class=\"wp-element-caption\">Mulher pilotando moto em estacionamento (Imagem: karlyukav\/Freepik)<\/figcaption><\/figure>\n<\/div>\n<p><strong>2. A regra da idade (antiguidade)<\/strong>: Historicamente, cada estado definia com quantos anos o ve\u00edculo parava de pagar imposto. No entanto, uma <strong>grande mudan\u00e7a ocorreu em dezembro de 2025<\/strong>: a C\u00e2mara dos Deputados aprovou a PEC que<a href=\"https:\/\/agenciabrasil.ebc.com.br\/politica\/noticia\/2025-12\/camara-aprova-isencao-de-ipva-para-veiculos-com-mais-de-20-anos\" target=\"_blank\" rel=\"noreferrer noopener\"> isenta do IPVA todos os ve\u00edculos terrestres com 20 anos ou mais de fabrica\u00e7\u00e3o em todo o territ\u00f3rio nacional<\/a>.<\/p>\n<p>At\u00e9 que essa regra seja totalmente regulamentada e aplicada em todos os estados para o calend\u00e1rio vigente, vale consultar a tabela atual de cada local:<\/p>\n<ul>\n<li><strong>10 anos:<\/strong> Amap\u00e1 e Rio Grande do Norte.<\/li>\n<li><strong>15 anos:<\/strong> Amazonas, Bahia, Cear\u00e1, Distrito Federal, Esp\u00edrito Santo, Goi\u00e1s, Maranh\u00e3o, Mato Grosso do Sul, Par\u00e1, Para\u00edba, Piau\u00ed, Rio de Janeiro e Sergipe.<\/li>\n<li><strong>18 anos:<\/strong> Mato Grosso.<\/li>\n<li><strong>20 anos:<\/strong> S\u00e3o Paulo, Paran\u00e1, Rio Grande do Sul e Acre.<\/li>\n<li><strong>30 anos:<\/strong> Santa Catarina e Tocantins (estes estados ser\u00e3o os mais beneficiados pela nova PEC, que reduzir\u00e1 essa exig\u00eancia para 20 anos).<\/li>\n<li><strong>Exce\u00e7\u00f5es:<\/strong> Minas Gerais e Pernambuco historicamente n\u00e3o aplicavam isen\u00e7\u00e3o pura por idade (exigindo placas pretas de cole\u00e7\u00e3o ou tendo regras de redu\u00e7\u00e3o progressiva), cen\u00e1rio que a nova emenda constitucional visa corrigir obrigatoriamente.<\/li>\n<\/ul>\n<p><strong>Leia mais:<\/strong><\/p>\n<ul>\n<li>Quais ve\u00edculos s\u00e3o isentos do IPVA? Veja tabela com todos os estados<\/li>\n<li>Quais os impostos obrigat\u00f3rios para quem tem carro e moto?<\/li>\n<li>Como consultar e pagar IPVA 2025 pela internet<\/li>\n<\/ul>\n<h3 class=\"wp-block-heading\" id=\"h-o-condutor-tambem-pode-ser-isento\">O condutor tamb\u00e9m pode ser isento?<\/h3>\n<p>Sim! A isen\u00e7\u00e3o n\u00e3o olha apenas para a m\u00e1quina, mas tamb\u00e9m para quem a pilota.<\/p>\n<ul>\n<li><strong>Pessoas com defici\u00eancia (PcD):<\/strong> Motociclistas com defici\u00eancias f\u00edsicas, visuais, mentais severas ou autismo t\u00eam direito \u00e0 isen\u00e7\u00e3o. A moto muitas vezes precisa ser autom\u00e1tica (scooter) ou adaptada. O teto de valor do ve\u00edculo para conseguir o benef\u00edcio varia por estado (geralmente entre R$ 70 mil e R$ 120 mil).<\/li>\n<li><strong>Profissionais (mototaxistas e entregadores):<\/strong> Diversos munic\u00edpios e estados oferecem isen\u00e7\u00e3o para motos usadas no transporte de passageiros (motot\u00e1xi) ou cargas (motofrete), desde que devidamente registradas na categoria de aluguel (placa vermelha).<\/li>\n<\/ul>\n<div class=\"wp-block-image\">\n<figure class=\"aligncenter size-large\"><img title = \"[Tags]\"loading=\"lazy\" decoding=\"async\" width=\"1024\" height=\"577\" src=\"https:\/\/img.odcdn.com.br\/wp-content\/uploads\/2025\/12\/image-17-1024x577.jpeg\"alt = \"image-17-1024x577 Motos t\u00eam isen\u00e7\u00e3o de IPVA? Veja as regras e quem se adequa\" class=\"wp-image-1229256\" \/><figcaption class=\"wp-element-caption\">Motoboy realizando servi\u00e7o de delivery (Imagem: Kindel Media\/Pexels)<\/figcaption><\/figure>\n<\/div>\n<h3 class=\"wp-block-heading\" id=\"h-como-garantir-esse-direito\">Como garantir esse direito?<\/h3>\n<p>Se voc\u00ea tem direito, n\u00e3o espere sentado. A isen\u00e7\u00e3o por <strong>idade<\/strong> costuma ser autom\u00e1tica (o sistema da Sefaz simplesmente n\u00e3o gera mais o boleto), mas as outras exigem a\u00e7\u00e3o ativa.<\/p>\n<ol>\n<li><strong>Onde ir:<\/strong> Todo o processo \u00e9 feito junto \u00e0 <strong>Secretaria da Fazenda (Sefaz)<\/strong> do seu estado, e a maioria j\u00e1 oferece sistemas online (como o SIVEI em SP).<\/li>\n<li><strong>Documenta\u00e7\u00e3o PcD:<\/strong> \u00c9 necess\u00e1rio laudo m\u00e9dico do SUS ou credenciado ao Detran, CNH especial (se condutor) e nota fiscal ou documento da moto.<\/li>\n<li><strong>Documenta\u00e7\u00e3o profissional:<\/strong> Exige-se o cadastro na prefeitura (licen\u00e7a para motofrete\/motot\u00e1xi) e a comprova\u00e7\u00e3o de regularidade do ve\u00edculo.<\/li>\n<li><strong>Prova de Vida:<\/strong> Para PcD e profissionais, a isen\u00e7\u00e3o n\u00e3o \u00e9 eterna. \u00c9 preciso renovar o pedido ou fazer o recadastramento (anual ou a cada dois anos, dependendo do estado) para provar que voc\u00ea ainda possui o ve\u00edculo e mant\u00e9m a condi\u00e7\u00e3o que gerou o benef\u00edcio.<\/li>\n<\/ol>\n<p><strong>Dica final:<\/strong> Com a aprova\u00e7\u00e3o da nova PEC dos 20 anos em dezembro de 2025, fique atento ao site da Sefaz do seu estado em janeiro. Se sua moto tem entre 20 e 29 anos e voc\u00ea mora em SC, TO, MG ou PE, as regras podem mudar a seu favor a qualquer momento.<\/p>\n<p>O post Motos t\u00eam isen\u00e7\u00e3o de IPVA? Veja as regras e quem se adequa apareceu primeiro em Olhar Digital.<\/p>\n<p><br \/>\n<br \/><a href=\"https:\/\/olhardigital.com.br\/2025\/12\/10\/carros-e-tecnologia\/motos-tem-isencao-de-ipva-veja-as-regras-e-quem-se-adequa\/\">Fonte do Artigo <\/a><br \/>\nTags:<\/p>\n<p><a title=\"Gestor de Tr\u00e1fego\" href=\"https:\/\/www.gestor-de-trafego.com\/\" target=\"_blank\"><strong>Gestor de Tr\u00e1fego<\/strong><\/a><\/p>\n<p><a href=\"https:\/\/wiy.com.br\/noticias\/categoria\/tecnologia\/\">#tecnologia<\/a> <a href=\"https:\/\/wiy.com.br\/noticias\/categoria\/tecnologia\/\">#tecnologias<\/a> <a href=\"https:\/\/wiy.com.br\/noticias\/categoria\/tecnologia\/\">#technology<\/a> <a href=\"https:\/\/wiy.com.br\/noticias\/categoria\/tecnologia\/\">#tecnolog<\/a> <a href=\"https:\/\/wiy.com.br\/noticias\/categoria\/tecnologia\/\">#iphone<\/a> <a href=\"https:\/\/wiy.com.br\/noticias\/categoria\/tecnologia\/\">#informatica<\/a> <a href=\"https:\/\/wiy.com.br\/noticias\/categoria\/tecnologia\/\">#tech<\/a> <a href=\"https:\/\/wiy.com.br\/noticias\/categoria\/tecnologia\/\">#design<\/a> <a href=\"https:\/\/wiy.com.br\/noticias\/categoria\/tecnologia\/\">#samsung<\/a> <a href=\"https:\/\/wiy.com.br\/noticias\/categoria\/tecnologia\/\">#internet<\/a> <a href=\"https:\/\/wiy.com.br\/noticias\/categoria\/tecnologia\/\">#apple<\/a> <a href=\"https:\/\/wiy.com.br\/noticias\/categoria\/tecnologia\/\">#smartphone<\/a> <a href=\"https:\/\/wiy.com.br\/noticias\/categoria\/tecnologia\/\">#seguranca<\/a> <a href=\"https:\/\/wiy.com.br\/noticias\/categoria\/tecnologia\/\">#venezuela<\/a> <a href=\"https:\/\/wiy.com.br\/noticias\/categoria\/tecnologia\/\">#celular<\/a> <a href=\"https:\/\/wiy.com.br\/noticias\/categoria\/tecnologia\/\">#celulares<\/a> <a href=\"https:\/\/wiy.com.br\/noticias\/categoria\/tecnologia\/\">#inovar<\/a> <a href=\"https:\/\/wiy.com.br\/noticias\/categoria\/tecnologia\/\">#qualidade<\/a> <a href=\"https:\/\/wiy.com.br\/noticias\/categoria\/tecnologia\/\">#software<\/a> <a href=\"https:\/\/wiy.com.br\/noticias\/categoria\/tecnologia\/\">#empresas<\/a> <a href=\"https:\/\/wiy.com.br\/noticias\/categoria\/tecnologia\/\">#cursos<\/a> <a href=\"https:\/\/wiy.com.br\/noticias\/categoria\/tecnologia\/\">#engenharia<\/a> <a href=\"https:\/\/wiy.com.br\/noticias\/categoria\/tecnologia\/\">#industria<\/a> <a href=\"https:\/\/wiy.com.br\/noticias\/categoria\/tecnologia\/\">#marketing<\/a> <a href=\"https:\/\/wiy.com.br\/noticias\/categoria\/tecnologia\/\">#ti<\/a> <a href=\"https:\/\/wiy.com.br\/noticias\/categoria\/tecnologia\/\">#tecnoblog<\/a> <a href=\"https:\/\/wiy.com.br\/noticias\/categoria\/tecnologia\/\">#veja<\/a> <a href=\"https:\/\/wiy.com.br\/noticias\/categoria\/tecnologia\/\">#olhardigital<\/a> <a href=\"https:\/\/wiy.com.br\/noticias\/categoria\/tecnologia\/\">#mundodigital<\/a> <a href=\"https:\/\/wiy.com.br\/noticias\/categoria\/tecnologia\/\">#inteligenciaartificial<\/a> <a href=\"https:\/\/wiy.com.br\/criacao-de-sites\/\">#criar site<\/a> <a href=\"https:\/\/wiy.com.br\/criacao-de-sites\/\">#criar site curitiba<\/a> <a href=\"https:\/\/wiy.com.br\/criacao-de-sites\/\">#wiysolutions<\/a><\/p>\n<p><a \n#Motos #t\u00eam #isen\u00e7\u00e3o #IPVA #Veja #regras #quem #adequa\n<\/p>\n","protected":false},"excerpt":{"rendered":"<p>Todo in\u00edcio de ano traz aquele &#8220;frio na barriga&#8221; para os brasileiros com a temporada dos boletos. Entre IPTU, matr\u00edcula escolar e material did\u00e1tico, o IPVA (Imposto sobre a Propriedade de Ve\u00edculos Automotores) costuma ser um dos pesadelos no or\u00e7amento. Para quem pilota sobre duas rodas, no entanto, o cen\u00e1rio fiscal est\u00e1 mudando. Nos \u00faltimos [&hellip;]<\/p>\n","protected":false},"author":1,"featured_media":104342,"comment_status":"open","ping_status":"open","sticky":false,"template":"","format":"standard","meta":{"footnotes":""},"categories":[5],"tags":[],"class_list":["post-104341","post","type-post","status-publish","format-standard","has-post-thumbnail","hentry","category-tecnologia"],"_links":{"self":[{"href":"https:\/\/wiy.com.br\/noticias\/wp-json\/wp\/v2\/posts\/104341","targetHints":{"allow":["GET"]}}],"collection":[{"href":"https:\/\/wiy.com.br\/noticias\/wp-json\/wp\/v2\/posts"}],"about":[{"href":"https:\/\/wiy.com.br\/noticias\/wp-json\/wp\/v2\/types\/post"}],"author":[{"embeddable":true,"href":"https:\/\/wiy.com.br\/noticias\/wp-json\/wp\/v2\/users\/1"}],"replies":[{"embeddable":true,"href":"https:\/\/wiy.com.br\/noticias\/wp-json\/wp\/v2\/comments?post=104341"}],"version-history":[{"count":1,"href":"https:\/\/wiy.com.br\/noticias\/wp-json\/wp\/v2\/posts\/104341\/revisions"}],"predecessor-version":[{"id":104343,"href":"https:\/\/wiy.com.br\/noticias\/wp-json\/wp\/v2\/posts\/104341\/revisions\/104343"}],"wp:featuredmedia":[{"embeddable":true,"href":"https:\/\/wiy.com.br\/noticias\/wp-json\/wp\/v2\/media\/104342"}],"wp:attachment":[{"href":"https:\/\/wiy.com.br\/noticias\/wp-json\/wp\/v2\/media?parent=104341"}],"wp:term":[{"taxonomy":"category","embeddable":true,"href":"https:\/\/wiy.com.br\/noticias\/wp-json\/wp\/v2\/categories?post=104341"},{"taxonomy":"post_tag","embeddable":true,"href":"https:\/\/wiy.com.br\/noticias\/wp-json\/wp\/v2\/tags?post=104341"}],"curies":[{"name":"wp","href":"https:\/\/api.w.org\/{rel}","templated":true}]}}