{"id":104330,"date":"2025-12-09T22:57:30","date_gmt":"2025-12-10T01:57:30","guid":{"rendered":"https:\/\/wiy.com.br\/noticias\/mototaxi-em-sp-plataformas-devem-recorrer-de-projeto\/"},"modified":"2025-12-09T22:57:40","modified_gmt":"2025-12-10T01:57:40","slug":"mototaxi-em-sp-plataformas-devem-recorrer-de-projeto","status":"publish","type":"post","link":"https:\/\/wiy.com.br\/noticias\/mototaxi-em-sp-plataformas-devem-recorrer-de-projeto\/","title":{"rendered":"Motot\u00e1xi em SP: plataformas devem recorrer de projeto"},"content":{"rendered":"<p> <br \/>\n<\/p>\n<p>A <strong>Associa\u00e7\u00e3o Brasileira de Mobilidade e Tecnologia (Amobitec)<\/strong>, que representa empresas de transporte por aplicativo, como Uber e 99, deve <strong>acionar a Justi\u00e7a contra<\/strong> o projeto de lei (PL) que regulamenta o servi\u00e7o de motot\u00e1xi na cidade de S\u00e3o Paulo (SP). Segundo informa\u00e7\u00f5es da <em><a href=\"https:\/\/www1.folha.uol.com.br\/cotidiano\/2025\/12\/empresas-de-aplicativo-devem-recorrer-de-projeto-que-regulamenta-mototaxi-em-sp.shtml\" target=\"_blank\" rel=\"noreferrer noopener\">Folha de S.Paulo<\/a><\/em>, a entidade afirma que o texto aprovado pela C\u00e2mara Municipal <strong>extrapola limites legais<\/strong> e <strong>inviabiliza<\/strong> a oferta das corridas.<\/p>\n<p>A medida foi <strong>aprovada<\/strong> em segundo turno nesta segunda-feira (8) e a Amobitec aguarda, agora, a <strong>publica\u00e7\u00e3o do decreto<\/strong> com a san\u00e7\u00e3o do prefeito Ricardo Nunes (MDB). Ap\u00f3s a publica\u00e7\u00e3o, a associa\u00e7\u00e3o pretende protocolar uma <strong>A\u00e7\u00e3o Direta de Inconstitucionalidade (<strong>ADI<\/strong>)<\/strong> no Tribunal de Justi\u00e7a de S\u00e3o Paulo.<\/p>\n<\/p>\n<div class=\"wp-block-image\">\n<figure class=\"aligncenter size-large\"><figcaption class=\"wp-element-caption\">Associa\u00e7\u00e3o representa plataformas, como Uber e 99 (Imagem: DenPhotos\/Shutterstock)<\/figcaption><\/figure>\n<\/div>\n<h2 class=\"wp-block-heading\" id=\"h-mototaxi-em-sp-pontos-contestados-por-plataformas-e-entidade\">Motot\u00e1xi em SP: pontos contestados por plataformas e entidade<\/h2>\n<p>Em nota, a entidade <strong>criticou<\/strong> pontos do projeto, citando como exemplo o prazo de at\u00e9 <strong>60 dias<\/strong> para que a prefeitura avalie a documenta\u00e7\u00e3o dos motociclistas, podendo, inclusive, <strong>solicitar novos documentos<\/strong> antes de conceder a autoriza\u00e7\u00e3o.<\/p>\n<p>&#8220;O texto votado na C\u00e2mara Municipal configura uma <strong>proibi\u00e7\u00e3o disfar\u00e7ada<\/strong> ao exerc\u00edcio da atividade e apresenta diversas inconstitucionalidades&#8221;, afirmou a Amobitec. &#8220;O PL vai na <strong>dire\u00e7\u00e3o contr\u00e1ria<\/strong> \u00e0s decis\u00f5es un\u00e2nimes do Tribunal de Justi\u00e7a de S\u00e3o Paulo e do Supremo Tribunal Federal [STF], que decidiram que os munic\u00edpios <strong>n\u00e3o podem<\/strong> bloquear o servi\u00e7o.&#8221;<\/p>\n<p>Outro ponto contestado pelas empresas \u00e9 a <strong>exig\u00eancia de troca da placa<\/strong> da moto, passando da <strong>cor cinza (uso particular)<\/strong> para <strong>vermelha (ve\u00edculos utilizados para transporte remunerado)<\/strong>. O prefeito Ricardo Nunes afirmou \u00e0 <em>Folha<\/em> na noite de segunda-feira (8) que dever\u00e1 sancionar e publicar a regulamenta\u00e7\u00e3o at\u00e9 <strong>quarta-feira (10)<\/strong>, prazo determinado pela Justi\u00e7a.<\/p>\n<p>&#8220;Tenho muita expectativa de que o STF ir\u00e1 reconhecer a <strong>legitimidade<\/strong> da prefeitura em proibir. Caso n\u00e3o ocorra at\u00e9 dia 10 [quarta], a\u00ed fa\u00e7o a publica\u00e7\u00e3o do decreto, mas, para isso, preciso da lei sancionada antes. Ent\u00e3o devo sancionar amanh\u00e3 [ter\u00e7a] a lei&#8221;, disse.<\/p>\n<p>As empresas haviam manifestado interesse em iniciar as opera\u00e7\u00f5es a partir do dia <strong>11<\/strong>, <strong>independentemente<\/strong> da publica\u00e7\u00e3o da regulamenta\u00e7\u00e3o. Nunes, por\u00e9m, reiterou que elas s\u00f3 poder\u00e3o operar <strong>ap\u00f3s cumprirem<\/strong> todas as exig\u00eancias.<\/p>\n<p>&#8220;Se por acaso a gente perder [no STF], <strong>ter\u00e3o que atender<\/strong> toda nossa regulamenta\u00e7\u00e3o para o credenciamento, o que prev\u00ea <strong>treinamento, cadastramento e uma s\u00e9rie de quest\u00f5es de seguran\u00e7a<\/strong> a serem debatidas. As empresas, que s\u00e3o <strong>famintas por dinheiro<\/strong>, precisam entender que <strong>n\u00e3o podem<\/strong> come\u00e7ar no dia 11&#8243;, afirmou.<\/p>\n<\/p>\n<div class=\"wp-block-image\">\n<figure class=\"aligncenter size-large\"><img title = \"[Tags]\"loading=\"lazy\" decoding=\"async\" width=\"683\" height=\"1024\" src=\"https:\/\/olhardigital.com.br\/wp-content\/uploads\/2025\/12\/ricardo_nunes_prefeito_sp-683x1024.jpg\"alt = \"ricardo_nunes_prefeito_sp-683x1024 Motot\u00e1xi em SP: plataformas devem recorrer de projeto\" class=\"wp-image-1230543\" \/><figcaption class=\"wp-element-caption\">Prefeito Ricardo Nunes confia que o STF dar\u00e1 ganho de causa \u00e0 prefeitura; do contr\u00e1rio, ele promete publicar a lei em quest\u00e3o de dias (Imagem: NANCY AYUMI KUNIHIRO\/Shutterstock)<\/figcaption><\/figure>\n<\/div>\n<p><strong>Leia mais:<\/strong><\/p>\n<ul>\n<li>10 erros simples que podem danificar sua moto<\/li>\n<li>10 dicas para pilotar moto na chuva com seguran\u00e7a<\/li>\n<li>IPVA 2026: governo de SP publica calend\u00e1rio com desconto de 3% em janeiro<\/li>\n<\/ul>\n<h2 class=\"wp-block-heading\" id=\"h-regras-previstas-no-projeto\">Regras previstas no projeto<\/h2>\n<ul>\n<li>Para obter credenciamento e atuar como motot\u00e1xi, o profissional dever\u00e1 ter <strong>21 anos<\/strong> ou mais, possuir <strong>CNH<\/strong> das categorias <strong>A e B<\/strong> e estar inscrito como contribuinte no <strong>INSS<\/strong>;<\/li>\n<li>O motociclista deve ter, ao menos, <strong>dois anos<\/strong> de experi\u00eancia e aprova\u00e7\u00e3o em curso especializado para transporte de passageiros em motocicletas certificado pelo Contran. As empresas de aplicativos ser\u00e3o respons\u00e1veis pelo <strong>pagamento<\/strong> do curso de motot\u00e1xi;<\/li>\n<li>O motociclista <strong>n\u00e3o pode<\/strong> ter cometido infra\u00e7\u00f5es de tr\u00e2nsito nos \u00faltimos <strong>12 meses<\/strong> nem ter <strong>condena\u00e7\u00f5es<\/strong> por <strong>crimes contra a mulher, crimes contra a dignidade sexual, roubo ou homic\u00eddio<\/strong>. \u00c9 exigido <strong>exame toxicol\u00f3gico<\/strong> com janela de detec\u00e7\u00e3o m\u00ednima de <strong>90 dias<\/strong>;<\/li>\n<li>A prefeitura ter\u00e1 at\u00e9 <strong>60 dias<\/strong> para analisar a documenta\u00e7\u00e3o e conceder a autoriza\u00e7\u00e3o, v\u00e1lida por <strong>um ano<\/strong>;<\/li>\n<li>As motos devem ter, no m\u00e1ximo, <strong>oito anos<\/strong> de fabrica\u00e7\u00e3o, motor entre <strong>150 e 400 cilindradas<\/strong> (ou equivalente no caso de el\u00e9tricas) e registro na categoria <strong>aluguel (placa vermelha)<\/strong>. <strong>As empresas devem arcar<\/strong> com o custo da mudan\u00e7a de placa;<\/li>\n<li>Os ve\u00edculos devem possuir al\u00e7as met\u00e1licas traseira e lateral, dispositivo de prote\u00e7\u00e3o entre pernas e motor para caso de tombamento e aparador de linha e fios no guid\u00e3o;<\/li>\n<li>Os passageiros t\u00eam direito a <strong>touca descart\u00e1vel e capacete<\/strong> homologado pelo Inmetro;<\/li>\n<li>As empresas <strong>devem exibir<\/strong> a identifica\u00e7\u00e3o do condutor no aplicativo, manter <strong>limitador de velocidade<\/strong> e garantir <strong>seguro para acidentes<\/strong>. Tamb\u00e9m precisam fornecer <strong>pontos de apoio e descanso<\/strong> aos motociclistas;<\/li>\n<li>Al\u00e9m disso, dever\u00e3o <strong>compartilhar dados<\/strong> com a prefeitura sobre origem e destino das viagens, trajeto, dura\u00e7\u00e3o, pre\u00e7os e avalia\u00e7\u00e3o do servi\u00e7o, al\u00e9m de registro de sinistros. Devem ainda apresentar dados de <strong>telemetria<\/strong> que indiquem <strong>comportamentos de risco<\/strong>, como excesso de velocidade e freadas bruscas;<\/li>\n<li>O projeto <strong>veta<\/strong> corridas em corredores e faixas de \u00f4nibus, vias de tr\u00e2nsito r\u00e1pido \u2014 como avenidas e marginais \u2014 e no centro expandido. Nos terminais e esta\u00e7\u00f5es de transporte coletivo, o Executivo definir\u00e1 <strong>pontos de embarque e desembarque<\/strong> para motot\u00e1xi;<\/li>\n<li>A prefeitura poder\u00e1 <strong>proibir<\/strong> a circula\u00e7\u00e3o durante condi\u00e7\u00f5es adversas, como <strong>chuva intensa, vendavais, baixa visibilidade e enchentes<\/strong>;<\/li>\n<li>O descumprimento prev\u00ea multas entre <strong>R$ 4 mil e R$ 1,5 milh\u00e3o<\/strong>. A fiscaliza\u00e7\u00e3o, emiss\u00e3o de advert\u00eancias, multas e eventual cassa\u00e7\u00e3o do credenciamento caber\u00e1 \u00e0 <strong>prefeitura<\/strong>.<\/li>\n<\/ul>\n<div class=\"wp-block-image\">\n<figure class=\"aligncenter size-large\"><img title = \"[Tags]\"loading=\"lazy\" decoding=\"async\" width=\"1024\" height=\"576\" src=\"https:\/\/olhardigital.com.br\/wp-content\/uploads\/2025\/12\/motos-1024x576.jpg\"alt = \"ricardo_nunes_prefeito_sp-683x1024 Motot\u00e1xi em SP: plataformas devem recorrer de projeto\" class=\"wp-image-1230546\" \/><figcaption class=\"wp-element-caption\">Motocicletas dever\u00e3o seguir v\u00e1rias exig\u00eancias, que v\u00e3o desde o tipo de placa at\u00e9 as cilindradas (Imagem: Bill Images\/Shutterstock)<\/figcaption><\/figure>\n<\/div>\n<p>O post Motot\u00e1xi em SP: plataformas devem recorrer de projeto apareceu primeiro em Olhar Digital.<\/p>\n<p><br \/>\n<br \/><a href=\"https:\/\/olhardigital.com.br\/2025\/12\/09\/carros-e-tecnologia\/mototaxi-em-sp-plataformas-devem-recorrer-de-projeto\/\">Fonte do Artigo <\/a><br \/>\nTags:<\/p>\n<p><a title=\"Gestor de Tr\u00e1fego\" href=\"https:\/\/www.gestor-de-trafego.com\/\" target=\"_blank\"><strong>Gestor de Tr\u00e1fego<\/strong><\/a><\/p>\n<p><a href=\"https:\/\/wiy.com.br\/noticias\/categoria\/tecnologia\/\">#tecnologia<\/a> <a href=\"https:\/\/wiy.com.br\/noticias\/categoria\/tecnologia\/\">#tecnologias<\/a> <a href=\"https:\/\/wiy.com.br\/noticias\/categoria\/tecnologia\/\">#technology<\/a> <a href=\"https:\/\/wiy.com.br\/noticias\/categoria\/tecnologia\/\">#tecnolog<\/a> <a href=\"https:\/\/wiy.com.br\/noticias\/categoria\/tecnologia\/\">#iphone<\/a> <a href=\"https:\/\/wiy.com.br\/noticias\/categoria\/tecnologia\/\">#informatica<\/a> <a href=\"https:\/\/wiy.com.br\/noticias\/categoria\/tecnologia\/\">#tech<\/a> <a href=\"https:\/\/wiy.com.br\/noticias\/categoria\/tecnologia\/\">#design<\/a> <a href=\"https:\/\/wiy.com.br\/noticias\/categoria\/tecnologia\/\">#samsung<\/a> <a href=\"https:\/\/wiy.com.br\/noticias\/categoria\/tecnologia\/\">#internet<\/a> <a href=\"https:\/\/wiy.com.br\/noticias\/categoria\/tecnologia\/\">#apple<\/a> <a href=\"https:\/\/wiy.com.br\/noticias\/categoria\/tecnologia\/\">#smartphone<\/a> <a href=\"https:\/\/wiy.com.br\/noticias\/categoria\/tecnologia\/\">#seguranca<\/a> <a href=\"https:\/\/wiy.com.br\/noticias\/categoria\/tecnologia\/\">#venezuela<\/a> <a href=\"https:\/\/wiy.com.br\/noticias\/categoria\/tecnologia\/\">#celular<\/a> <a href=\"https:\/\/wiy.com.br\/noticias\/categoria\/tecnologia\/\">#celulares<\/a> <a href=\"https:\/\/wiy.com.br\/noticias\/categoria\/tecnologia\/\">#inovar<\/a> <a href=\"https:\/\/wiy.com.br\/noticias\/categoria\/tecnologia\/\">#qualidade<\/a> <a href=\"https:\/\/wiy.com.br\/noticias\/categoria\/tecnologia\/\">#software<\/a> <a href=\"https:\/\/wiy.com.br\/noticias\/categoria\/tecnologia\/\">#empresas<\/a> <a href=\"https:\/\/wiy.com.br\/noticias\/categoria\/tecnologia\/\">#cursos<\/a> <a href=\"https:\/\/wiy.com.br\/noticias\/categoria\/tecnologia\/\">#engenharia<\/a> <a href=\"https:\/\/wiy.com.br\/noticias\/categoria\/tecnologia\/\">#industria<\/a> <a href=\"https:\/\/wiy.com.br\/noticias\/categoria\/tecnologia\/\">#marketing<\/a> <a href=\"https:\/\/wiy.com.br\/noticias\/categoria\/tecnologia\/\">#ti<\/a> <a href=\"https:\/\/wiy.com.br\/noticias\/categoria\/tecnologia\/\">#tecnoblog<\/a> <a href=\"https:\/\/wiy.com.br\/noticias\/categoria\/tecnologia\/\">#veja<\/a> <a href=\"https:\/\/wiy.com.br\/noticias\/categoria\/tecnologia\/\">#olhardigital<\/a> <a href=\"https:\/\/wiy.com.br\/noticias\/categoria\/tecnologia\/\">#mundodigital<\/a> <a href=\"https:\/\/wiy.com.br\/noticias\/categoria\/tecnologia\/\">#inteligenciaartificial<\/a> <a href=\"https:\/\/wiy.com.br\/criacao-de-sites\/\">#criar site<\/a> <a href=\"https:\/\/wiy.com.br\/criacao-de-sites\/\">#criar site curitiba<\/a> <a href=\"https:\/\/wiy.com.br\/criacao-de-sites\/\">#wiysolutions<\/a><\/p>\n<p><a \n#Motot\u00e1xi #plataformas #devem #recorrer #projeto\n<\/p>\n","protected":false},"excerpt":{"rendered":"<p>A Associa\u00e7\u00e3o Brasileira de Mobilidade e Tecnologia (Amobitec), que representa empresas de transporte por aplicativo, como Uber e 99, deve acionar a Justi\u00e7a contra o projeto de lei (PL) que regulamenta o servi\u00e7o de motot\u00e1xi na cidade de S\u00e3o Paulo (SP). Segundo informa\u00e7\u00f5es da Folha de S.Paulo, a entidade afirma que o texto aprovado pela [&hellip;]<\/p>\n","protected":false},"author":1,"featured_media":104331,"comment_status":"open","ping_status":"open","sticky":false,"template":"","format":"standard","meta":{"footnotes":""},"categories":[5],"tags":[],"class_list":["post-104330","post","type-post","status-publish","format-standard","has-post-thumbnail","hentry","category-tecnologia"],"_links":{"self":[{"href":"https:\/\/wiy.com.br\/noticias\/wp-json\/wp\/v2\/posts\/104330","targetHints":{"allow":["GET"]}}],"collection":[{"href":"https:\/\/wiy.com.br\/noticias\/wp-json\/wp\/v2\/posts"}],"about":[{"href":"https:\/\/wiy.com.br\/noticias\/wp-json\/wp\/v2\/types\/post"}],"author":[{"embeddable":true,"href":"https:\/\/wiy.com.br\/noticias\/wp-json\/wp\/v2\/users\/1"}],"replies":[{"embeddable":true,"href":"https:\/\/wiy.com.br\/noticias\/wp-json\/wp\/v2\/comments?post=104330"}],"version-history":[{"count":1,"href":"https:\/\/wiy.com.br\/noticias\/wp-json\/wp\/v2\/posts\/104330\/revisions"}],"predecessor-version":[{"id":104332,"href":"https:\/\/wiy.com.br\/noticias\/wp-json\/wp\/v2\/posts\/104330\/revisions\/104332"}],"wp:featuredmedia":[{"embeddable":true,"href":"https:\/\/wiy.com.br\/noticias\/wp-json\/wp\/v2\/media\/104331"}],"wp:attachment":[{"href":"https:\/\/wiy.com.br\/noticias\/wp-json\/wp\/v2\/media?parent=104330"}],"wp:term":[{"taxonomy":"category","embeddable":true,"href":"https:\/\/wiy.com.br\/noticias\/wp-json\/wp\/v2\/categories?post=104330"},{"taxonomy":"post_tag","embeddable":true,"href":"https:\/\/wiy.com.br\/noticias\/wp-json\/wp\/v2\/tags?post=104330"}],"curies":[{"name":"wp","href":"https:\/\/api.w.org\/{rel}","templated":true}]}}