{"id":104229,"date":"2025-12-08T15:22:24","date_gmt":"2025-12-08T18:22:24","guid":{"rendered":"https:\/\/wiy.com.br\/noticias\/galeria-magalu-abre-as-portas-no-lugar-da-cultura\/"},"modified":"2025-12-08T15:22:24","modified_gmt":"2025-12-08T18:22:24","slug":"galeria-magalu-abre-as-portas-no-lugar-da-cultura","status":"publish","type":"post","link":"https:\/\/wiy.com.br\/noticias\/galeria-magalu-abre-as-portas-no-lugar-da-cultura\/","title":{"rendered":"Galeria Magalu abre as portas no lugar da Cultura"},"content":{"rendered":"<p> <br \/>\n<br \/><img title = \"[Tags]\"alt = \"AB_03300 Galeria Magalu abre as portas no lugar da Cultura\"decoding=\"async\" src=\"https:\/\/vejasp.abril.com.br\/wp-content\/uploads\/2024\/10\/AB_03300.jpg\" \/><\/p>\n<p>A cl\u00e1ssica <strong>Livraria Cultura<\/strong> d\u00e1 lugar a uma nova fase no <a href=\"https:\/\/vejasp.abril.com.br\/coluna\/terraco-paulistano\/conjunto-nacional-tera-novo-espaco-de-eventos\/\" target=\"_blank\" rel=\"noopener\"><strong>Conjunto Nacional<\/strong><\/a>: a <strong>Galeria Magalu<\/strong>, que inaugura nesta segunda (8) com a chegada de uma unidade da We Coffee.<\/p>\n<p><a href=\"https:\/\/vejasp.abril.com.br\/coluna\/terraco-paulistano\/conjunto-nacional-tera-novo-espaco-de-eventos\/\" target=\"_blank\" rel=\"noopener\"><strong>+ Conjunto Nacional ter\u00e1 novo espa\u00e7o de eventos<\/strong><\/a><\/p>\n<div class=\"noreadme-audima ads video-ads\">\n<div class=\"abrAD\" data-format=\"intext_video\"><\/div>\n<\/div>\n<p>A cafeteria, conhecida pelo visual futurista e por filas constantes, faz parte do retrofit que reocupa o espa\u00e7o da megaloja. O novo local foi projetado pelo Entre Arquitetos, escrit\u00f3rio paulistano que j\u00e1 assina outras unidades da marca e que celebrou ali seu cent\u00e9simo projeto.<\/p>\n<p>O evento de abertura acontece hoje para convidados, e a partir de amanh\u00e3 o p\u00fablico j\u00e1 poder\u00e1 circular pela novidade.<\/p>\n<div id=\"relacionadas\" class=\"block noreadme-audima three_columns\">\n<ul class=\"block-menu\">\n<li data-tab=\"tab-1\" class=\"active\">Relacionadas<\/li>\n<\/ul>\n<div id=\"tab-1\" class=\"block-content active\">\n<ul class=\"relacionadas-s-img\">\n<li class=\"widget-news-item without-thumb with-border\">\n<div class=\"widget-news-info\"><a href=\"\/cultura-lazer\">Cultura &amp; Lazer<\/a><span class=\"widget-news-item-title\"><a href=\"https:\/\/vejasp.abril.com.br\/cultura-lazer\/slam-interescolar-dez-anos\/\">Slam: a batalha de poesia falada que conquista espa\u00e7o nas escolas de S\u00e3o Paulo<\/a><\/span><span class=\"widget-news-item-date\">14 nov 2025 &#8211; 08h11<\/span><\/div>\n<\/li>\n<li class=\"widget-news-item without-thumb with-border\">\n<div class=\"widget-news-info\"><a href=\"\/comer-e-beber\">COMER E BEBER<\/a><span class=\"widget-news-item-title\"><a href=\"https:\/\/vejasp.abril.com.br\/coluna\/arnaldo-lorencato\/comer-e-beber-gastronomia-periferica-premio-pacto-contra-a-fome\/\">Gastronomia Perif\u00e9rica vence pr\u00eamio Pacto Contra a Fome<\/a><\/span><span class=\"widget-news-item-date\">14 nov 2025 &#8211; 18h11<\/span><\/div>\n<\/li>\n<li class=\"widget-news-item without-thumb with-border\">\n<div class=\"widget-news-info\"><a href=\"\/consumo\">Consumo<\/a><span class=\"widget-news-item-title\"><a href=\"https:\/\/vejasp.abril.com.br\/consumo\/grupo-laces-alia-vaidade-com-sustentabilidade\/\">Grupo Laces alia vaidade com sustentabilidade<\/a><\/span><span class=\"widget-news-item-date\">13 nov 2025 &#8211; 11h11<\/span><\/div>\n<\/li>\n<\/ul>\n<\/div>\n<\/div>\n<div class=\"box-app-phone-share noreadme-audima\">\n<div class=\"title-phone-share\">Compartilhe essa mat\u00e9ria via:<\/div>\n<div class=\"buttoms-phone-share\">\n\t\t<a class=\"whatsapp\" id=\"whatsappShare\" rel=\"nofollow\" aria-label=\"Compartilhe no Whatsapp\" target=\"_blank\" href=\"https:\/\/api.whatsapp.com\/send?text=https:\/\/vejasp.abril.com.br\/coluna\/terraco-paulistano\/galeria-magalu-abre-as-portas-no-lugar-da-cultura\/?utm_medium=whatsapp&amp;utm_source=shortcode_vejinhas\"><span>WhatsAPP<\/span><\/a><br \/>\n\t\t<a class=\"telegram\" id=\"telegramShare\" rel=\"nofollow\" aria-label=\"Compartilhe no Telegram\" target=\"_blank\" href=\"https:\/\/telegram.me\/share\/url?url=https:\/\/vejasp.abril.com.br\/coluna\/terraco-paulistano\/galeria-magalu-abre-as-portas-no-lugar-da-cultura\/?utm_medium=telegram&amp;utm_source=shortcode_vejinhas\"><span>Telegram<\/span><\/a>\n\t\t<\/div>\n<\/p><\/div>\n<div class=\"ads after-text noreadme-audima\">\n    <span class=\"title\">Publicidade<\/span><\/p>\n<div class=\"abrAD\" data-format=\"aftertext\" data-mapping=\"intext\"><\/div>\n<\/div>\n<p><br \/>\n<br \/><a href=\"https:\/\/vejasp.abril.com.br\/coluna\/terraco-paulistano\/galeria-magalu-abre-as-portas-no-lugar-da-cultura\/\">Fonte do Artigo <\/a><br \/>\nTags:<br \/>\n#loterias #loteriascaixa #megasena #resultadoapostas#noticias #noticiario  #noticia #brasil #noticiascolombia #mundo #esporte #colombia #noticiadeld #ltimasnoticias  #noticiario #noticiasregionales #noticiasdepartamentales #noticiashoy #esportes #noticiaahora #elinformantenoticias #noticiasdeboyac  #esporteinterativo #esportivo #diariodosesportes  #noticiero  #jogodefutebol #jogos #loto #apostas<\/p>\n","protected":false},"excerpt":{"rendered":"<p>A cl\u00e1ssica Livraria Cultura d\u00e1 lugar a uma nova fase no Conjunto Nacional: a Galeria Magalu, que inaugura nesta segunda (8) com a chegada de uma unidade da We Coffee. + Conjunto Nacional ter\u00e1 novo espa\u00e7o de eventos A cafeteria, conhecida pelo visual futurista e por filas constantes, faz parte do retrofit que reocupa o [&hellip;]<\/p>\n","protected":false},"author":1,"featured_media":104230,"comment_status":"open","ping_status":"open","sticky":false,"template":"","format":"standard","meta":{"footnotes":""},"categories":[1],"tags":[],"class_list":["post-104229","post","type-post","status-publish","format-standard","has-post-thumbnail","hentry","category-curso-de-copy"],"_links":{"self":[{"href":"https:\/\/wiy.com.br\/noticias\/wp-json\/wp\/v2\/posts\/104229","targetHints":{"allow":["GET"]}}],"collection":[{"href":"https:\/\/wiy.com.br\/noticias\/wp-json\/wp\/v2\/posts"}],"about":[{"href":"https:\/\/wiy.com.br\/noticias\/wp-json\/wp\/v2\/types\/post"}],"author":[{"embeddable":true,"href":"https:\/\/wiy.com.br\/noticias\/wp-json\/wp\/v2\/users\/1"}],"replies":[{"embeddable":true,"href":"https:\/\/wiy.com.br\/noticias\/wp-json\/wp\/v2\/comments?post=104229"}],"version-history":[{"count":0,"href":"https:\/\/wiy.com.br\/noticias\/wp-json\/wp\/v2\/posts\/104229\/revisions"}],"wp:featuredmedia":[{"embeddable":true,"href":"https:\/\/wiy.com.br\/noticias\/wp-json\/wp\/v2\/media\/104230"}],"wp:attachment":[{"href":"https:\/\/wiy.com.br\/noticias\/wp-json\/wp\/v2\/media?parent=104229"}],"wp:term":[{"taxonomy":"category","embeddable":true,"href":"https:\/\/wiy.com.br\/noticias\/wp-json\/wp\/v2\/categories?post=104229"},{"taxonomy":"post_tag","embeddable":true,"href":"https:\/\/wiy.com.br\/noticias\/wp-json\/wp\/v2\/tags?post=104229"}],"curies":[{"name":"wp","href":"https:\/\/api.w.org\/{rel}","templated":true}]}}