{"id":104131,"date":"2025-12-07T05:48:13","date_gmt":"2025-12-07T08:48:13","guid":{"rendered":"https:\/\/wiy.com.br\/noticias\/dor-de-garganta-9-sinais-de-que-e-hora-de-ir-ao-medico\/"},"modified":"2025-12-07T05:48:37","modified_gmt":"2025-12-07T08:48:37","slug":"dor-de-garganta-9-sinais-de-que-e-hora-de-ir-ao-medico","status":"publish","type":"post","link":"https:\/\/wiy.com.br\/noticias\/dor-de-garganta-9-sinais-de-que-e-hora-de-ir-ao-medico\/","title":{"rendered":"Dor de garganta? 9 sinais de que \u00e9 hora de ir ao m\u00e9dico"},"content":{"rendered":"<p> <br \/>\n<\/p>\n<p>A dor de garganta \u00e9 aquele inc\u00f4modo que quase todo mundo j\u00e1 sentiu. Pode come\u00e7ar com uma leve irrita\u00e7\u00e3o, evoluir para dificuldade de engolir, e \u00e0s vezes vem acompanhada de febre, tosse ou at\u00e9 perda de voz. Na maioria dos casos, \u00e9 algo passageiro, um resfriado, uma mudan\u00e7a de tempo, ou at\u00e9 o ar seco do ambiente. Mas nem sempre \u00e9 t\u00e3o simples assim.<\/p>\n<p>Se voc\u00ea est\u00e1 se perguntando quando \u00e9 hora de procurar um m\u00e9dico por causa da dor de garganta, ent\u00e3o, saiba que existem sintomas claros de alerta. E \u00e9 sobre isso que vamos conversar agora. Continue lendo para entender os 9 sinais que indicam que sua dor de garganta pode ser mais s\u00e9ria do que parece, e que talvez seja hora de buscar ajuda profissional.<\/p>\n<p><strong>Leia mais<\/strong><\/p>\n<ul>\n<li>Para que servem as am\u00edgdalas da garganta?<\/li>\n<li>Qual a diferen\u00e7a entre sintomas de dengue e gripe? Infectologista explica<\/li>\n<li>Por que sentimos o famoso \u201cn\u00f3 na garganta\u201d? A medicina explica<\/li>\n<\/ul>\n<h2 class=\"wp-block-heading\" id=\"h-9-nbsp-nbsp-sinais-de-que-a-dor-de-garganta-e-mais-grave-do-que-parece\">9&nbsp;&nbsp;sinais de que a dor de garganta \u00e9 mais grave do que parece<\/h2>\n<h3 class=\"wp-block-heading\" id=\"h-1-dor-intensa-que-nao-melhora-em-48-72-horas\">1. Dor intensa que n\u00e3o melhora em 48\u201372 horas<\/h3>\n<p>Esse \u00e9 um dos primeiros indicativos de que sua dor de garganta requer cuidados m\u00e9dicos. Afinal, se a dor est\u00e1 forte e n\u00e3o d\u00e1 tr\u00e9gua mesmo ap\u00f3s dois ou tr\u00eas dias, \u00e9 sinal de que pode haver uma infec\u00e7\u00e3o mais s\u00e9ria, como faringite bacteriana, que exige tratamento espec\u00edfico.<\/p>\n<h3 class=\"wp-block-heading\" id=\"h-2-febre-alta-e-persistente\">2. Febre alta e persistente<\/h3>\n<p>Febre acima de 38,5\u202f\u00b0C que n\u00e3o cede com antit\u00e9rmicos ou dura mais de dois dias pode indicar que o corpo est\u00e1 lutando contra algo mais agressivo do que um simples resfriado. Ou seja, pode estar totalmente associada a sua dor de garganta e, portanto, o ideal \u00e9 procurar um m\u00e9dico.<\/p>\n<h3 class=\"wp-block-heading\" id=\"h-3-dificuldade-para-engolir-ou-respirar\">3. Dificuldade para engolir ou respirar<\/h3>\n<div class=\"wp-block-image\">\n<figure class=\"aligncenter size-large\"><figcaption class=\"wp-element-caption\">Dor de garganta que n\u00e3o melhora em 3 dias merece aten\u00e7\u00e3o m\u00e9dica\/Shutterstock_Photoroyalty<\/figcaption><\/figure>\n<\/div>\n<p>Esse \u00e9 outro sinal, que parece bobo, mas que tamb\u00e9m \u00e9 um alerta para procurar um m\u00e9dico relacionado a sua dor na garganta. Ent\u00e3o, se sentir que engolir virou um desafio ou que a respira\u00e7\u00e3o est\u00e1 comprometida \u00e9 um sinal importante. Pode haver inflama\u00e7\u00e3o intensa ou at\u00e9 obstru\u00e7\u00e3o parcial das vias a\u00e9reas.<\/p>\n<h3 class=\"wp-block-heading\" id=\"h-4-pontos-brancos-placas-de-pus-ou-mau-halito-intenso\">4. Pontos brancos, placas de pus ou mau h\u00e1lito intenso<\/h3>\n<p>Entre os sinais vis\u00edveis na garganta, o pus ou pontos brancos, geralmente nas am\u00edgdalas, podem indicar infec\u00e7\u00e3o bacteriana. Al\u00e9m disso, o mau h\u00e1lito forte tamb\u00e9m pode ser consequ\u00eancia da presen\u00e7a de pus ou tecido inflamado.<\/p>\n<p>O Dr. Eduardo Passerotti, alerta no <a href=\"https:\/\/www.youtube.com\/watch?v=dbCEXo_SrKE\" target=\"_blank\" rel=\"noreferrer noopener\">canal Dr.Ajuda<\/a> sobre os casos em que o paciente est\u00e1 com pus no pesco\u00e7o. Segundo o otorrino, esse sintoma pode ser urgente e o individuo deve procurar ajuda m\u00e9dica, pois pode at\u00e9 precisar de uma cirurgia para drenar o abscesso.<\/p>\n<h3 class=\"wp-block-heading\" id=\"h-5-inchaco-doloroso-nos-ganglios-do-pescoco\">5. Incha\u00e7o doloroso nos g\u00e2nglios do pesco\u00e7o<\/h3>\n<div class=\"wp-block-image\">\n<figure class=\"aligncenter size-large\"><img title = \"[Tags]\"loading=\"lazy\" decoding=\"async\" width=\"1024\" height=\"576\" src=\"https:\/\/olhardigital.com.br\/wp-content\/uploads\/2025\/12\/2-1-1024x576.jpg\"alt = \"2-1-1024x576 Dor de garganta? 9 sinais de que \u00e9 hora de ir ao m\u00e9dico\" class=\"wp-image-1227053\" \/><figcaption class=\"wp-element-caption\">Febre alta junto com dor de garganta pode indicar infec\u00e7\u00e3o mais s\u00e9ria\/Shutterstock_Kmpzzz<\/figcaption><\/figure>\n<\/div>\n<p>Os linfonodos (g\u00e2nglios) aumentam de tamanho quando o corpo est\u00e1 combatendo uma infec\u00e7\u00e3o. Se est\u00e3o inchados e doloridos, \u00e9 hora de investigar. De acordo com o Dr. Leonardo Kruschewsky, cirurgi\u00e3o de cabe\u00e7a e pesco\u00e7o, em seu <a href=\"https:\/\/youtube.com\/shorts\/3_m9wYLiyEc?si=KXvCtoYzjMwhdNcq\" target=\"_blank\" rel=\"noreferrer noopener\">canal no YouTube<\/a>, os linfonodos s\u00e3o um mecanismo de defesa do organismo. Dessa forma, podem aumentar devido a um quadro simples de infec\u00e7\u00e3o ou at\u00e9 mesmo de uma neoplasia (tumor envolvido).<\/p>\n<h3 class=\"wp-block-heading\" id=\"h-6-dor-de-garganta-acompanhada-de-erupcoes-na-pele\">6. Dor de garganta acompanhada de erup\u00e7\u00f5es na pele<\/h3>\n<p>Entre os sintomas mais s\u00e9rios, que n\u00e3o devem ignorar uma consulta m\u00e9dica, est\u00e3o as erup\u00e7\u00f5es na pele associadas a dor de garganta. Afinal, algumas infec\u00e7\u00f5es, como escarlatina ou mononucleose, podem causar dor de garganta junto com manchas ou erup\u00e7\u00f5es cut\u00e2neas. O que exige avalia\u00e7\u00e3o m\u00e9dica imediata.<\/p>\n<h3 class=\"wp-block-heading\" id=\"h-7-perda-de-voz-por-mais-de-7-dias\">7. Perda de voz por mais de 7 dias<\/h3>\n<div class=\"wp-block-image\">\n<figure class=\"aligncenter size-large\"><img title = \"[Tags]\"loading=\"lazy\" decoding=\"async\" width=\"1024\" height=\"576\" src=\"https:\/\/olhardigital.com.br\/wp-content\/uploads\/2025\/12\/3-2-1024x576.jpg\"alt = \"2-1-1024x576 Dor de garganta? 9 sinais de que \u00e9 hora de ir ao m\u00e9dico\" class=\"wp-image-1227054\" \/><figcaption class=\"wp-element-caption\">Pontos brancos ou placas de pus s\u00e3o sinais de alerta\/Shutterstock_P.NOONIN<\/figcaption><\/figure>\n<\/div>\n<p>Ficar rouco ou sem voz por alguns dias pode ser normal, mas se isso se prolonga por uma semana ou mais, \u00e9 importante verificar se h\u00e1 inflama\u00e7\u00e3o nas cordas vocais ou outro problema.<\/p>\n<p>Ent\u00e3o, \u00e9 importante marcar uma consulta m\u00e9dica. De acordo com o Minist\u00e9rio da Sa\u00fade, esse \u00e9 um dos sintomas da laringite. Al\u00e9m disso, pode estar associado a sensa\u00e7\u00e3o de formigamento na garganta ou como se estivesse em carne viva.<\/p>\n<h3 class=\"wp-block-heading\" id=\"h-8-dor-localizada-apenas-de-um-lado-da-garganta\">8. Dor localizada apenas de um lado da garganta<\/h3>\n<p>Quando a dor \u00e9 unilateral e intensa, pode indicar abscesso peritonsilar, uma complica\u00e7\u00e3o que precisa de interven\u00e7\u00e3o m\u00e9dica. Geralmente, esse tipo de problema \u00e9 mais comum em adolescentes e come\u00e7a com uma amigdalite bacteriana.<\/p>\n<h3 class=\"wp-block-heading\" id=\"h-9-repeticao-frequente-de-episodios\">9. Repeti\u00e7\u00e3o frequente de epis\u00f3dios<\/h3>\n<p>Por \u00faltimo, mas n\u00e3o menos importante, \u00e9 necess\u00e1rio observar, principalmente, a frequ\u00eancia de suas inflama\u00e7\u00f5es ou dores de garganta por ano. Afinal, 5 ou 6 vezes por ano, pode indicar uma condi\u00e7\u00e3o cr\u00f4nica ou necessidade de investigar fatores como refluxo, alergias ou imunidade baixa. Segundo o m\u00e9dico Otorrino, Danilo Real, ao <a href=\"https:\/\/www.youtube.com\/watch?v=Fe311zsnWYU&amp;t=94s\" target=\"_blank\" rel=\"noreferrer noopener\">portal do Drauzio Varella<\/a>, 5 amigdalites por ano (aquelas que necessitam de antibi\u00f3tico), ou 4 por dois anos seguidos j\u00e1 \u00e9 um crit\u00e9rio de indica\u00e7\u00e3o de cirurgia de retirada das am\u00eddalas.<\/p>\n<figure class=\"wp-block-embed aligncenter is-type-video is-provider-youtube wp-block-embed-youtube wp-embed-aspect-16-9 wp-has-aspect-ratio\">\n<div class=\"wp-block-embed__wrapper\">\n<\/div><figcaption class=\"wp-element-caption\">Dr. Danilo Real (canal Youtube Drauzio Varella)<\/figcaption><\/figure>\n<p>O post Dor de garganta? 9 sinais de que \u00e9 hora de ir ao m\u00e9dico apareceu primeiro em Olhar Digital.<\/p>\n<p><br \/>\n<br \/><a href=\"https:\/\/olhardigital.com.br\/2025\/12\/07\/medicina-e-saude\/dor-de-garganta-9-sinais-de-que-e-hora-de-ir-ao-medico\/\">Fonte do Artigo <\/a><br \/>\nTags:<\/p>\n<p><a title=\"Gestor de Tr\u00e1fego\" href=\"https:\/\/www.gestor-de-trafego.com\/\" target=\"_blank\"><strong>Gestor de Tr\u00e1fego<\/strong><\/a><\/p>\n<p><a href=\"https:\/\/wiy.com.br\/noticias\/categoria\/tecnologia\/\">#tecnologia<\/a> <a href=\"https:\/\/wiy.com.br\/noticias\/categoria\/tecnologia\/\">#tecnologias<\/a> <a href=\"https:\/\/wiy.com.br\/noticias\/categoria\/tecnologia\/\">#technology<\/a> <a href=\"https:\/\/wiy.com.br\/noticias\/categoria\/tecnologia\/\">#tecnolog<\/a> <a href=\"https:\/\/wiy.com.br\/noticias\/categoria\/tecnologia\/\">#iphone<\/a> <a href=\"https:\/\/wiy.com.br\/noticias\/categoria\/tecnologia\/\">#informatica<\/a> <a href=\"https:\/\/wiy.com.br\/noticias\/categoria\/tecnologia\/\">#tech<\/a> <a href=\"https:\/\/wiy.com.br\/noticias\/categoria\/tecnologia\/\">#design<\/a> <a href=\"https:\/\/wiy.com.br\/noticias\/categoria\/tecnologia\/\">#samsung<\/a> <a href=\"https:\/\/wiy.com.br\/noticias\/categoria\/tecnologia\/\">#internet<\/a> <a href=\"https:\/\/wiy.com.br\/noticias\/categoria\/tecnologia\/\">#apple<\/a> <a href=\"https:\/\/wiy.com.br\/noticias\/categoria\/tecnologia\/\">#smartphone<\/a> <a href=\"https:\/\/wiy.com.br\/noticias\/categoria\/tecnologia\/\">#seguranca<\/a> <a href=\"https:\/\/wiy.com.br\/noticias\/categoria\/tecnologia\/\">#venezuela<\/a> <a href=\"https:\/\/wiy.com.br\/noticias\/categoria\/tecnologia\/\">#celular<\/a> <a href=\"https:\/\/wiy.com.br\/noticias\/categoria\/tecnologia\/\">#celulares<\/a> <a href=\"https:\/\/wiy.com.br\/noticias\/categoria\/tecnologia\/\">#inovar<\/a> <a href=\"https:\/\/wiy.com.br\/noticias\/categoria\/tecnologia\/\">#qualidade<\/a> <a href=\"https:\/\/wiy.com.br\/noticias\/categoria\/tecnologia\/\">#software<\/a> <a href=\"https:\/\/wiy.com.br\/noticias\/categoria\/tecnologia\/\">#empresas<\/a> <a href=\"https:\/\/wiy.com.br\/noticias\/categoria\/tecnologia\/\">#cursos<\/a> <a href=\"https:\/\/wiy.com.br\/noticias\/categoria\/tecnologia\/\">#engenharia<\/a> <a href=\"https:\/\/wiy.com.br\/noticias\/categoria\/tecnologia\/\">#industria<\/a> <a href=\"https:\/\/wiy.com.br\/noticias\/categoria\/tecnologia\/\">#marketing<\/a> <a href=\"https:\/\/wiy.com.br\/noticias\/categoria\/tecnologia\/\">#ti<\/a> <a href=\"https:\/\/wiy.com.br\/noticias\/categoria\/tecnologia\/\">#tecnoblog<\/a> <a href=\"https:\/\/wiy.com.br\/noticias\/categoria\/tecnologia\/\">#veja<\/a> <a href=\"https:\/\/wiy.com.br\/noticias\/categoria\/tecnologia\/\">#olhardigital<\/a> <a href=\"https:\/\/wiy.com.br\/noticias\/categoria\/tecnologia\/\">#mundodigital<\/a> <a href=\"https:\/\/wiy.com.br\/noticias\/categoria\/tecnologia\/\">#inteligenciaartificial<\/a> <a href=\"https:\/\/wiy.com.br\/criacao-de-sites\/\">#criar site<\/a> <a href=\"https:\/\/wiy.com.br\/criacao-de-sites\/\">#criar site curitiba<\/a> <a href=\"https:\/\/wiy.com.br\/criacao-de-sites\/\">#wiysolutions<\/a><\/p>\n<p><a \n#Dor #garganta #sinais #hora #m\u00e9dico\n<\/p>\n","protected":false},"excerpt":{"rendered":"<p>A dor de garganta \u00e9 aquele inc\u00f4modo que quase todo mundo j\u00e1 sentiu. Pode come\u00e7ar com uma leve irrita\u00e7\u00e3o, evoluir para dificuldade de engolir, e \u00e0s vezes vem acompanhada de febre, tosse ou at\u00e9 perda de voz. Na maioria dos casos, \u00e9 algo passageiro, um resfriado, uma mudan\u00e7a de tempo, ou at\u00e9 o ar seco [&hellip;]<\/p>\n","protected":false},"author":1,"featured_media":104132,"comment_status":"open","ping_status":"open","sticky":false,"template":"","format":"standard","meta":{"footnotes":""},"categories":[5],"tags":[],"class_list":["post-104131","post","type-post","status-publish","format-standard","has-post-thumbnail","hentry","category-tecnologia"],"_links":{"self":[{"href":"https:\/\/wiy.com.br\/noticias\/wp-json\/wp\/v2\/posts\/104131","targetHints":{"allow":["GET"]}}],"collection":[{"href":"https:\/\/wiy.com.br\/noticias\/wp-json\/wp\/v2\/posts"}],"about":[{"href":"https:\/\/wiy.com.br\/noticias\/wp-json\/wp\/v2\/types\/post"}],"author":[{"embeddable":true,"href":"https:\/\/wiy.com.br\/noticias\/wp-json\/wp\/v2\/users\/1"}],"replies":[{"embeddable":true,"href":"https:\/\/wiy.com.br\/noticias\/wp-json\/wp\/v2\/comments?post=104131"}],"version-history":[{"count":1,"href":"https:\/\/wiy.com.br\/noticias\/wp-json\/wp\/v2\/posts\/104131\/revisions"}],"predecessor-version":[{"id":104133,"href":"https:\/\/wiy.com.br\/noticias\/wp-json\/wp\/v2\/posts\/104131\/revisions\/104133"}],"wp:featuredmedia":[{"embeddable":true,"href":"https:\/\/wiy.com.br\/noticias\/wp-json\/wp\/v2\/media\/104132"}],"wp:attachment":[{"href":"https:\/\/wiy.com.br\/noticias\/wp-json\/wp\/v2\/media?parent=104131"}],"wp:term":[{"taxonomy":"category","embeddable":true,"href":"https:\/\/wiy.com.br\/noticias\/wp-json\/wp\/v2\/categories?post=104131"},{"taxonomy":"post_tag","embeddable":true,"href":"https:\/\/wiy.com.br\/noticias\/wp-json\/wp\/v2\/tags?post=104131"}],"curies":[{"name":"wp","href":"https:\/\/api.w.org\/{rel}","templated":true}]}}