{"id":104037,"date":"2025-12-05T17:10:37","date_gmt":"2025-12-05T20:10:37","guid":{"rendered":"https:\/\/wiy.com.br\/noticias\/linhas-do-metro-de-sp-passam-a-funcionar-24-horas-aos-sabados\/"},"modified":"2025-12-05T17:10:37","modified_gmt":"2025-12-05T20:10:37","slug":"linhas-do-metro-de-sp-passam-a-funcionar-24-horas-aos-sabados","status":"publish","type":"post","link":"https:\/\/wiy.com.br\/noticias\/linhas-do-metro-de-sp-passam-a-funcionar-24-horas-aos-sabados\/","title":{"rendered":"Linhas do Metr\u00f4 de SP passam a funcionar 24 horas aos s\u00e1bados"},"content":{"rendered":"<p> <br \/>\n<br \/><img title = \"[Tags]\"alt = \"NY_6390.jpg Linhas do Metr\u00f4 de SP passam a funcionar 24 horas aos s\u00e1bados\"decoding=\"async\" src=\"https:\/\/vejasp.abril.com.br\/wp-content\/uploads\/2023\/04\/NY_6390.jpg.jpg\" \/><\/p>\n<p>As<strong> linhas 1-Azul, 2-Verde, 3-Vermelha e 15-Prata<\/strong>, operadas pel<strong>o <a href=\"https:\/\/vejasp.abril.com.br\/cidades\/veja-mapa-de-metro-sp-aprenda-como-andar\/\" target=\"_blank\" rel=\"noopener\">Metr\u00f4<\/a> de S\u00e3o Paulo<\/strong>, passam a funcionar<strong> 24 horas aos s\u00e1bados<\/strong> a partir deste s\u00e1bado (6). A iniciativa est\u00e1 em regime experimental, segundo a empresa, e vai at\u00e9 fevereiro de 2026.<\/p>\n<div id=\"relacionadas\" class=\"block noreadme-audima three_columns\">\n<ul class=\"block-menu\">\n<li data-tab=\"tab-1\" class=\"active\">Relacionadas<\/li>\n<\/ul>\n<div id=\"tab-1\" class=\"block-content active\">\n<ul class=\"relacionadas-s-img\">\n<li class=\"widget-news-item without-thumb with-border\">\n<div class=\"widget-news-info\"><a href=\"\/cidades\">Cidades<\/a><span class=\"widget-news-item-title\"><a href=\"https:\/\/vejasp.abril.com.br\/cidades\/amarelinhas-francisco-bosco\/\">Francisco Bosco: \u201cH\u00e1 uma confus\u00e3o entre a cr\u00edtica ao machismo e a cr\u00edtica aos homens\u201d<\/a><\/span><span class=\"widget-news-item-date\">5 dez 2025 &#8211; 08h12<\/span><\/div>\n<\/li>\n<li class=\"widget-news-item without-thumb with-border\">\n<div class=\"widget-news-info\"><a href=\"\/consumo\">Consumo<\/a><span class=\"widget-news-item-title\"><a href=\"https:\/\/vejasp.abril.com.br\/consumo\/joalheira-consagrada-mariah-rovery-expande-seu-universo-artistico\/\">Joalheira consagrada, Mariah Rovery expande seu universo art\u00edstico<\/a><\/span><span class=\"widget-news-item-date\">4 dez 2025 &#8211; 08h12<\/span><\/div>\n<\/li>\n<li class=\"widget-news-item without-thumb with-border\">\n<div class=\"widget-news-info\"><a href=\"\/cultura-lazer\">Cultura &amp; Lazer<\/a><span class=\"widget-news-item-title\"><a href=\"https:\/\/vejasp.abril.com.br\/cultura-lazer\/exclusivo-pinacoteca-revela-programacao-completa-de-exposicoes-de-2026\/\">Exclusivo: Pinacoteca revela programa\u00e7\u00e3o completa de exposi\u00e7\u00f5es de 2026<\/a><\/span><span class=\"widget-news-item-date\">4 dez 2025 &#8211; 08h12<\/span><\/div>\n<\/li>\n<\/ul>\n<\/div>\n<\/div>\n<p>No per\u00edodo experimental, o Metr\u00f4 vai analisar a demanda, a viabilidade t\u00e9cnica e operacional para atender a um pedido antigo de moradores e turistas da cidade.<\/p>\n<div class=\"noreadme-audima ads video-ads\">\n<div class=\"abrAD\" data-format=\"intext_video\"><\/div>\n<\/div>\n<p>Com a opera\u00e7\u00e3o 24 horas na virada do fim de semana, os passageiros v\u00e3o poder embarcar e desembarcar em todas as linhas do Metr\u00f4 SP, mas sem a possibilidade de transfer\u00eancia para as demais linhas operadas por outras concession\u00e1rias.<\/p>\n<h3>Como vai funcionar a opera\u00e7\u00e3o 24 horas aos s\u00e1bados?<\/h3>\n<p>Os trens circulam da 0h \u00e0s 4h40, com intervalos entre 20 e 30 minutos entre as composi\u00e7\u00f5es, dependendo da necessidade. Excepcionalmente nos trechos da Linha 2-Verde entre as esta\u00e7\u00f5es Vila Madalena e Cl\u00ednicas e entre Sacom\u00e3 e Vila Prudente, os trens operam por uma \u00fanica via, nos dois sentidos (via singela). No restante da linha (Cl\u00ednicas a Sacom\u00e3), bem como nas linhas 1-Azul e 3-Vermelha, a opera\u00e7\u00e3o segue pelas duas vias de circula\u00e7\u00e3o.<\/p>\n<p>Excepcionalmente neste primeiro fim de semana, a Linha 15-Prata atende por \u00f4nibus do sistema PAESE por conta de testes que est\u00e3o sendo feitos com trens de uma nova frota.<\/p>\n<div class=\"ads post-ads noreadme-audima\">\n    <span class=\"title\">Continua ap\u00f3s a publicidade<\/span><\/p>\n<div class=\"abrAD\" data-format=\"intext\"><\/div>\n<\/div>\n<p>Na madrugada, as bilheterias n\u00e3o funcionam e os passageiros podem adquirir pelas m\u00e1quinas de autoatendimento, Carteira Google ou pelo WhatsApp (11 3888-2200). Nas linhas 1-Azul e 3-Vermelha, a entrada pode ser feita por meio de pagamento por aproxima\u00e7\u00e3o, com cart\u00f5es f\u00edsicos de cr\u00e9dito e d\u00e9bito.<\/p>\n<div class=\"box-app-phone-share noreadme-audima\">\n<div class=\"title-phone-share\">Compartilhe essa mat\u00e9ria via:<\/div>\n<div class=\"buttoms-phone-share\">\n\t\t<a class=\"whatsapp\" id=\"whatsappShare\" rel=\"nofollow\" aria-label=\"Compartilhe no Whatsapp\" target=\"_blank\" href=\"https:\/\/api.whatsapp.com\/send?text=https:\/\/vejasp.abril.com.br\/cidades\/linhas-do-metro-de-sp-passam-a-funcionar-24-horas-aos-sabados\/?utm_medium=whatsapp&amp;utm_source=shortcode_vejinhas\"><span>WhatsAPP<\/span><\/a><br \/>\n\t\t<a class=\"telegram\" id=\"telegramShare\" rel=\"nofollow\" aria-label=\"Compartilhe no Telegram\" target=\"_blank\" href=\"https:\/\/telegram.me\/share\/url?url=https:\/\/vejasp.abril.com.br\/cidades\/linhas-do-metro-de-sp-passam-a-funcionar-24-horas-aos-sabados\/?utm_medium=telegram&amp;utm_source=shortcode_vejinhas\"><span>Telegram<\/span><\/a>\n\t\t<\/div>\n<\/p><\/div>\n<div class=\"ads after-text noreadme-audima\">\n    <span class=\"title\">Publicidade<\/span><\/p>\n<div class=\"abrAD\" data-format=\"aftertext\" data-mapping=\"intext\"><\/div>\n<\/div>\n<p><br \/>\n<br \/><a href=\"https:\/\/vejasp.abril.com.br\/cidades\/linhas-do-metro-de-sp-passam-a-funcionar-24-horas-aos-sabados\/\">Fonte do Artigo <\/a><br \/>\nTags:<br \/>\n#loterias #loteriascaixa #megasena #resultadoapostas#noticias #noticiario  #noticia #brasil #noticiascolombia #mundo #esporte #colombia #noticiadeld #ltimasnoticias  #noticiario #noticiasregionales #noticiasdepartamentales #noticiashoy #esportes #noticiaahora #elinformantenoticias #noticiasdeboyac  #esporteinterativo #esportivo #diariodosesportes  #noticiero  #jogodefutebol #jogos #loto #apostas<\/p>\n","protected":false},"excerpt":{"rendered":"<p>As linhas 1-Azul, 2-Verde, 3-Vermelha e 15-Prata, operadas pelo Metr\u00f4 de S\u00e3o Paulo, passam a funcionar 24 horas aos s\u00e1bados a partir deste s\u00e1bado (6). A iniciativa est\u00e1 em regime experimental, segundo a empresa, e vai at\u00e9 fevereiro de 2026. Relacionadas CidadesFrancisco Bosco: \u201cH\u00e1 uma confus\u00e3o entre a cr\u00edtica ao machismo e a cr\u00edtica aos [&hellip;]<\/p>\n","protected":false},"author":1,"featured_media":101530,"comment_status":"open","ping_status":"open","sticky":false,"template":"","format":"standard","meta":{"footnotes":""},"categories":[1],"tags":[],"class_list":["post-104037","post","type-post","status-publish","format-standard","has-post-thumbnail","hentry","category-curso-de-copy"],"_links":{"self":[{"href":"https:\/\/wiy.com.br\/noticias\/wp-json\/wp\/v2\/posts\/104037","targetHints":{"allow":["GET"]}}],"collection":[{"href":"https:\/\/wiy.com.br\/noticias\/wp-json\/wp\/v2\/posts"}],"about":[{"href":"https:\/\/wiy.com.br\/noticias\/wp-json\/wp\/v2\/types\/post"}],"author":[{"embeddable":true,"href":"https:\/\/wiy.com.br\/noticias\/wp-json\/wp\/v2\/users\/1"}],"replies":[{"embeddable":true,"href":"https:\/\/wiy.com.br\/noticias\/wp-json\/wp\/v2\/comments?post=104037"}],"version-history":[{"count":0,"href":"https:\/\/wiy.com.br\/noticias\/wp-json\/wp\/v2\/posts\/104037\/revisions"}],"wp:featuredmedia":[{"embeddable":true,"href":"https:\/\/wiy.com.br\/noticias\/wp-json\/wp\/v2\/media\/101530"}],"wp:attachment":[{"href":"https:\/\/wiy.com.br\/noticias\/wp-json\/wp\/v2\/media?parent=104037"}],"wp:term":[{"taxonomy":"category","embeddable":true,"href":"https:\/\/wiy.com.br\/noticias\/wp-json\/wp\/v2\/categories?post=104037"},{"taxonomy":"post_tag","embeddable":true,"href":"https:\/\/wiy.com.br\/noticias\/wp-json\/wp\/v2\/tags?post=104037"}],"curies":[{"name":"wp","href":"https:\/\/api.w.org\/{rel}","templated":true}]}}