{"id":102995,"date":"2025-11-21T11:03:04","date_gmt":"2025-11-21T14:03:04","guid":{"rendered":"https:\/\/wiy.com.br\/noticias\/confira-como-fica-o-tempo-em-sp-no-fim-de-semana\/"},"modified":"2025-11-21T11:03:04","modified_gmt":"2025-11-21T14:03:04","slug":"confira-como-fica-o-tempo-em-sp-no-fim-de-semana","status":"publish","type":"post","link":"https:\/\/wiy.com.br\/noticias\/confira-como-fica-o-tempo-em-sp-no-fim-de-semana\/","title":{"rendered":"Confira como fica o tempo em SP no fim de semana"},"content":{"rendered":"<p> <br \/>\n<br \/><img title = \"[Tags]\"alt = \"thandy-yung-0c1YMbChZyQ-unsplash Confira como fica o tempo em SP no fim de semana\"decoding=\"async\" src=\"https:\/\/vejasp.abril.com.br\/wp-content\/uploads\/2025\/11\/thandy-yung-0c1YMbChZyQ-unsplash.jpg\" \/><\/p>\n<p>A sexta-feira (21) amanheceu com sol e temperatura em eleva\u00e7\u00e3o em S\u00e3o Paulo. De acordo com as esta\u00e7\u00f5es meteorol\u00f3gicas do CGE da prefeitura, por volta das 10h, a capital registrava, em m\u00e9dia,\u00a0 20,3\u00b0C. A\u00a0m\u00e1xima deve atingir os 30\u00b0C, mantendo o tempo quente nesta sexta.<\/p>\n<p>De acordo com os dados do CGE da Prefeitura de S\u00e3o Paulo, novembro at\u00e9 agora registrou at\u00e9 o momento 47,3mm de chuva, o que corresponde a aproximadamente 34,9% dos 135,6mm esperados.<\/p>\n<div class=\"noreadme-audima ads video-ads\">\n<div class=\"abrAD\" data-format=\"intext_video\"><\/div>\n<\/div>\n<h3>Tend\u00eancia para os pr\u00f3ximos dias<\/h3>\n<p>O s\u00e1bado (22) ter\u00e1 predom\u00ednio de sol, poucas nuvens e calor. Entre o meio e o fim da tarde, h\u00e1 potencial para chuva em forma de pancadas isoladas e de curta dura\u00e7\u00e3o. Os term\u00f4metros oscilam entre a m\u00ednima de 18\u00b0C ao amanhecer e a m\u00e1xima de 30\u00b0C \u00e0 tarde.<\/p>\n<p>No domingo (23), a propaga\u00e7\u00e3o de uma frente fria ao largo do litoral paulista muda o tempo na Grande S\u00e3o Paulo. As precipita\u00e7\u00f5es come\u00e7am de forma intermitente no per\u00edodo da manh\u00e3, e n\u00e3o se descarta pancadas fortes com trovoadas no meio do dia e \u00e0 tarde.<\/p>\n<p>H\u00e1 potencial para forma\u00e7\u00e3o de alagamentos. Por conta do tempo fechado e chuvoso, a temperatura cai. M\u00ednima de 17\u00b0C e m\u00e1xima de 23\u00b0C, e umidade do ar superior a 60%.<\/p>\n<div class=\"ads post-ads noreadme-audima\">\n    <span class=\"title\">Continua ap\u00f3s a publicidade<\/span><\/p>\n<div class=\"abrAD\" data-format=\"intext\"><\/div>\n<\/div>\n<div id=\"relacionadas\" class=\"block noreadme-audima three_columns\">\n<ul class=\"block-menu\">\n<li data-tab=\"tab-1\" class=\"active\">Relacionadas<\/li>\n<\/ul>\n<div id=\"tab-1\" class=\"block-content active\">\n<ul class=\"relacionadas-s-img\">\n<li class=\"widget-news-item without-thumb with-border\">\n<div class=\"widget-news-info\"><a href=\"\/cultura-lazer\">Cultura &amp; Lazer<\/a><span class=\"widget-news-item-title\"><a href=\"https:\/\/vejasp.abril.com.br\/cultura-lazer\/mural-sp-cassio-vasconcellos\/\">Mural SP: C\u00e1ssio Vasconcellos<\/a><\/span><span class=\"widget-news-item-date\">21 nov 2025 &#8211; 08h11<\/span><\/div>\n<\/li>\n<li class=\"widget-news-item without-thumb with-border\">\n<div class=\"widget-news-info\"><a href=\"\/cultura-lazer\">Cultura &amp; Lazer<\/a><span class=\"widget-news-item-title\"><a href=\"https:\/\/vejasp.abril.com.br\/cultura-lazer\/marjorie-estiano-amarelinhas\/\">Marjorie Estiano: \u201cO patriarcado mata\u201d<\/a><\/span><span class=\"widget-news-item-date\">21 nov 2025 &#8211; 08h11<\/span><\/div>\n<\/li>\n<li class=\"widget-news-item without-thumb with-border\">\n<div class=\"widget-news-info\"><a href=\"\/cidades\">Cidades<\/a><span class=\"widget-news-item-title\"><a href=\"https:\/\/vejasp.abril.com.br\/cidades\/capela-dos-aflitos-arqueologos-encontram-novas-ossadas-no-sitio-da-liberdade\/\">Capela dos Aflitos: arque\u00f3logos encontram novas ossadas no s\u00edtio da Liberdade<\/a><\/span><span class=\"widget-news-item-date\">20 nov 2025 &#8211; 17h11<\/span><\/div>\n<\/li>\n<\/ul>\n<\/div>\n<\/div>\n<p>&nbsp;<\/p>\n<div class=\"ads after-text noreadme-audima\">\n    <span class=\"title\">Publicidade<\/span><\/p>\n<div class=\"abrAD\" data-format=\"aftertext\" data-mapping=\"intext\"><\/div>\n<\/div>\n<p><br \/>\n<br \/><a href=\"https:\/\/vejasp.abril.com.br\/cidades\/sp-tera-sexta-e-sabado-de-sol-tempo-vira-no-domingo\/\">Fonte do Artigo <\/a><br \/>\nTags:<br \/>\n#loterias #loteriascaixa #megasena #resultadoapostas#noticias #noticiario  #noticia #brasil #noticiascolombia #mundo #esporte #colombia #noticiadeld #ltimasnoticias  #noticiario #noticiasregionales #noticiasdepartamentales #noticiashoy #esportes #noticiaahora #elinformantenoticias #noticiasdeboyac  #esporteinterativo #esportivo #diariodosesportes  #noticiero  #jogodefutebol #jogos #loto #apostas<\/p>\n","protected":false},"excerpt":{"rendered":"<p>A sexta-feira (21) amanheceu com sol e temperatura em eleva\u00e7\u00e3o em S\u00e3o Paulo. De acordo com as esta\u00e7\u00f5es meteorol\u00f3gicas do CGE da prefeitura, por volta das 10h, a capital registrava, em m\u00e9dia,\u00a0 20,3\u00b0C. A\u00a0m\u00e1xima deve atingir os 30\u00b0C, mantendo o tempo quente nesta sexta. De acordo com os dados do CGE da Prefeitura de S\u00e3o [&hellip;]<\/p>\n","protected":false},"author":1,"featured_media":102996,"comment_status":"open","ping_status":"open","sticky":false,"template":"","format":"standard","meta":{"footnotes":""},"categories":[1],"tags":[],"class_list":["post-102995","post","type-post","status-publish","format-standard","has-post-thumbnail","hentry","category-curso-de-copy"],"_links":{"self":[{"href":"https:\/\/wiy.com.br\/noticias\/wp-json\/wp\/v2\/posts\/102995","targetHints":{"allow":["GET"]}}],"collection":[{"href":"https:\/\/wiy.com.br\/noticias\/wp-json\/wp\/v2\/posts"}],"about":[{"href":"https:\/\/wiy.com.br\/noticias\/wp-json\/wp\/v2\/types\/post"}],"author":[{"embeddable":true,"href":"https:\/\/wiy.com.br\/noticias\/wp-json\/wp\/v2\/users\/1"}],"replies":[{"embeddable":true,"href":"https:\/\/wiy.com.br\/noticias\/wp-json\/wp\/v2\/comments?post=102995"}],"version-history":[{"count":0,"href":"https:\/\/wiy.com.br\/noticias\/wp-json\/wp\/v2\/posts\/102995\/revisions"}],"wp:featuredmedia":[{"embeddable":true,"href":"https:\/\/wiy.com.br\/noticias\/wp-json\/wp\/v2\/media\/102996"}],"wp:attachment":[{"href":"https:\/\/wiy.com.br\/noticias\/wp-json\/wp\/v2\/media?parent=102995"}],"wp:term":[{"taxonomy":"category","embeddable":true,"href":"https:\/\/wiy.com.br\/noticias\/wp-json\/wp\/v2\/categories?post=102995"},{"taxonomy":"post_tag","embeddable":true,"href":"https:\/\/wiy.com.br\/noticias\/wp-json\/wp\/v2\/tags?post=102995"}],"curies":[{"name":"wp","href":"https:\/\/api.w.org\/{rel}","templated":true}]}}