{"id":102717,"date":"2025-11-17T13:19:21","date_gmt":"2025-11-17T16:19:21","guid":{"rendered":"https:\/\/wiy.com.br\/noticias\/denuncias-de-assedio-quem-e-o-professor-demitido-da-unesp\/"},"modified":"2025-11-17T13:19:21","modified_gmt":"2025-11-17T16:19:21","slug":"denuncias-de-assedio-quem-e-o-professor-demitido-da-unesp","status":"publish","type":"post","link":"https:\/\/wiy.com.br\/noticias\/denuncias-de-assedio-quem-e-o-professor-demitido-da-unesp\/","title":{"rendered":"Den\u00fancias de ass\u00e9dio: quem \u00e9 o professor demitido da Unesp"},"content":{"rendered":"<p> <br \/>\n<br \/><img title = \"[Tags]\"alt = \"prof Den\u00fancias de ass\u00e9dio: quem \u00e9 o professor demitido da Unesp\"decoding=\"async\" src=\"https:\/\/vejasp.abril.com.br\/wp-content\/uploads\/2025\/11\/prof.avif\" \/><\/p>\n<p><span>A Universidade Estadual de S\u00e3o Paulo (Unesp) demitiu por justa causa na <\/span>\u00faltima quarta-feira (12) o professor Rafael Salatini de Almeida. Ele foi alvo de ao menos 40 den\u00fancias de ass\u00e9dio.<\/p>\n<p>Segundo a publica\u00e7\u00e3o do <em>Di\u00e1rio Oficial<\/em> com a demiss\u00e3o, ele era professor assistente doutor, contratado em regime CLT, no Departamento <span>de Ci\u00eancias Pol\u00edticas e Econ\u00f4micas da Faculdade de Filosofia e Ci\u00eancias (Unesp) do campus de Mar\u00edlia.\u00a0<\/span><\/p>\n<div class=\"noreadme-audima ads video-ads\">\n<div class=\"abrAD\" data-format=\"intext_video\"><\/div>\n<\/div>\n<h3>Den\u00fancias<\/h3>\n<p>Em maio do ano passado, cartazes pendurados pelo campos trouxeram frases que, segundo os alunos, eram ditas pelo professor.<\/p>\n<p>&#8220;S<span class=\"highlight highlighted\">\u00f3 quando a mulher tira a calcinha, voc\u00ea descobre se ela \u00e9 porca ou n\u00e3o&#8221; ou &#8220;em Israel n\u00e3o tem estupro pois as mulheres t\u00eam fuzil&#8221;.<\/span><\/p>\n<p>Em uma publica\u00e7\u00e3o realizada pelo Centro Acad\u00eamico de Rela\u00e7\u00f5es Internacionais Diplomata S\u00e9rgio Vieira Mello, a organiza\u00e7\u00e3o celebrou a &#8220;vit\u00f3ria dos estudantes&#8221; com a demiss\u00e3o do professor.<\/p>\n<div class=\"ads post-ads noreadme-audima\">\n    <span class=\"title\">Continua ap\u00f3s a publicidade<\/span><\/p>\n<div class=\"abrAD\" data-format=\"intext\"><\/div>\n<\/div>\n<p>O Centro Acad\u00eamico ainda pontua que as 44 den\u00fancias foram coletadas pela organiza\u00e7\u00e3o h\u00e1 mais de um ano.<\/p>\n<p>Por meio de nota, a defesa do professor disse ter recebido com surpresa a not\u00edcia da demiss\u00e3o do docente. &#8220;Visto que, conforme foi provado nos autos administrativos e atestado pela pr\u00f3pria per\u00edcia t\u00e9cnica da Unesp, o docente tomou conhecimento dentro do processo, ap\u00f3s passar por per\u00edcias, de que \u00e9 portador de Transtorno Afetivo Bipolar e S\u00edndrome de Asperger (Transtorno do Espectro Autista). A psiquiatria da Unesp atestou que, no per\u00edodo dos fatos ocorridos, o docente estava em surto, com preju\u00edzo efetivo de sua capacidade laboral e de seu discernimento. Diante desta perspectiva, esperava-se que a Unesp acolhesse o parecer t\u00e9cnico e propusesse um Termo de Ajuste de Conduta. Como isso n\u00e3o fora feito, esta defesa buscar\u00e1 a revers\u00e3o dos fatos nas<br \/>\ninst\u00e2ncias ordin\u00e1rias&#8221;, informou o escrit\u00f3rio de advogados que defende Salatini.<\/p>\n<div id=\"relacionadas\" class=\"block noreadme-audima three_columns\">\n<ul class=\"block-menu\">\n<li data-tab=\"tab-1\" class=\"active\">Relacionadas<\/li>\n<\/ul>\n<div id=\"tab-1\" class=\"block-content active\">\n<ul class=\"relacionadas-s-img\">\n<li class=\"widget-news-item without-thumb with-border\">\n<div class=\"widget-news-info\"><a href=\"\/saude\">Sa\u00fade<\/a><span class=\"widget-news-item-title\"><a href=\"https:\/\/vejasp.abril.com.br\/saude\/novembro-azul-confira-mitos-e-verdades-sobre-o-cancer-de-prostata\/\">Novembro Azul: confira mitos e verdades sobre o c\u00e2ncer de pr\u00f3stata<\/a><\/span><span class=\"widget-news-item-date\">16 nov 2025 &#8211; 17h11<\/span><\/div>\n<\/li>\n<li class=\"widget-news-item without-thumb with-border\">\n<div class=\"widget-news-info\"><a href=\"\/cidades\">Cidades<\/a><span class=\"widget-news-item-title\"><a href=\"https:\/\/vejasp.abril.com.br\/cidades\/policia-civil-prende-quadrilha-de-falsificacao-de-bebidas-no-interior-de-sp\/\">Pol\u00edcia Civil prende quadrilha de falsifica\u00e7\u00e3o de bebidas no interior de SP<\/a><\/span><span class=\"widget-news-item-date\">15 nov 2025 &#8211; 18h11<\/span><\/div>\n<\/li>\n<li class=\"widget-news-item without-thumb with-border\">\n<div class=\"widget-news-info\"><a href=\"\/cidades\">Cidades<\/a><span class=\"widget-news-item-title\"><a href=\"https:\/\/vejasp.abril.com.br\/cidades\/agua-de-sp-tem-esquadrao-de-degustadores-para-garantir-qualidade\/\">\u00c1gua de SP tem \u201cesquadr\u00e3o de degustadores\u201d para garantir qualidade<\/a><\/span><span class=\"widget-news-item-date\">15 nov 2025 &#8211; 16h11<\/span><\/div>\n<\/li>\n<\/ul>\n<\/div>\n<\/div>\n<div class=\"ads after-text noreadme-audima\">\n    <span class=\"title\">Publicidade<\/span><\/p>\n<div class=\"abrAD\" data-format=\"aftertext\" data-mapping=\"intext\"><\/div>\n<\/div>\n<p><br \/>\n<br \/><a href=\"https:\/\/vejasp.abril.com.br\/cidades\/denuncias-de-assedio-quem-e-o-professor-da-unesp-demitido\/\">Fonte do Artigo <\/a><br \/>\nTags:<br \/>\n#loterias #loteriascaixa #megasena #resultadoapostas#noticias #noticiario  #noticia #brasil #noticiascolombia #mundo #esporte #colombia #noticiadeld #ltimasnoticias  #noticiario #noticiasregionales #noticiasdepartamentales #noticiashoy #esportes #noticiaahora #elinformantenoticias #noticiasdeboyac  #esporteinterativo #esportivo #diariodosesportes  #noticiero  #jogodefutebol #jogos #loto #apostas<\/p>\n","protected":false},"excerpt":{"rendered":"<p>A Universidade Estadual de S\u00e3o Paulo (Unesp) demitiu por justa causa na \u00faltima quarta-feira (12) o professor Rafael Salatini de Almeida. Ele foi alvo de ao menos 40 den\u00fancias de ass\u00e9dio. Segundo a publica\u00e7\u00e3o do Di\u00e1rio Oficial com a demiss\u00e3o, ele era professor assistente doutor, contratado em regime CLT, no Departamento de Ci\u00eancias Pol\u00edticas e [&hellip;]<\/p>\n","protected":false},"author":1,"featured_media":102718,"comment_status":"open","ping_status":"open","sticky":false,"template":"","format":"standard","meta":{"footnotes":""},"categories":[1],"tags":[],"class_list":["post-102717","post","type-post","status-publish","format-standard","has-post-thumbnail","hentry","category-curso-de-copy"],"_links":{"self":[{"href":"https:\/\/wiy.com.br\/noticias\/wp-json\/wp\/v2\/posts\/102717","targetHints":{"allow":["GET"]}}],"collection":[{"href":"https:\/\/wiy.com.br\/noticias\/wp-json\/wp\/v2\/posts"}],"about":[{"href":"https:\/\/wiy.com.br\/noticias\/wp-json\/wp\/v2\/types\/post"}],"author":[{"embeddable":true,"href":"https:\/\/wiy.com.br\/noticias\/wp-json\/wp\/v2\/users\/1"}],"replies":[{"embeddable":true,"href":"https:\/\/wiy.com.br\/noticias\/wp-json\/wp\/v2\/comments?post=102717"}],"version-history":[{"count":0,"href":"https:\/\/wiy.com.br\/noticias\/wp-json\/wp\/v2\/posts\/102717\/revisions"}],"wp:featuredmedia":[{"embeddable":true,"href":"https:\/\/wiy.com.br\/noticias\/wp-json\/wp\/v2\/media\/102718"}],"wp:attachment":[{"href":"https:\/\/wiy.com.br\/noticias\/wp-json\/wp\/v2\/media?parent=102717"}],"wp:term":[{"taxonomy":"category","embeddable":true,"href":"https:\/\/wiy.com.br\/noticias\/wp-json\/wp\/v2\/categories?post=102717"},{"taxonomy":"post_tag","embeddable":true,"href":"https:\/\/wiy.com.br\/noticias\/wp-json\/wp\/v2\/tags?post=102717"}],"curies":[{"name":"wp","href":"https:\/\/api.w.org\/{rel}","templated":true}]}}