{"id":102713,"date":"2025-11-17T12:18:07","date_gmt":"2025-11-17T15:18:07","guid":{"rendered":"https:\/\/wiy.com.br\/noticias\/chuva-e-granizo-confira-a-previsao-do-tempo-na-semana-em-sp\/"},"modified":"2025-11-17T12:18:07","modified_gmt":"2025-11-17T15:18:07","slug":"chuva-e-granizo-confira-a-previsao-do-tempo-na-semana-em-sp","status":"publish","type":"post","link":"https:\/\/wiy.com.br\/noticias\/chuva-e-granizo-confira-a-previsao-do-tempo-na-semana-em-sp\/","title":{"rendered":"Chuva e granizo: confira a previs\u00e3o do tempo na semana em SP"},"content":{"rendered":"<p> <br \/>\n<br \/><img title = \"[Tags]\"alt = \"ClimaCorte Chuva e granizo: confira a previs\u00e3o do tempo na semana em SP\"decoding=\"async\" src=\"https:\/\/vejasp.abril.com.br\/wp-content\/uploads\/2022\/08\/ClimaCorte.jpg\" \/><\/p>\n<p><span>A <\/span>semana em S\u00e3o Paulo come\u00e7ou com varia\u00e7\u00e3o de nebulosidade e term\u00f4metros oscilando em torno dos 20,5\u00b0C durante a madrugada desta segunda-feira (17), de acordo com o <strong>CGE (Centro de Gerenciamento de Emerg\u00eancias)<\/strong> da prefeitura da capital.<\/p>\n<p>As <strong>esta\u00e7\u00f5es meteorol\u00f3gicas<\/strong> mostraram que as temperaturas m\u00ednimas chegaram aos 18,3\u00b0C ao sul da cidade, enquanto a regi\u00e3o central registrou 22\u00b0C. Os dados do CGE mostram que novembro registrou at\u00e9 o momento 32,4mm de chuva, o que corresponde a aproximadamente 23,9% dos 135,6mm esperados.<\/p>\n<div class=\"noreadme-audima ads video-ads\">\n<div class=\"abrAD\" data-format=\"intext_video\"><\/div>\n<\/div>\n<p>O sol deve aparecer entre nuvens com eleva\u00e7\u00e3o das temperaturas, com m\u00e1ximas que podem chegar aos 26\u00b0C.<span>\u00a0<\/span><\/p>\n<p>Uma \u00e1rea de baixa press\u00e3o se junta \u00e0 frente a uma frente fria que vem do litoral e que mant\u00e9m o tempo inst\u00e1vel na Grande S\u00e3o Paulo.<\/p>\n<p>A ter\u00e7a-feira (18) deve come\u00e7ar com muita nebulosidade, chuviscos e term\u00f4metros oscilando em torno de 18\u00b0C. No decorrer do dia ocorrem per\u00edodos de melhoria e o sol aparece entre muitas nuvens, com as temperaturas m\u00e1ximas chegando aos 24\u00b0C.<span>\u00a0<\/span><\/p>\n<div class=\"ads post-ads noreadme-audima\">\n    <span class=\"title\">Continua ap\u00f3s a publicidade<\/span><\/p>\n<div class=\"abrAD\" data-format=\"intext\"><\/div>\n<\/div>\n<p>A \u00e1rea de baixa press\u00e3o mant\u00e9m o tempo inst\u00e1vel e favorece a ocorr\u00eancia de chuvas na forma de pancadas, principalmente no decorrer da tarde. H\u00e1 condi\u00e7\u00f5es para pontos de moderada a forte intensidade com raios e rajadas de vento que podem superar os 50Km\/h, o que mant\u00e9m elevado o potencial para forma\u00e7\u00e3o de alagamentos e queda de \u00e1rvores.<\/p>\n<p>Na quarta-feira (19) as instabilidades se afastam da Grande S\u00e3o Paulo, restando ainda muita nebulosidade e chuviscos principalmente durante a madrugada.<\/p>\n<p>No decorrer do dia o tempo melhora e o sol aparece entre nuvens, favorecendo a eleva\u00e7\u00e3o das temperaturas. Os term\u00f4metros devem variar entre m\u00ednimas de 16\u00b0C e m\u00e1ximas que devem chegar aos 25\u00b0C.<\/p>\n<div id=\"relacionadas\" class=\"block noreadme-audima three_columns\">\n<ul class=\"block-menu\">\n<li data-tab=\"tab-1\" class=\"active\">Relacionadas<\/li>\n<\/ul>\n<div id=\"tab-1\" class=\"block-content active\">\n<ul class=\"relacionadas-s-img\">\n<li class=\"widget-news-item without-thumb with-border\">\n<div class=\"widget-news-info\"><a href=\"\/cidades\">Cidades<\/a><span class=\"widget-news-item-title\"><a href=\"https:\/\/vejasp.abril.com.br\/cidades\/homem-e-morto-a-tiros-na-liberdade-na-madrugada-deste-sabado-15\/\">Homem \u00e9 morto a tiros na Liberdade na madrugada deste s\u00e1bado (15)<\/a><\/span><span class=\"widget-news-item-date\">16 nov 2025 &#8211; 15h11<\/span><\/div>\n<\/li>\n<li class=\"widget-news-item without-thumb with-border\">\n<div class=\"widget-news-info\"><a href=\"\/cidades\">Cidades<\/a><span class=\"widget-news-item-title\"><a href=\"https:\/\/vejasp.abril.com.br\/cidades\/enem-2025-candidatos-fazem-prova-de-matematica-e-ciencias-da-natureza\/\">Enem 2025: candidatos fazem prova de matem\u00e1tica e ci\u00eancias da natureza<\/a><\/span><span class=\"widget-news-item-date\">16 nov 2025 &#8211; 11h11<\/span><\/div>\n<\/li>\n<li class=\"widget-news-item without-thumb with-border\">\n<div class=\"widget-news-info\"><a href=\"\/cidades\">Cidades<\/a><span class=\"widget-news-item-title\"><a href=\"https:\/\/vejasp.abril.com.br\/cidades\/policia-civil-prende-quadrilha-de-falsificacao-de-bebidas-no-interior-de-sp\/\">Pol\u00edcia Civil prende quadrilha de falsifica\u00e7\u00e3o de bebidas no interior de SP<\/a><\/span><span class=\"widget-news-item-date\">15 nov 2025 &#8211; 18h11<\/span><\/div>\n<\/li>\n<\/ul>\n<\/div>\n<\/div>\n<div class=\"ads after-text noreadme-audima\">\n    <span class=\"title\">Publicidade<\/span><\/p>\n<div class=\"abrAD\" data-format=\"aftertext\" data-mapping=\"intext\"><\/div>\n<\/div>\n<p><br \/>\n<br \/><a href=\"https:\/\/vejasp.abril.com.br\/cidades\/chuva-e-granizo-confira-a-previsao-do-tempo-na-semana-em-sp\/\">Fonte do Artigo <\/a><br \/>\nTags:<br \/>\n#loterias #loteriascaixa #megasena #resultadoapostas#noticias #noticiario  #noticia #brasil #noticiascolombia #mundo #esporte #colombia #noticiadeld #ltimasnoticias  #noticiario #noticiasregionales #noticiasdepartamentales #noticiashoy #esportes #noticiaahora #elinformantenoticias #noticiasdeboyac  #esporteinterativo #esportivo #diariodosesportes  #noticiero  #jogodefutebol #jogos #loto #apostas<\/p>\n","protected":false},"excerpt":{"rendered":"<p>A semana em S\u00e3o Paulo come\u00e7ou com varia\u00e7\u00e3o de nebulosidade e term\u00f4metros oscilando em torno dos 20,5\u00b0C durante a madrugada desta segunda-feira (17), de acordo com o CGE (Centro de Gerenciamento de Emerg\u00eancias) da prefeitura da capital. As esta\u00e7\u00f5es meteorol\u00f3gicas mostraram que as temperaturas m\u00ednimas chegaram aos 18,3\u00b0C ao sul da cidade, enquanto a regi\u00e3o [&hellip;]<\/p>\n","protected":false},"author":1,"featured_media":99573,"comment_status":"open","ping_status":"open","sticky":false,"template":"","format":"standard","meta":{"footnotes":""},"categories":[1],"tags":[],"class_list":["post-102713","post","type-post","status-publish","format-standard","has-post-thumbnail","hentry","category-curso-de-copy"],"_links":{"self":[{"href":"https:\/\/wiy.com.br\/noticias\/wp-json\/wp\/v2\/posts\/102713","targetHints":{"allow":["GET"]}}],"collection":[{"href":"https:\/\/wiy.com.br\/noticias\/wp-json\/wp\/v2\/posts"}],"about":[{"href":"https:\/\/wiy.com.br\/noticias\/wp-json\/wp\/v2\/types\/post"}],"author":[{"embeddable":true,"href":"https:\/\/wiy.com.br\/noticias\/wp-json\/wp\/v2\/users\/1"}],"replies":[{"embeddable":true,"href":"https:\/\/wiy.com.br\/noticias\/wp-json\/wp\/v2\/comments?post=102713"}],"version-history":[{"count":0,"href":"https:\/\/wiy.com.br\/noticias\/wp-json\/wp\/v2\/posts\/102713\/revisions"}],"wp:featuredmedia":[{"embeddable":true,"href":"https:\/\/wiy.com.br\/noticias\/wp-json\/wp\/v2\/media\/99573"}],"wp:attachment":[{"href":"https:\/\/wiy.com.br\/noticias\/wp-json\/wp\/v2\/media?parent=102713"}],"wp:term":[{"taxonomy":"category","embeddable":true,"href":"https:\/\/wiy.com.br\/noticias\/wp-json\/wp\/v2\/categories?post=102713"},{"taxonomy":"post_tag","embeddable":true,"href":"https:\/\/wiy.com.br\/noticias\/wp-json\/wp\/v2\/tags?post=102713"}],"curies":[{"name":"wp","href":"https:\/\/api.w.org\/{rel}","templated":true}]}}