{"id":102591,"date":"2025-11-15T15:32:10","date_gmt":"2025-11-15T18:32:10","guid":{"rendered":"https:\/\/wiy.com.br\/noticias\/metro-de-sp-aumenta-assentos-preferenciais-por-conscientizacao-entenda\/"},"modified":"2025-11-15T15:32:19","modified_gmt":"2025-11-15T18:32:19","slug":"metro-de-sp-aumenta-assentos-preferenciais-por-conscientizacao-entenda","status":"publish","type":"post","link":"https:\/\/wiy.com.br\/noticias\/metro-de-sp-aumenta-assentos-preferenciais-por-conscientizacao-entenda\/","title":{"rendered":"Metr\u00f4 de SP aumenta assentos preferenciais por conscientiza\u00e7\u00e3o; entenda"},"content":{"rendered":"<p> <br \/>\n<\/p>\n<p>O Metr\u00f4 de S\u00e3o Paulo iniciou uma a\u00e7\u00e3o especial para refor\u00e7ar a import\u00e2ncia da empatia no transporte p\u00fablico. Em celebra\u00e7\u00e3o ao <strong>Dia Mundial da Gentileza<\/strong>, comemorado em <strong>13 de novembro<\/strong>, a companhia transformou <strong>todos os lugares<\/strong> de <strong>tr\u00eas<\/strong> composi\u00e7\u00f5es das linhas <strong>1-Azul, 2-Verde e 3-Vermelha<\/strong> em <strong>assentos preferenciais<\/strong>.<\/p>\n<p>A iniciativa, que seguir\u00e1 v\u00e1lida ao longo de <strong>todo o m\u00eas de novembro<\/strong>, pretende chamar a aten\u00e7\u00e3o dos passageiros para a necessidade de <strong>respeito e conviv\u00eancia harmoniosa<\/strong>.<\/p>\n<\/p>\n<div class=\"wp-block-image\">\n<figure class=\"aligncenter size-large\"><figcaption class=\"wp-element-caption\">Cerca de 240 placas foram modificadas nos trens envolvidos na campanha (Imagem: Alf Ribeiro\/Shutterstock)<\/figcaption><\/figure>\n<\/div>\n<p>A mudan\u00e7a inclui a <strong>substitui\u00e7\u00e3o<\/strong> das tradicionais placas de assentos priorit\u00e1rios por sinaliza\u00e7\u00f5es com a cor dos assentos comuns, acompanhadas de setas em v\u00e1rias dire\u00e7\u00f5es e a mensagem: \u201c<strong>Durante o M\u00eas da Gentileza, lembramos: quando todos os assentos est\u00e3o ocupados, todos os assentos s\u00e3o preferenciais. Seja gentil<\/strong>.\u201d<\/p>\n<p>O objetivo \u00e9 fazer com que o p\u00fablico perceba que a prioridade <strong>n\u00e3o deve<\/strong> ser guiada apenas pela sinaliza\u00e7\u00e3o, mas pela <strong>sensibilidade<\/strong> sobre quem realmente precisa do lugar.<\/p>\n<p><strong>Leia mais:<\/strong><\/p>\n<ul>\n<li>Celulares do Google agora detectam defeitos em trilhos de Nova York<\/li>\n<li>Conhe\u00e7a a nova empresa de \u00f4nibus el\u00e9tricos que chega ao Brasil<\/li>\n<li>O que se sabe sobre o trem que ligar\u00e1 S\u00e3o Paulo e Campinas em uma hora?<\/li>\n<\/ul>\n<h2 class=\"wp-block-heading\" id=\"h-sinalizacao-renovada-no-metro-de-sao-paulo\">Sinaliza\u00e7\u00e3o renovada no metr\u00f4 de S\u00e3o Paulo<\/h2>\n<p>Segundo o Metr\u00f4, cerca de <strong>240 placas<\/strong> foram modificadas nos trens envolvidos na campanha. Al\u00e9m disso, os avisos tamb\u00e9m aparecem em pain\u00e9is digitais das esta\u00e7\u00f5es, monitores da TV Minuto e mensagens sonoras, com frases que refor\u00e7am a ideia central da a\u00e7\u00e3o. Entre elas est\u00e1: \u201c<strong>Qual \u00e9 a cor do assento preferencial? Faz diferen\u00e7a? Se voc\u00ea for gentil, todos os assentos s\u00e3o preferenciais.<\/strong>\u201d<\/p>\n<p>Idealizada pela ag\u00eancia Jotacom, a campanha utiliza princ\u00edpios da <strong>ci\u00eancia do comportamento<\/strong> para <strong>estimular mudan\u00e7as duradouras<\/strong> e visa refor\u00e7ar que pequenos gestos s\u00e3o capazes de melhorar a conviv\u00eancia de milh\u00f5es de pessoas que utilizam o sistema diariamente.<\/p>\n<\/p>\n<div class=\"wp-block-image\">\n<figure class=\"aligncenter size-full\"><img title = \"[Tags]\"loading=\"lazy\" decoding=\"async\" width=\"1000\" height=\"771\" src=\"https:\/\/olhardigital.com.br\/wp-content\/uploads\/2021\/03\/metro-de-sp.jpeg\"alt = \"metro-de-sp Metr\u00f4 de SP aumenta assentos preferenciais por conscientiza\u00e7\u00e3o; entenda\" class=\"wp-image-142135\" \/><figcaption class=\"wp-element-caption\">Pela lei, 10% dos assentos precisam ser destinados a passageiros com prioridade (Imagem: Anderson Reis\/Shutterstock)<\/figcaption><\/figure>\n<\/div>\n<p>O Metr\u00f4 espera que a a\u00e7\u00e3o inspire mais passageiros a adotar a gentileza como <strong>pr\u00e1tica permanente<\/strong>: oferecer o assento, independentemente da cor ou da placa, pode ser o detalhe que transforma a experi\u00eancia de quem mais precisa.<\/p>\n<p>A empresa lembra que, por lei, <strong>10%<\/strong> dos assentos precisam ser destinados a passageiros com <strong>prioridade<\/strong>. No entanto, o Metr\u00f4 j\u00e1 oferece <strong>mais lugares do que o m\u00ednimo obrigat\u00f3rio<\/strong>.<\/p>\n<p>Mesmo assim, uma pesquisa de comportamento realizada em <strong>2025<\/strong> mostrou que desrespeitar os assentos preferenciais continua sendo <strong>uma das atitudes mais inc\u00f4modas<\/strong> para os usu\u00e1rios. O estudo revela que <strong>51%<\/strong> dos passageiros afirmam que a viola\u00e7\u00e3o dessas regras ocorre <strong>constantemente<\/strong>.<\/p>\n<\/p>\n<div class=\"wp-block-image\">\n<figure class=\"aligncenter size-large\"><img title = \"[Tags]\"loading=\"lazy\" decoding=\"async\" width=\"1024\" height=\"682\" src=\"https:\/\/olhardigital.com.br\/wp-content\/uploads\/2025\/11\/metro_assento_preferencial-1024x682.jpg\"alt = \"metro-de-sp Metr\u00f4 de SP aumenta assentos preferenciais por conscientiza\u00e7\u00e3o; entenda\" class=\"wp-image-1217638\" \/><figcaption class=\"wp-element-caption\">Ideia \u00e9 fomentar a gentileza, de modo que a atitude se torne h\u00e1bito (Imagem: maroke\/Shutterstock)<\/figcaption><\/figure>\n<\/div>\n<h2 class=\"wp-block-heading\" id=\"h-comportamentos-que-mais-incomodam-no-transporte\">Comportamentos que mais incomodam no transporte<\/h2>\n<p>A mesma pesquisa identificou outras atitudes frequentes que atrapalham a circula\u00e7\u00e3o nos trens e plataformas. Entre os comportamentos inadequados que mais geram reclama\u00e7\u00f5es, est\u00e3o:<\/p>\n<ul>\n<li>N\u00e3o esperar os outros sa\u00edrem antes de entrar;<\/li>\n<li>Ficar parado na porta e bloquear a passagem;<\/li>\n<li>Empurrar para embarcar ou desembarcar;<\/li>\n<li>Tentar embarcar ap\u00f3s o sinal de fechamento das portas.<\/li>\n<\/ul>\n<p>Mais de <strong>60%<\/strong> dos entrevistados afirmam que essas situa\u00e7\u00f5es <strong>acontecem sempre<\/strong> no dia a dia.<\/p>\n<p>O post Metr\u00f4 de SP aumenta assentos preferenciais por conscientiza\u00e7\u00e3o; entenda apareceu primeiro em Olhar Digital.<\/p>\n<p><br \/>\n<br \/><a href=\"https:\/\/olhardigital.com.br\/2025\/11\/15\/carros-e-tecnologia\/metro-de-sp-aumenta-assentos-preferenciais-por-conscientizacao-entenda\/\">Fonte do Artigo <\/a><br \/>\nTags:<\/p>\n<p><a title=\"Gestor de Tr\u00e1fego\" href=\"https:\/\/www.gestor-de-trafego.com\/\" target=\"_blank\"><strong>Gestor de Tr\u00e1fego<\/strong><\/a><\/p>\n<p><a href=\"https:\/\/wiy.com.br\/noticias\/categoria\/tecnologia\/\">#tecnologia<\/a> <a href=\"https:\/\/wiy.com.br\/noticias\/categoria\/tecnologia\/\">#tecnologias<\/a> <a href=\"https:\/\/wiy.com.br\/noticias\/categoria\/tecnologia\/\">#technology<\/a> <a href=\"https:\/\/wiy.com.br\/noticias\/categoria\/tecnologia\/\">#tecnolog<\/a> <a href=\"https:\/\/wiy.com.br\/noticias\/categoria\/tecnologia\/\">#iphone<\/a> <a href=\"https:\/\/wiy.com.br\/noticias\/categoria\/tecnologia\/\">#informatica<\/a> <a href=\"https:\/\/wiy.com.br\/noticias\/categoria\/tecnologia\/\">#tech<\/a> <a href=\"https:\/\/wiy.com.br\/noticias\/categoria\/tecnologia\/\">#design<\/a> <a href=\"https:\/\/wiy.com.br\/noticias\/categoria\/tecnologia\/\">#samsung<\/a> <a href=\"https:\/\/wiy.com.br\/noticias\/categoria\/tecnologia\/\">#internet<\/a> <a href=\"https:\/\/wiy.com.br\/noticias\/categoria\/tecnologia\/\">#apple<\/a> <a href=\"https:\/\/wiy.com.br\/noticias\/categoria\/tecnologia\/\">#smartphone<\/a> <a href=\"https:\/\/wiy.com.br\/noticias\/categoria\/tecnologia\/\">#seguranca<\/a> <a href=\"https:\/\/wiy.com.br\/noticias\/categoria\/tecnologia\/\">#venezuela<\/a> <a href=\"https:\/\/wiy.com.br\/noticias\/categoria\/tecnologia\/\">#celular<\/a> <a href=\"https:\/\/wiy.com.br\/noticias\/categoria\/tecnologia\/\">#celulares<\/a> <a href=\"https:\/\/wiy.com.br\/noticias\/categoria\/tecnologia\/\">#inovar<\/a> <a href=\"https:\/\/wiy.com.br\/noticias\/categoria\/tecnologia\/\">#qualidade<\/a> <a href=\"https:\/\/wiy.com.br\/noticias\/categoria\/tecnologia\/\">#software<\/a> <a href=\"https:\/\/wiy.com.br\/noticias\/categoria\/tecnologia\/\">#empresas<\/a> <a href=\"https:\/\/wiy.com.br\/noticias\/categoria\/tecnologia\/\">#cursos<\/a> <a href=\"https:\/\/wiy.com.br\/noticias\/categoria\/tecnologia\/\">#engenharia<\/a> <a href=\"https:\/\/wiy.com.br\/noticias\/categoria\/tecnologia\/\">#industria<\/a> <a href=\"https:\/\/wiy.com.br\/noticias\/categoria\/tecnologia\/\">#marketing<\/a> <a href=\"https:\/\/wiy.com.br\/noticias\/categoria\/tecnologia\/\">#ti<\/a> <a href=\"https:\/\/wiy.com.br\/noticias\/categoria\/tecnologia\/\">#tecnoblog<\/a> <a href=\"https:\/\/wiy.com.br\/noticias\/categoria\/tecnologia\/\">#veja<\/a> <a href=\"https:\/\/wiy.com.br\/noticias\/categoria\/tecnologia\/\">#olhardigital<\/a> <a href=\"https:\/\/wiy.com.br\/noticias\/categoria\/tecnologia\/\">#mundodigital<\/a> <a href=\"https:\/\/wiy.com.br\/noticias\/categoria\/tecnologia\/\">#inteligenciaartificial<\/a> <a href=\"https:\/\/wiy.com.br\/criacao-de-sites\/\">#criar site<\/a> <a href=\"https:\/\/wiy.com.br\/criacao-de-sites\/\">#criar site curitiba<\/a> <a href=\"https:\/\/wiy.com.br\/criacao-de-sites\/\">#wiysolutions<\/a><\/p>\n<p><a \n#Metr\u00f4 #aumenta #assentos #preferenciais #por #conscientiza\u00e7\u00e3o #entenda\n<\/p>\n","protected":false},"excerpt":{"rendered":"<p>O Metr\u00f4 de S\u00e3o Paulo iniciou uma a\u00e7\u00e3o especial para refor\u00e7ar a import\u00e2ncia da empatia no transporte p\u00fablico. Em celebra\u00e7\u00e3o ao Dia Mundial da Gentileza, comemorado em 13 de novembro, a companhia transformou todos os lugares de tr\u00eas composi\u00e7\u00f5es das linhas 1-Azul, 2-Verde e 3-Vermelha em assentos preferenciais. A iniciativa, que seguir\u00e1 v\u00e1lida ao longo [&hellip;]<\/p>\n","protected":false},"author":1,"featured_media":102592,"comment_status":"open","ping_status":"open","sticky":false,"template":"","format":"standard","meta":{"footnotes":""},"categories":[5],"tags":[],"class_list":["post-102591","post","type-post","status-publish","format-standard","has-post-thumbnail","hentry","category-tecnologia"],"_links":{"self":[{"href":"https:\/\/wiy.com.br\/noticias\/wp-json\/wp\/v2\/posts\/102591","targetHints":{"allow":["GET"]}}],"collection":[{"href":"https:\/\/wiy.com.br\/noticias\/wp-json\/wp\/v2\/posts"}],"about":[{"href":"https:\/\/wiy.com.br\/noticias\/wp-json\/wp\/v2\/types\/post"}],"author":[{"embeddable":true,"href":"https:\/\/wiy.com.br\/noticias\/wp-json\/wp\/v2\/users\/1"}],"replies":[{"embeddable":true,"href":"https:\/\/wiy.com.br\/noticias\/wp-json\/wp\/v2\/comments?post=102591"}],"version-history":[{"count":1,"href":"https:\/\/wiy.com.br\/noticias\/wp-json\/wp\/v2\/posts\/102591\/revisions"}],"predecessor-version":[{"id":102593,"href":"https:\/\/wiy.com.br\/noticias\/wp-json\/wp\/v2\/posts\/102591\/revisions\/102593"}],"wp:featuredmedia":[{"embeddable":true,"href":"https:\/\/wiy.com.br\/noticias\/wp-json\/wp\/v2\/media\/102592"}],"wp:attachment":[{"href":"https:\/\/wiy.com.br\/noticias\/wp-json\/wp\/v2\/media?parent=102591"}],"wp:term":[{"taxonomy":"category","embeddable":true,"href":"https:\/\/wiy.com.br\/noticias\/wp-json\/wp\/v2\/categories?post=102591"},{"taxonomy":"post_tag","embeddable":true,"href":"https:\/\/wiy.com.br\/noticias\/wp-json\/wp\/v2\/tags?post=102591"}],"curies":[{"name":"wp","href":"https:\/\/api.w.org\/{rel}","templated":true}]}}