{"id":102507,"date":"2025-11-14T08:54:37","date_gmt":"2025-11-14T11:54:37","guid":{"rendered":"https:\/\/wiy.com.br\/noticias\/explosao-na-barra-funda-o-que-se-sabe-sobre-acidente-que-deixou-1-morto-e-dez-feridos-em-sp\/"},"modified":"2025-11-14T08:54:37","modified_gmt":"2025-11-14T11:54:37","slug":"explosao-na-barra-funda-o-que-se-sabe-sobre-acidente-que-deixou-1-morto-e-dez-feridos-em-sp","status":"publish","type":"post","link":"https:\/\/wiy.com.br\/noticias\/explosao-na-barra-funda-o-que-se-sabe-sobre-acidente-que-deixou-1-morto-e-dez-feridos-em-sp\/","title":{"rendered":"Explos\u00e3o na Barra Funda: o que se sabe sobre acidente que deixou 1 morto e dez feridos em SP"},"content":{"rendered":"<p> <br \/>\n<br \/><img title = \"[Tags]\"alt = \"Captura-de-tela-2025-11-14-083918 Explos\u00e3o na Barra Funda: o que se sabe sobre acidente que deixou 1 morto e dez feridos em SP\"decoding=\"async\" src=\"https:\/\/vejasp.abril.com.br\/wp-content\/uploads\/2025\/11\/Captura-de-tela-2025-11-14-083918.png\" \/><\/p>\n<p>&nbsp;<\/p>\n<p>Uma <strong>forte explos\u00e3o<\/strong> na noite de quinta-feira (13) provocou p\u00e2nico entre moradores da <strong>Barra Funda<\/strong>, em S\u00e3o Paulo. O estrondo, seguido de um inc\u00eandio de grandes propor\u00e7\u00f5es, foi ouvido em diversos bairros vizinhos e mobilizou o Corpo de Bombeiros, Pol\u00edcia Militar e Defesa Civil. Um homem que estava na casa na rua <span>Rua Francisco Bueno morreu e outras dez pessoas ficaram feridas, seis de forma leve. De acordo com a SSP (Secretaria de Seguran\u00e7a P\u00fablica), o im\u00f3vel era usado de forma irregular como dep\u00f3sito de fogos de artif\u00edcios.<\/span><\/p>\n<div class=\"noreadme-audima ads video-ads\">\n<div class=\"abrAD\" data-format=\"intext_video\"><\/div>\n<\/div>\n<h3><strong>O que aconteceu<\/strong><\/h3>\n<p>Por volta das 20h, moradores relataram um barulho intenso, semelhante a uma detona\u00e7\u00e3o, vindo de uma \u00e1rea pr\u00f3xima a galp\u00f5es comerciais do bairro. Logo depois, colunas de fuma\u00e7a puderam ser vistas a dist\u00e2ncia e v\u00eddeos come\u00e7aram a viralizar nas redes sociais com imagens da explos\u00e3o.<\/p>\n<p><span>A explos\u00e3o atingiu im\u00f3veis vizinhos, derrubou estruturas met\u00e1licas e provocou danos em diversos ve\u00edculos estacionados na regi\u00e3o.<\/span><\/p>\n<p><span>O impacto levou \u00e0 interdi\u00e7\u00e3o tempor\u00e1ria da avenida Salim Farah Maluf para garantir a seguran\u00e7a das equipes de seguran\u00e7a. <\/span><\/p>\n<div class=\"ads post-ads noreadme-audima\">\n    <span class=\"title\">Continua ap\u00f3s a publicidade<\/span><\/p>\n<div class=\"abrAD\" data-format=\"intext\"><\/div>\n<\/div>\n<p><span>Segundo a SSP, entre os dez feridos est\u00e3o a propriet\u00e1ria do im\u00f3vel, que sofreu ferimentos na cabe\u00e7a e foi encaminhada ao Hospital Nipo-Brasileiro junto ao filho, que teve les\u00f5es leves. As outras v\u00edtimas foram socorridas a unidades de sa\u00fade pr\u00f3ximas ou atendidas no local pelas equipes de emerg\u00eancia. <\/span><\/p>\n<p><span>Durante o rescaldo, o Corpo de Bombeiros acionou o Esquadr\u00e3o de Bombas do GATE, que localizou um corpo carbonizado entre os escombros. A v\u00edtima, um homem, seria o suspeito de armazenar ilegalmente artefatos explosivos dentro da casa.<\/span><\/p>\n<p><span>A Pol\u00edcia Civil instaurou inqu\u00e9rito para apurar as circunst\u00e2ncias da explos\u00e3o. O caso foi registrado como explos\u00e3o e les\u00e3o corporal na 30\u00aa DP.\u00a0<\/span><\/p>\n<div class=\"ads post-ads noreadme-audima\">\n    <span class=\"title\">Continua ap\u00f3s a publicidade<\/span><\/p>\n<div class=\"abrAD\" data-format=\"intext\"><\/div>\n<\/div>\n<p>Ap\u00f3s algumas horas de trabalho, os bombeiros conseguiram controlar o inc\u00eandio, mas permaneceram no local em opera\u00e7\u00e3o de rescaldo durante toda a madrugada. A casa onde ocorreu a explos\u00e3o ficou completamente destru\u00edda.<\/p>\n<div id=\"relacionadas\" class=\"block noreadme-audima three_columns\">\n<ul class=\"block-menu\">\n<li data-tab=\"tab-1\" class=\"active\">Relacionadas<\/li>\n<\/ul>\n<div id=\"tab-1\" class=\"block-content active\">\n<ul class=\"relacionadas-s-img\">\n<li class=\"widget-news-item without-thumb with-border\">\n<div class=\"widget-news-info\"><a href=\"\/cidades\">Cidades<\/a><span class=\"widget-news-item-title\"><a href=\"https:\/\/vejasp.abril.com.br\/cidades\/fraude-do-inss-saiba-quem-sao-os-presos-da-operacao-sem-desconto\/\">Fraude do INSS: saiba quem s\u00e3o os presos da Opera\u00e7\u00e3o Sem Desconto<\/a><\/span><span class=\"widget-news-item-date\">13 nov 2025 &#8211; 19h11<\/span><\/div>\n<\/li>\n<li class=\"widget-news-item without-thumb with-border\">\n<div class=\"widget-news-info\"><a href=\"\/cidades\">Cidades<\/a><span class=\"widget-news-item-title\"><a href=\"https:\/\/vejasp.abril.com.br\/cidades\/patio-do-colegio-repudio-enel\/\">P\u00e1tio do Col\u00e9gio sofre inc\u00eandio e faz nota de rep\u00fadio contra Enel<\/a><\/span><span class=\"widget-news-item-date\">13 nov 2025 &#8211; 18h11<\/span><\/div>\n<\/li>\n<li class=\"widget-news-item without-thumb with-border\">\n<div class=\"widget-news-info\"><a href=\"\/consumo\">Consumo<\/a><span class=\"widget-news-item-title\"><a href=\"https:\/\/vejasp.abril.com.br\/consumo\/recenseado-bom-retiro-acelera-modernizacao-do-polo-de-moda\/\">S\u00edmbolo de moda de SP, Bom Retiro realiza censo<\/a><\/span><span class=\"widget-news-item-date\">13 nov 2025 &#8211; 17h11<\/span><\/div>\n<\/li>\n<\/ul>\n<\/div>\n<\/div>\n<div class=\"ads after-text noreadme-audima\">\n    <span class=\"title\">Publicidade<\/span><\/p>\n<div class=\"abrAD\" data-format=\"aftertext\" data-mapping=\"intext\"><\/div>\n<\/div>\n<p><br \/>\n<br \/><a href=\"https:\/\/vejasp.abril.com.br\/cidades\/explosao-na-barra-funda-o-que-se-sabe-sobre-acidente-que-deixou-1-morto-e-dez-feridos-em-sp\/\">Fonte do Artigo <\/a><br \/>\nTags:<br \/>\n#loterias #loteriascaixa #megasena #resultadoapostas#noticias #noticiario  #noticia #brasil #noticiascolombia #mundo #esporte #colombia #noticiadeld #ltimasnoticias  #noticiario #noticiasregionales #noticiasdepartamentales #noticiashoy #esportes #noticiaahora #elinformantenoticias #noticiasdeboyac  #esporteinterativo #esportivo #diariodosesportes  #noticiero  #jogodefutebol #jogos #loto #apostas<\/p>\n","protected":false},"excerpt":{"rendered":"<p>&nbsp; Uma forte explos\u00e3o na noite de quinta-feira (13) provocou p\u00e2nico entre moradores da Barra Funda, em S\u00e3o Paulo. O estrondo, seguido de um inc\u00eandio de grandes propor\u00e7\u00f5es, foi ouvido em diversos bairros vizinhos e mobilizou o Corpo de Bombeiros, Pol\u00edcia Militar e Defesa Civil. Um homem que estava na casa na rua Rua Francisco [&hellip;]<\/p>\n","protected":false},"author":1,"featured_media":102508,"comment_status":"open","ping_status":"open","sticky":false,"template":"","format":"standard","meta":{"footnotes":""},"categories":[1],"tags":[],"class_list":["post-102507","post","type-post","status-publish","format-standard","has-post-thumbnail","hentry","category-curso-de-copy"],"_links":{"self":[{"href":"https:\/\/wiy.com.br\/noticias\/wp-json\/wp\/v2\/posts\/102507","targetHints":{"allow":["GET"]}}],"collection":[{"href":"https:\/\/wiy.com.br\/noticias\/wp-json\/wp\/v2\/posts"}],"about":[{"href":"https:\/\/wiy.com.br\/noticias\/wp-json\/wp\/v2\/types\/post"}],"author":[{"embeddable":true,"href":"https:\/\/wiy.com.br\/noticias\/wp-json\/wp\/v2\/users\/1"}],"replies":[{"embeddable":true,"href":"https:\/\/wiy.com.br\/noticias\/wp-json\/wp\/v2\/comments?post=102507"}],"version-history":[{"count":0,"href":"https:\/\/wiy.com.br\/noticias\/wp-json\/wp\/v2\/posts\/102507\/revisions"}],"wp:featuredmedia":[{"embeddable":true,"href":"https:\/\/wiy.com.br\/noticias\/wp-json\/wp\/v2\/media\/102508"}],"wp:attachment":[{"href":"https:\/\/wiy.com.br\/noticias\/wp-json\/wp\/v2\/media?parent=102507"}],"wp:term":[{"taxonomy":"category","embeddable":true,"href":"https:\/\/wiy.com.br\/noticias\/wp-json\/wp\/v2\/categories?post=102507"},{"taxonomy":"post_tag","embeddable":true,"href":"https:\/\/wiy.com.br\/noticias\/wp-json\/wp\/v2\/tags?post=102507"}],"curies":[{"name":"wp","href":"https:\/\/api.w.org\/{rel}","templated":true}]}}