{"id":102166,"date":"2025-11-09T14:59:59","date_gmt":"2025-11-09T17:59:59","guid":{"rendered":"https:\/\/wiy.com.br\/noticias\/redacao-do-enem-2025-aborda-as-perspectivas-para-o-envelhecimento\/"},"modified":"2025-11-09T14:59:59","modified_gmt":"2025-11-09T17:59:59","slug":"redacao-do-enem-2025-aborda-as-perspectivas-para-o-envelhecimento","status":"publish","type":"post","link":"https:\/\/wiy.com.br\/noticias\/redacao-do-enem-2025-aborda-as-perspectivas-para-o-envelhecimento\/","title":{"rendered":"Reda\u00e7\u00e3o do Enem 2025 aborda as perspectivas para o envelhecimento"},"content":{"rendered":"<p> <br \/>\n<br \/><img title = \"[Tags]\"alt = \"raf06068 Reda\u00e7\u00e3o do Enem 2025 aborda as perspectivas para o envelhecimento\"decoding=\"async\" src=\"https:\/\/vejasp.abril.com.br\/wp-content\/uploads\/2025\/11\/raf06068.webp\" \/><\/p>\n<p>O tema da reda\u00e7\u00e3o do Exame Nacional do Ensino M\u00e9dio (Enem) de 2025\u00a0 \u00e9: &#8220;Perspectivas acerca do envelhecimento na sociedade brasileira\u201d.<\/p>\n<p>A informa\u00e7\u00e3o foi divulgada neste domingo (9) pelo ministro da Educa\u00e7\u00e3o, Camilo Santana, pela rede social X.<\/p>\n<div class=\"noreadme-audima ads video-ads\">\n<div class=\"abrAD\" data-format=\"intext_video\"><\/div>\n<\/div>\n<p>Al\u00e9m da prova de reda\u00e7\u00e3o, os candidatos inscritos no Enem fazem na tarde de hoje as quest\u00f5es de linguagens e c\u00f3digos e de ci\u00eancias humanas. A prova come\u00e7ou \u00e0s 13h30 e o termina \u00e0s 19h (hor\u00e1rio de Bras\u00edlia).<\/p>\n<h2>Como \u00e9 a reda\u00e7\u00e3o<\/h2>\n<p>A\u00a0prova de reda\u00e7\u00e3o\u00a0exige a produ\u00e7\u00e3o de um texto em prosa, do tipo dissertativo-argumentativo, com at\u00e9 30 linhas a partir da situa\u00e7\u00e3o-problema proposta, dos textos motivadores e dos conhecimentos constru\u00eddos ao longo de sua forma\u00e7\u00e3o.<\/p>\n<p>Os participantes ter\u00e3o que escrever um texto dissertativo-argumentativo, com at\u00e9 30 linhas, a partir da situa\u00e7\u00e3o-problema proposta, dos textos motivadores e dos conhecimentos constru\u00eddos ao longo da forma\u00e7\u00e3o.<\/p>\n<div class=\"ads post-ads noreadme-audima\">\n    <span class=\"title\">Continua ap\u00f3s a publicidade<\/span><\/p>\n<div class=\"abrAD\" data-format=\"intext\"><\/div>\n<\/div>\n<p>O tema da reda\u00e7\u00e3o ser\u00e1 de ordem social, cient\u00edfica, cultural ou pol\u00edtica.<\/p>\n<p>O projeto de texto, com informa\u00e7\u00f5es, fatos e opini\u00f5es relacionados ao tema proposto, dever\u00e1 defender um ponto de vista &#8211; uma opini\u00e3o a respeito do tema proposto -, apoiada em argumentos consistentes, estruturados com coer\u00eancia.<\/p>\n<p>o candidato tamb\u00e9m dever\u00e1 elaborar uma proposta de interven\u00e7\u00e3o social (solu\u00e7\u00e3o) para o problema apresentado no desenvolvimento do texto.\u00a0Essa proposta deve respeitar os direitos humanos. Propostas que desrespeitem os direitos humanos receber\u00e3o nota zero. Constituem desrespeito aos direitos humanos propostas que, por exemplo, incitem as pessoas \u00e0 viol\u00eancia ou tenham refer\u00eancias racistas.<\/p>\n<div class=\"ads post-ads noreadme-audima\">\n    <span class=\"title\">Continua ap\u00f3s a publicidade<\/span><\/p>\n<div class=\"abrAD\" data-format=\"intext\"><\/div>\n<\/div>\n<h2>Corre\u00e7\u00e3o<\/h2>\n<p>Somente ser\u00e3o corrigidas as reda\u00e7\u00f5es transcritas para a folha de reda\u00e7\u00e3o oficial da prova do Enem.<\/p>\n<p>Cada reda\u00e7\u00e3o ser\u00e1 corrigida por dois corretores, com gradua\u00e7\u00e3o em letras ou lingu\u00edstica, de forma independente, sem que uma conhe\u00e7a a nota atribu\u00edda pela outra.<\/p>\n<p>Os corretores atribuir\u00e3o uma nota de 0 a 200 pontos em cada uma das cinco compet\u00eancias. A soma desses pontos comp\u00f5e a nota total atribu\u00edda por avaliador, que pode chegar a 1 mil pontos. A nota final do participante ser\u00e1 a m\u00e9dia aritm\u00e9tica entre as notas totais atribu\u00eddas pelos dois avaliadores.<\/p>\n<div class=\"ads post-ads noreadme-audima\">\n    <span class=\"title\">Continua ap\u00f3s a publicidade<\/span><\/p>\n<div class=\"abrAD\" data-format=\"intext\"><\/div>\n<\/div>\n<h2>Nota zero<\/h2>\n<p>Entre os crit\u00e9rios previstos no edital do Enem 2024 que resultam na nota zero na reda\u00e7\u00e3o, est\u00e3o:<\/p>\n<ul>\n<li>\u00a0 \u00a0Fuga ao tema proposto;<\/li>\n<li>\u00a0 \u00a0Aus\u00eancia de texto na folha de reda\u00e7\u00e3o;<\/li>\n<li>\u00a0 \u00a0Texto insuficiente, com at\u00e9 sete linhas manuscritas;<\/li>\n<li>\u00a0 \u00a0Texto escrito predominantemente ou integralmente em l\u00edngua estrangeira;<\/li>\n<li>\u00a0 \u00a0Nome, assinatura, rubrica ou qualquer outra forma de identifica\u00e7\u00e3o, em qualquer parte da folha de reda\u00e7\u00e3o;<\/li>\n<li>\u00a0 \u00a0Desobedi\u00eancia \u00e0 estrutura dissertativo-argumentativa e<\/li>\n<li>\u00a0 \u00a0Desrespeito \u00e0 seriedade do exame, com palavr\u00f5es, desenhos e outras formas propositais de anula\u00e7\u00e3o.<\/li>\n<\/ul>\n<div class=\"ads after-text noreadme-audima\">\n    <span class=\"title\">Publicidade<\/span><\/p>\n<div class=\"abrAD\" data-format=\"aftertext\" data-mapping=\"intext\"><\/div>\n<\/div>\n<p><br \/>\n<br \/><a href=\"https:\/\/vejasp.abril.com.br\/cidades\/redacao-do-enem-2025-aborda-as-perspectivas-para-o-envelhecimento\/\">Fonte do Artigo <\/a><br \/>\nTags:<br \/>\n#loterias #loteriascaixa #megasena #resultadoapostas#noticias #noticiario  #noticia #brasil #noticiascolombia #mundo #esporte #colombia #noticiadeld #ltimasnoticias  #noticiario #noticiasregionales #noticiasdepartamentales #noticiashoy #esportes #noticiaahora #elinformantenoticias #noticiasdeboyac  #esporteinterativo #esportivo #diariodosesportes  #noticiero  #jogodefutebol #jogos #loto #apostas<\/p>\n","protected":false},"excerpt":{"rendered":"<p>O tema da reda\u00e7\u00e3o do Exame Nacional do Ensino M\u00e9dio (Enem) de 2025\u00a0 \u00e9: &#8220;Perspectivas acerca do envelhecimento na sociedade brasileira\u201d. A informa\u00e7\u00e3o foi divulgada neste domingo (9) pelo ministro da Educa\u00e7\u00e3o, Camilo Santana, pela rede social X. Al\u00e9m da prova de reda\u00e7\u00e3o, os candidatos inscritos no Enem fazem na tarde de hoje as quest\u00f5es [&hellip;]<\/p>\n","protected":false},"author":1,"featured_media":0,"comment_status":"open","ping_status":"open","sticky":false,"template":"","format":"standard","meta":{"footnotes":""},"categories":[1],"tags":[],"class_list":["post-102166","post","type-post","status-publish","format-standard","hentry","category-curso-de-copy"],"_links":{"self":[{"href":"https:\/\/wiy.com.br\/noticias\/wp-json\/wp\/v2\/posts\/102166","targetHints":{"allow":["GET"]}}],"collection":[{"href":"https:\/\/wiy.com.br\/noticias\/wp-json\/wp\/v2\/posts"}],"about":[{"href":"https:\/\/wiy.com.br\/noticias\/wp-json\/wp\/v2\/types\/post"}],"author":[{"embeddable":true,"href":"https:\/\/wiy.com.br\/noticias\/wp-json\/wp\/v2\/users\/1"}],"replies":[{"embeddable":true,"href":"https:\/\/wiy.com.br\/noticias\/wp-json\/wp\/v2\/comments?post=102166"}],"version-history":[{"count":0,"href":"https:\/\/wiy.com.br\/noticias\/wp-json\/wp\/v2\/posts\/102166\/revisions"}],"wp:attachment":[{"href":"https:\/\/wiy.com.br\/noticias\/wp-json\/wp\/v2\/media?parent=102166"}],"wp:term":[{"taxonomy":"category","embeddable":true,"href":"https:\/\/wiy.com.br\/noticias\/wp-json\/wp\/v2\/categories?post=102166"},{"taxonomy":"post_tag","embeddable":true,"href":"https:\/\/wiy.com.br\/noticias\/wp-json\/wp\/v2\/tags?post=102166"}],"curies":[{"name":"wp","href":"https:\/\/api.w.org\/{rel}","templated":true}]}}