{"id":102097,"date":"2025-11-08T13:32:36","date_gmt":"2025-11-08T16:32:36","guid":{"rendered":"https:\/\/wiy.com.br\/noticias\/onibus-trens-e-metro-sao-gratuitos-neste-domingo-9\/"},"modified":"2025-11-08T13:32:36","modified_gmt":"2025-11-08T16:32:36","slug":"onibus-trens-e-metro-sao-gratuitos-neste-domingo-9","status":"publish","type":"post","link":"https:\/\/wiy.com.br\/noticias\/onibus-trens-e-metro-sao-gratuitos-neste-domingo-9\/","title":{"rendered":"\u00d4nibus, trens e metr\u00f4 s\u00e3o gratuitos neste domingo (9)"},"content":{"rendered":"<p> <br \/>\n<br \/><img title = \"[Tags]\"alt = \"trem-8500-conteudo-da-materia \u00d4nibus, trens e metr\u00f4 s\u00e3o gratuitos neste domingo (9)\"decoding=\"async\" src=\"https:\/\/vejasp.abril.com.br\/wp-content\/uploads\/2025\/03\/trem-8500-conteudo-da-materia.jpg\" \/><\/p>\n<article class=\"text-token-text-primary w-full focus:outline-none [--shadow-height:45px] has-data-writing-block:pointer-events-none has-data-writing-block:-mt-(--shadow-height) has-data-writing-block:pt-(--shadow-height) [&amp;:has([data-writing-block])&gt;*]:pointer-events-auto [content-visibility:auto] supports-[content-visibility:auto]:[contain-intrinsic-size:auto_100lvh] scroll-mt-[calc(var(--header-height)+min(200px,max(70px,20svh)))]\" dir=\"auto\" data-turn-id=\"request-WEB:63fb86a5-011e-4977-ae1e-be5ba1e837bc-3\" data-testid=\"conversation-turn-8\" data-scroll-anchor=\"true\" data-turn=\"assistant\">\n<div class=\"text-base my-auto mx-auto pb-10 [--thread-content-margin:--spacing(4)] thread-sm:[--thread-content-margin:--spacing(6)] thread-lg:[--thread-content-margin:--spacing(16)] px-(--thread-content-margin)\">\n<div class=\"noreadme-audima ads video-ads\">\n<div class=\"abrAD\" data-format=\"intext_video\"><\/div>\n<\/div>\n<div class=\"[--thread-content-max-width:40rem] thread-lg:[--thread-content-max-width:48rem] mx-auto max-w-(--thread-content-max-width) flex-1 group\/turn-messages focus-visible:outline-hidden relative flex w-full min-w-0 flex-col agent-turn\">\n<div class=\"flex max-w-full flex-col grow\">\n<div class=\"min-h-8 text-message relative flex w-full flex-col items-end gap-2 text-start break-words whitespace-normal [.text-message+&amp;]:mt-1\" dir=\"auto\" data-message-author-role=\"assistant\" data-message-id=\"0277f590-2f95-4e0c-a444-40fc9c0e896b\" data-message-model-slug=\"gpt-5\">\n<div class=\"flex w-full flex-col gap-1 empty:hidden first:pt-[1px]\">\n<div class=\"markdown prose dark:prose-invert w-full break-words light markdown-new-styling\">\n<p data-start=\"428\" data-end=\"759\">O transporte p\u00fablico ser\u00e1 gratuito\u00a0 neste domingo (9) e no dia 16 em S\u00e3o Paulo.<\/p>\n<div class=\"ads post-ads noreadme-audima\">\n    <span class=\"title\">Continua ap\u00f3s a publicidade<\/span><\/p>\n<div class=\"abrAD\" data-format=\"intext\"><\/div>\n<\/div>\n<p data-start=\"428\" data-end=\"759\">O benef\u00edcio \u00e9 direcionado aos estudantes que far\u00e3o o Enem (Exame Nacional do Ensino M\u00e9dio) na cidade. Como n\u00e3o s\u00e3o pedidos documentos especiais, o acesso ser\u00e1 liberado a todos os passageiros.<\/p>\n<\/div>\n<div class=\"markdown prose dark:prose-invert w-full break-words light markdown-new-styling\">\n<p data-start=\"428\" data-end=\"759\">Na capital, os \u00f4nibus municipais j\u00e1 t\u00eam passe livre aos domingos. E o governo estadual dar\u00e1 a gratuidade para o metr\u00f4, aos trens da Companhia Paulista de Trens Metropolitanos (CPTM) e aos \u00f4nibus intermunicipais.<\/p>\n<\/div>\n<\/div>\n<\/div>\n<div class=\"min-h-8 text-message relative flex w-full flex-col items-end gap-2 text-start break-words whitespace-normal [.text-message+&amp;]:mt-1\" dir=\"auto\" data-message-author-role=\"assistant\" data-message-id=\"0277f590-2f95-4e0c-a444-40fc9c0e896b\" data-message-model-slug=\"gpt-5\">\n<div class=\"flex w-full flex-col gap-1 empty:hidden first:pt-[1px]\">\n<div class=\"markdown prose dark:prose-invert w-full break-words light markdown-new-styling\">\n<p data-start=\"834\" data-end=\"1105\">O benef\u00edcio vale das 9h \u00e0s 21h nos dois dias de exame.<\/p>\n<div class=\"ads post-ads noreadme-audima\">\n    <span class=\"title\">Continua ap\u00f3s a publicidade<\/span><\/p>\n<div class=\"abrAD\" data-format=\"intext\"><\/div>\n<\/div>\n<p data-start=\"1278\" data-end=\"1621\">Segundo o governo, as linhas de metr\u00f4 e trens ter\u00e3o monitoramento em tempo real, com carros reserva e refor\u00e7o no n\u00famero de funcion\u00e1rios. O mesmo esquema ser\u00e1 adotado para os \u00f4nibus intermunicipais.<\/p>\n<div id=\"relacionadas\" class=\"block noreadme-audima three_columns\">\n<ul class=\"block-menu\">\n<li data-tab=\"tab-1\" class=\"active\">Relacionadas<\/li>\n<\/ul>\n<div id=\"tab-1\" class=\"block-content active\">\n<ul class=\"relacionadas-s-img\">\n<li class=\"widget-news-item without-thumb with-border\">\n<div class=\"widget-news-info\"><a href=\"\/cidades\">Cidades<\/a><span class=\"widget-news-item-title\"><a href=\"https:\/\/vejasp.abril.com.br\/cidades\/suzane-von-richthofen-volta-ao-instagram-apos-tremembe\/\">Suzane von Richthofen volta ao Instagram ap\u00f3s &#8220;Trememb\u00e9&#8221;<\/a><\/span><span class=\"widget-news-item-date\">8 nov 2025 &#8211; 08h11<\/span><\/div>\n<\/li>\n<li class=\"widget-news-item without-thumb with-border\">\n<div class=\"widget-news-info\"><a href=\"\/cultura-lazer\">Cultura &amp; Lazer<\/a><span class=\"widget-news-item-title\"><a href=\"https:\/\/vejasp.abril.com.br\/cultura-lazer\/quem-e-gabriel-bortoleto-1o-brasileiro-na-f1-em-interlagos-depois-de-felipe-massa\/\">Quem \u00e9 Gabriel Bortoleto? 1\u00ba brasileiro na F1 em Interlagos depois de Felipe Massa<\/a><\/span><span class=\"widget-news-item-date\">7 nov 2025 &#8211; 13h11<\/span><\/div>\n<\/li>\n<li class=\"widget-news-item without-thumb with-border\">\n<div class=\"widget-news-info\"><a href=\"\/cultura-lazer\">Cultura &amp; Lazer<\/a><span class=\"widget-news-item-title\"><a href=\"https:\/\/vejasp.abril.com.br\/cultura-lazer\/valter-hugo-mae-revela-seus-artistas-musicos-e-escritores-brasileiros-favoritos\/\">Valter Hugo M\u00e3e revela seus artistas, m\u00fasicos e escritores brasileiros favoritos<\/a><\/span><span class=\"widget-news-item-date\">7 nov 2025 &#8211; 11h11<\/span><\/div>\n<\/li>\n<\/ul>\n<\/div>\n<\/div>\n<h3 data-start=\"834\" data-end=\"1105\"><strong>Enem<\/strong><\/h3>\n<p data-start=\"834\" data-end=\"1105\">O primeiro dia de provas acontece neste domingo (9). Os port\u00f5es dos locais de exame abrem \u00e0s 12h e fecham \u00e0s 13h.<\/p>\n<div class=\"box-app-phone-share noreadme-audima\">\n<div class=\"title-phone-share\">Compartilhe essa mat\u00e9ria via:<\/div>\n<div class=\"buttoms-phone-share\">\n\t\t<a class=\"whatsapp\" id=\"whatsappShare\" rel=\"nofollow\" aria-label=\"Compartilhe no Whatsapp\" target=\"_blank\" href=\"https:\/\/api.whatsapp.com\/send?text=https:\/\/vejasp.abril.com.br\/cidades\/enem-transporte-gratuito\/?utm_medium=whatsapp&amp;utm_source=shortcode_vejinhas\"><span>WhatsAPP<\/span><\/a><br \/>\n\t\t<a class=\"telegram\" id=\"telegramShare\" rel=\"nofollow\" aria-label=\"Compartilhe no Telegram\" target=\"_blank\" href=\"https:\/\/telegram.me\/share\/url?url=https:\/\/vejasp.abril.com.br\/cidades\/enem-transporte-gratuito\/?utm_medium=telegram&amp;utm_source=shortcode_vejinhas\"><span>Telegram<\/span><\/a>\n\t\t<\/div>\n<\/p><\/div>\n<\/div>\n<\/div>\n<\/div>\n<\/div>\n<\/div>\n<\/div>\n<\/article>\n<div class=\"ads after-text noreadme-audima\">\n    <span class=\"title\">Publicidade<\/span><\/p>\n<div class=\"abrAD\" data-format=\"aftertext\" data-mapping=\"intext\"><\/div>\n<\/div>\n<p><br \/>\n<br \/><a href=\"https:\/\/vejasp.abril.com.br\/cidades\/enem-transporte-gratuito\/\">Fonte do Artigo <\/a><br \/>\nTags:<br \/>\n#loterias #loteriascaixa #megasena #resultadoapostas#noticias #noticiario  #noticia #brasil #noticiascolombia #mundo #esporte #colombia #noticiadeld #ltimasnoticias  #noticiario #noticiasregionales #noticiasdepartamentales #noticiashoy #esportes #noticiaahora #elinformantenoticias #noticiasdeboyac  #esporteinterativo #esportivo #diariodosesportes  #noticiero  #jogodefutebol #jogos #loto #apostas<\/p>\n","protected":false},"excerpt":{"rendered":"<p>O transporte p\u00fablico ser\u00e1 gratuito\u00a0 neste domingo (9) e no dia 16 em S\u00e3o Paulo. Continua ap\u00f3s a publicidade O benef\u00edcio \u00e9 direcionado aos estudantes que far\u00e3o o Enem (Exame Nacional do Ensino M\u00e9dio) na cidade. Como n\u00e3o s\u00e3o pedidos documentos especiais, o acesso ser\u00e1 liberado a todos os passageiros. Na capital, os \u00f4nibus municipais [&hellip;]<\/p>\n","protected":false},"author":1,"featured_media":102098,"comment_status":"open","ping_status":"open","sticky":false,"template":"","format":"standard","meta":{"footnotes":""},"categories":[1],"tags":[],"class_list":["post-102097","post","type-post","status-publish","format-standard","has-post-thumbnail","hentry","category-curso-de-copy"],"_links":{"self":[{"href":"https:\/\/wiy.com.br\/noticias\/wp-json\/wp\/v2\/posts\/102097","targetHints":{"allow":["GET"]}}],"collection":[{"href":"https:\/\/wiy.com.br\/noticias\/wp-json\/wp\/v2\/posts"}],"about":[{"href":"https:\/\/wiy.com.br\/noticias\/wp-json\/wp\/v2\/types\/post"}],"author":[{"embeddable":true,"href":"https:\/\/wiy.com.br\/noticias\/wp-json\/wp\/v2\/users\/1"}],"replies":[{"embeddable":true,"href":"https:\/\/wiy.com.br\/noticias\/wp-json\/wp\/v2\/comments?post=102097"}],"version-history":[{"count":0,"href":"https:\/\/wiy.com.br\/noticias\/wp-json\/wp\/v2\/posts\/102097\/revisions"}],"wp:featuredmedia":[{"embeddable":true,"href":"https:\/\/wiy.com.br\/noticias\/wp-json\/wp\/v2\/media\/102098"}],"wp:attachment":[{"href":"https:\/\/wiy.com.br\/noticias\/wp-json\/wp\/v2\/media?parent=102097"}],"wp:term":[{"taxonomy":"category","embeddable":true,"href":"https:\/\/wiy.com.br\/noticias\/wp-json\/wp\/v2\/categories?post=102097"},{"taxonomy":"post_tag","embeddable":true,"href":"https:\/\/wiy.com.br\/noticias\/wp-json\/wp\/v2\/tags?post=102097"}],"curies":[{"name":"wp","href":"https:\/\/api.w.org\/{rel}","templated":true}]}}