{"id":10194,"date":"2023-02-26T15:04:57","date_gmt":"2023-02-26T18:04:57","guid":{"rendered":"https:\/\/wiy.com.br\/noticias\/vantagem-boa-mas-tem-que-confirmar-diz-carille-sobre-timao\/"},"modified":"2019-03-14T01:33:21","modified_gmt":"2019-03-14T04:33:21","slug":"vantagem-boa-mas-tem-que-confirmar-diz-carille-sobre-timao","status":"publish","type":"post","link":"https:\/\/wiy.com.br\/noticias\/vantagem-boa-mas-tem-que-confirmar-diz-carille-sobre-timao\/","title":{"rendered":"&#8216;Vantagem boa, mas tem que confirmar&#8217;, diz Carille sobre Tim\u00e3o"},"content":{"rendered":"<p> <br \/>\n<br \/><img title = \"[Tags]\"alt = \"5c77405f1e8f8 &#039;Vantagem boa, mas tem que confirmar&#039;, diz Carille sobre Tim\u00e3o\"decoding=\"async\" src=\"http:\/\/www.lance.com.br\/\/files\/\/uploads\/2019\/02\/27\/5c77405f1e8f8.jpeg\" \/><\/p>\n<div>\n<p class=\"paragraph\" id=\"p484907-m209-208-210\">O t\u00e9cnico F\u00e1bio Carille mostrou otimismo com a vantagem que o Corinthians obteve na terceira fase da Copa do Brasil, ao vencer o Cear\u00e1 por 3 a 1 em plena Arena Castel\u00e3o. Por\u00e9m, mesmo exaltando o bom rendimento, o comandante exigiu cautela para o jogo de volta, no pr\u00f3ximo dia 3 de abril.\u00a0<\/p>\n<p>&#8211;\u00a0Uma vantagem muito grande, uma primeira parte muito bem feita, mas temos a\u00ed mais 90, 95 minutos em S\u00e3o Paulo para concretizar e confirmar essa classifica\u00e7\u00e3o. Agora, nos voltamos ao Campeonato Paulista, mas ali na frente a gente enfrenta o Cear\u00e1 e tamb\u00e9m bastante concentrado para fazer um jogo bem legal, bem interessante, com bastante organiza\u00e7\u00e3o e concentra\u00e7\u00e3o para a gente confirmar a classifica\u00e7\u00e3o.<\/p>\n<p>O t\u00e9cnico negou que tenha feito mudan\u00e7as dr\u00e1sticas no Tim\u00e3o durante o intervalo:<\/p>\n<p>&#8211;\u00a0O \u00fanico ajuste que fiz \u00e9 que achei que nossa linha defensiva estava muito atr\u00e1s, e estava muito espa\u00e7o para o meio-campo do Cear\u00e1, foi o principal que falei no intervalo.<\/p>\n<p>&#8211;\u00a0Digo que a gente est\u00e1 crescendo como o esperado, \u00e9 at\u00e9 chato falar, mas a quest\u00e3o do calend\u00e1rio atrapalha muito n\u00f3s, as equipes grandes, neste in\u00edcio. S\u00f3 para mim o jogo contra o Santos ainda foi o melhor da temporada. Foi muito bom hoje, mas contra o Santos foi o melhor &#8211; exaltou o treinador do Tim\u00e3o.<\/p>\n<p>O t\u00e9cnico ainda destacou a volta de Jadson, que marcou um bonito gol:<\/p>\n<p>&#8211; \u00c9 um jogador que conhe\u00e7o muito bem, sei muito bem da qualidade, j\u00e1 poderia ter usado ele contra o Santos. Fiquei na d\u00favida se poderia usar um armador ou um velocista, mas optamos pelo Andr\u00e9 Luis ali para preencher os espa\u00e7os que o Santos estava dando. Mas vem treinando bem h\u00e1 duas semanas, vem crescendo com o elenco e vai nos ajudar bastante.<\/p>\n<\/div>\n<p><script>(function(d, s, id) {\n    var js, fjs = d.getElementsByTagName(s)[0];\n    if (d.getElementById(id)) return;\n    js = d.createElement(s); js.id = id;\n    js.src = 'https:\/\/connect.facebook.net\/pt_BR\/sdk.js#xfbml=1&version=v2.12&appId=1124817024230602';\n    fjs.parentNode.insertBefore(js, fjs);\n    }(document, 'script', 'facebook-jssdk'));<\/script><br \/>\n<br \/><br \/>\n<br \/><a href=\"http:\/\/www.lance.com.br\/corinthians\/vantagem-boa-mas-tem-que-confirmar-diz-carille-sobre-timao.html\">Link do Artigo <\/a><\/p>\n","protected":false},"excerpt":{"rendered":"<p>O t\u00e9cnico F\u00e1bio Carille mostrou otimismo com a vantagem que o Corinthians obteve na terceira fase da Copa do Brasil, ao vencer o Cear\u00e1 por 3 a 1 em plena Arena Castel\u00e3o. Por\u00e9m, mesmo exaltando o bom rendimento, o comandante exigiu cautela para o jogo de volta, no pr\u00f3ximo dia 3 de abril.\u00a0 &#8211;\u00a0Uma vantagem [&hellip;]<\/p>\n","protected":false},"author":1,"featured_media":10195,"comment_status":"open","ping_status":"open","sticky":false,"template":"","format":"standard","meta":{"footnotes":""},"categories":[372],"tags":[],"class_list":["post-10194","post","type-post","status-publish","format-standard","has-post-thumbnail","hentry","category-futebol"],"_links":{"self":[{"href":"https:\/\/wiy.com.br\/noticias\/wp-json\/wp\/v2\/posts\/10194","targetHints":{"allow":["GET"]}}],"collection":[{"href":"https:\/\/wiy.com.br\/noticias\/wp-json\/wp\/v2\/posts"}],"about":[{"href":"https:\/\/wiy.com.br\/noticias\/wp-json\/wp\/v2\/types\/post"}],"author":[{"embeddable":true,"href":"https:\/\/wiy.com.br\/noticias\/wp-json\/wp\/v2\/users\/1"}],"replies":[{"embeddable":true,"href":"https:\/\/wiy.com.br\/noticias\/wp-json\/wp\/v2\/comments?post=10194"}],"version-history":[{"count":0,"href":"https:\/\/wiy.com.br\/noticias\/wp-json\/wp\/v2\/posts\/10194\/revisions"}],"wp:featuredmedia":[{"embeddable":true,"href":"https:\/\/wiy.com.br\/noticias\/wp-json\/wp\/v2\/media\/10195"}],"wp:attachment":[{"href":"https:\/\/wiy.com.br\/noticias\/wp-json\/wp\/v2\/media?parent=10194"}],"wp:term":[{"taxonomy":"category","embeddable":true,"href":"https:\/\/wiy.com.br\/noticias\/wp-json\/wp\/v2\/categories?post=10194"},{"taxonomy":"post_tag","embeddable":true,"href":"https:\/\/wiy.com.br\/noticias\/wp-json\/wp\/v2\/tags?post=10194"}],"curies":[{"name":"wp","href":"https:\/\/api.w.org\/{rel}","templated":true}]}}