{"id":101889,"date":"2025-11-05T16:18:28","date_gmt":"2025-11-05T19:18:28","guid":{"rendered":"https:\/\/wiy.com.br\/noticias\/violencia-em-sp-pm-leva-facada-e-mata-suspeito-na-estacao-oscar-freire\/"},"modified":"2025-11-05T16:18:28","modified_gmt":"2025-11-05T19:18:28","slug":"violencia-em-sp-pm-leva-facada-e-mata-suspeito-na-estacao-oscar-freire","status":"publish","type":"post","link":"https:\/\/wiy.com.br\/noticias\/violencia-em-sp-pm-leva-facada-e-mata-suspeito-na-estacao-oscar-freire\/","title":{"rendered":"Viol\u00eancia em SP: PM leva facada e mata suspeito na Esta\u00e7\u00e3o Oscar Freire"},"content":{"rendered":"<p> <br \/>\n<br \/><img title = \"[Tags]\"alt = \"cdg20180403016 Viol\u00eancia em SP: PM leva facada e mata suspeito na Esta\u00e7\u00e3o Oscar Freire\"decoding=\"async\" src=\"https:\/\/vejasp.abril.com.br\/wp-content\/uploads\/2018\/04\/cdg20180403016.jpg\" \/><\/p>\n<p>Na manh\u00e3 desta quarta-feira (5), um policial militar foi esfaqueado e matou o suspeito a tiros durante uma tentativa de assalto na avenida Rebou\u00e7as, em frente \u00e0 esta\u00e7\u00e3o Oscar Freire, do Metr\u00f4, na zona oeste de S\u00e3o Paulo.<\/p>\n<p>Segundo informa\u00e7\u00f5es da Pol\u00edcia Militar (PM), o agente reagiu \u00e0 tentativa de roubo e foi esfaqueado na cabe\u00e7a e na perna pelo criminoso. Ainda assim, efetuou seis disparos contra o suspeito, que morreu no local.<\/p>\n<div class=\"noreadme-audima ads video-ads\">\n<div class=\"abrAD\" data-format=\"intext_video\"><\/div>\n<\/div>\n<p>O policial foi socorrido e encaminhado ao Hospital das Cl\u00ednicas, onde mant\u00e9m estado de sa\u00fade est\u00e1vel.<\/p>\n<p>A Companhia de Engenharia de Tr\u00e1fego (CET) chegou a bloquear parcialmente a avenida para o atendimento das equipes, mas tr\u00e2nsito est\u00e1 liberado na regi\u00e3o.<\/p>\n<div id=\"relacionadas\" class=\"block noreadme-audima three_columns\">\n<ul class=\"block-menu\">\n<li data-tab=\"tab-1\" class=\"active\">Relacionadas<\/li>\n<\/ul>\n<div id=\"tab-1\" class=\"block-content active\">\n<ul class=\"relacionadas-s-img\">\n<li class=\"widget-news-item without-thumb with-border\">\n<div class=\"widget-news-info\"><a href=\"\/cidades\">Cidades<\/a><span class=\"widget-news-item-title\"><a href=\"https:\/\/vejasp.abril.com.br\/cidades\/deputado-lucas-bove-se-torna-reu-por-violencia-contra-ex-esposa-cintia-chagas\/\">Deputado Lucas Bove se torna r\u00e9u por viol\u00eancia contra ex-esposa C\u00edntia Chagas<\/a><\/span><span class=\"widget-news-item-date\">5 nov 2025 &#8211; 13h11<\/span><\/div>\n<\/li>\n<li class=\"widget-news-item without-thumb with-border\">\n<div class=\"widget-news-info\"><a href=\"\/cidades\">Cidades<\/a><span class=\"widget-news-item-title\"><a href=\"https:\/\/vejasp.abril.com.br\/cidades\/redacao-enem-2025-4-temas-quentes-e-dicas-para-conseguir-nota-maxima\/\">Reda\u00e7\u00e3o Enem 2025: 4 temas quentes e dicas para conseguir nota m\u00e1xima<\/a><\/span><span class=\"widget-news-item-date\">5 nov 2025 &#8211; 13h11<\/span><\/div>\n<\/li>\n<li class=\"widget-news-item without-thumb with-border\">\n<div class=\"widget-news-info\"><a href=\"\/cidades\">Cidades<\/a><span class=\"widget-news-item-title\"><a href=\"https:\/\/vejasp.abril.com.br\/cidades\/influencer-barbie-humana-e-encontrada-morta-em-sao-paulo\/\">Influencer &#8220;Barbie Humana&#8221; \u00e9 encontrada morta em S\u00e3o Paulo<\/a><\/span><span class=\"widget-news-item-date\">4 nov 2025 &#8211; 18h11<\/span><\/div>\n<\/li>\n<li class=\"widget-news-item without-thumb with-border\">\n<div class=\"widget-news-info\"><a href=\"\/cultura-lazer\">Cultura &amp; Lazer<\/a><span class=\"widget-news-item-title\"><a href=\"https:\/\/vejasp.abril.com.br\/cultura-lazer\/gop-tun-festival-2026-anuncia-data-e-local-inedito-para-a-proxima-edicao\/\">Gop Tun Festival 2026 anuncia data e local in\u00e9dito para a pr\u00f3xima edi\u00e7\u00e3o<\/a><\/span><span class=\"widget-news-item-date\">4 nov 2025 &#8211; 18h11<\/span><\/div>\n<\/li>\n<\/ul>\n<\/div>\n<\/div>\n<div class=\"m-banner-wrap m-banner-rectangle m-publicity-content-middle\">\n<div class=\"ads post-ads noreadme-audima\">\n    <span class=\"title\">Continua ap\u00f3s a publicidade<\/span><\/p>\n<div class=\"abrAD\" data-format=\"intext\"><\/div>\n<\/div>\n<div id=\"div-gpt-ad-sao-paulo-quadrado-2\" class=\"ad-displayed\" data-gtm-vis-recent-on-screen104869357_329=\"1269685\" data-gtm-vis-first-on-screen104869357_329=\"1269685\" data-gtm-vis-total-visible-time104869357_329=\"100\" data-gtm-vis-has-fired104869357_329=\"1\" data-google-query-id=\"CJjI09TR25ADFaKDYQYdfEYJMg\"><\/div>\n<\/div>\n<div class=\"ads after-text noreadme-audima\">\n    <span class=\"title\">Publicidade<\/span><\/p>\n<div class=\"abrAD\" data-format=\"aftertext\" data-mapping=\"intext\"><\/div>\n<\/div>\n<p><br \/>\n<br \/><a href=\"https:\/\/vejasp.abril.com.br\/cidades\/violencia-em-sp-pm-leva-facada-e-mata-suspeito-na-estacao-oscar-freire\/\">Fonte do Artigo <\/a><br \/>\nTags:<br \/>\n#loterias #loteriascaixa #megasena #resultadoapostas#noticias #noticiario  #noticia #brasil #noticiascolombia #mundo #esporte #colombia #noticiadeld #ltimasnoticias  #noticiario #noticiasregionales #noticiasdepartamentales #noticiashoy #esportes #noticiaahora #elinformantenoticias #noticiasdeboyac  #esporteinterativo #esportivo #diariodosesportes  #noticiero  #jogodefutebol #jogos #loto #apostas<\/p>\n","protected":false},"excerpt":{"rendered":"<p>Na manh\u00e3 desta quarta-feira (5), um policial militar foi esfaqueado e matou o suspeito a tiros durante uma tentativa de assalto na avenida Rebou\u00e7as, em frente \u00e0 esta\u00e7\u00e3o Oscar Freire, do Metr\u00f4, na zona oeste de S\u00e3o Paulo. Segundo informa\u00e7\u00f5es da Pol\u00edcia Militar (PM), o agente reagiu \u00e0 tentativa de roubo e foi esfaqueado na [&hellip;]<\/p>\n","protected":false},"author":1,"featured_media":101890,"comment_status":"open","ping_status":"open","sticky":false,"template":"","format":"standard","meta":{"footnotes":""},"categories":[1],"tags":[],"class_list":["post-101889","post","type-post","status-publish","format-standard","has-post-thumbnail","hentry","category-curso-de-copy"],"_links":{"self":[{"href":"https:\/\/wiy.com.br\/noticias\/wp-json\/wp\/v2\/posts\/101889","targetHints":{"allow":["GET"]}}],"collection":[{"href":"https:\/\/wiy.com.br\/noticias\/wp-json\/wp\/v2\/posts"}],"about":[{"href":"https:\/\/wiy.com.br\/noticias\/wp-json\/wp\/v2\/types\/post"}],"author":[{"embeddable":true,"href":"https:\/\/wiy.com.br\/noticias\/wp-json\/wp\/v2\/users\/1"}],"replies":[{"embeddable":true,"href":"https:\/\/wiy.com.br\/noticias\/wp-json\/wp\/v2\/comments?post=101889"}],"version-history":[{"count":0,"href":"https:\/\/wiy.com.br\/noticias\/wp-json\/wp\/v2\/posts\/101889\/revisions"}],"wp:featuredmedia":[{"embeddable":true,"href":"https:\/\/wiy.com.br\/noticias\/wp-json\/wp\/v2\/media\/101890"}],"wp:attachment":[{"href":"https:\/\/wiy.com.br\/noticias\/wp-json\/wp\/v2\/media?parent=101889"}],"wp:term":[{"taxonomy":"category","embeddable":true,"href":"https:\/\/wiy.com.br\/noticias\/wp-json\/wp\/v2\/categories?post=101889"},{"taxonomy":"post_tag","embeddable":true,"href":"https:\/\/wiy.com.br\/noticias\/wp-json\/wp\/v2\/tags?post=101889"}],"curies":[{"name":"wp","href":"https:\/\/api.w.org\/{rel}","templated":true}]}}