{"id":101744,"date":"2025-11-03T17:32:29","date_gmt":"2025-11-03T20:32:29","guid":{"rendered":"https:\/\/wiy.com.br\/noticias\/predio-no-centro-de-sp-tem-suspeita-de-ameaca-de-bomba\/"},"modified":"2025-11-03T17:32:29","modified_gmt":"2025-11-03T20:32:29","slug":"predio-no-centro-de-sp-tem-suspeita-de-ameaca-de-bomba","status":"publish","type":"post","link":"https:\/\/wiy.com.br\/noticias\/predio-no-centro-de-sp-tem-suspeita-de-ameaca-de-bomba\/","title":{"rendered":"Pr\u00e9dio no centro de SP tem suspeita de amea\u00e7a de bomba"},"content":{"rendered":"<p> <br \/>\n<br \/><img title = \"[Tags]\"alt = \"WhatsApp-Image-2025-11-03-at-16.43.29 Pr\u00e9dio no centro de SP tem suspeita de amea\u00e7a de bomba\"decoding=\"async\" src=\"https:\/\/vejasp.abril.com.br\/wp-content\/uploads\/2025\/11\/WhatsApp-Image-2025-11-03-at-16.43.29.jpeg\" \/><\/p>\n<p>Na manh\u00e3 desta segunda-feira (3), a Pol\u00edcia Militar foi chamada ap\u00f3s suspeita de suposta bomba no pr\u00e9dio do Minist\u00e9rio P\u00fablico Federal, na Bela Vista, regi\u00e3o central de S\u00e3o Paulo. Depois da apura\u00e7\u00e3o, as autoridades constataram que a caixa estava vazia.<\/p>\n<p>De acordo com informa\u00e7\u00f5es da Secretaria da Seguran\u00e7a P\u00fablica do Estado de S\u00e3o Paulo (SSP-SP), a equipe de seguran\u00e7a do edif\u00edcio acionou as autoridades ap\u00f3s um homem deixar uma caixa em que foi detectado um poss\u00edvel objeto met\u00e1lico pelo sensor.<\/p>\n<div class=\"noreadme-audima ads video-ads\">\n<div class=\"abrAD\" data-format=\"intext_video\"><\/div>\n<\/div>\n<h3>Isolamento<\/h3>\n<p>A medida de seguran\u00e7a, a \u00e1rea foi isolada e equipes especializadas foram acionadas, segundo a SSP. O Grupo de A\u00e7\u00f5es T\u00e1ticas Especiais (Gate), o Canil e o Corpo de Bombeiros participam da a\u00e7\u00e3o e at\u00e9 16h50 ela seguia em andamento.<\/p>\n<div id=\"relacionadas\" class=\"block noreadme-audima three_columns\">\n<ul class=\"block-menu\">\n<li data-tab=\"tab-1\" class=\"active\">Relacionadas<\/li>\n<\/ul>\n<div id=\"tab-1\" class=\"block-content active\">\n<ul class=\"relacionadas-s-img\">\n<li class=\"widget-news-item without-thumb with-border\">\n<div class=\"widget-news-info\"><a href=\"\/cidades\">Cidades<\/a><span class=\"widget-news-item-title\"><a href=\"https:\/\/vejasp.abril.com.br\/cidades\/casal-de-pms-e-encontrado-morto-em-casa-na-zona-leste\/\">Casal de PMs \u00e9 encontrado morto em casa na zona leste<\/a><\/span><span class=\"widget-news-item-date\">3 nov 2025 &#8211; 11h11<\/span><\/div>\n<\/li>\n<li class=\"widget-news-item without-thumb with-border\">\n<div class=\"widget-news-info\"><a href=\"\/cidades\">Cidades<\/a><span class=\"widget-news-item-title\"><a href=\"https:\/\/vejasp.abril.com.br\/cidades\/etecs-alertam-para-golpes-nas-inscricoes-para-seu-vestibulinho\/\">Etecs alertam para golpes nas inscri\u00e7\u00f5es para seu vestibulinho<\/a><\/span><span class=\"widget-news-item-date\">2 nov 2025 &#8211; 16h11<\/span><\/div>\n<\/li>\n<\/ul>\n<\/div>\n<\/div>\n<div class=\"ads after-text noreadme-audima\">\n    <span class=\"title\">Publicidade<\/span><\/p>\n<div class=\"abrAD\" data-format=\"aftertext\" data-mapping=\"intext\"><\/div>\n<\/div>\n<p><br \/>\n<br \/><a href=\"https:\/\/vejasp.abril.com.br\/cidades\/predio-no-centro-de-sp-tem-suspeita-de-ameaca-de-bomba\/\">Fonte do Artigo <\/a><br \/>\nTags:<br \/>\n#loterias #loteriascaixa #megasena #resultadoapostas#noticias #noticiario  #noticia #brasil #noticiascolombia #mundo #esporte #colombia #noticiadeld #ltimasnoticias  #noticiario #noticiasregionales #noticiasdepartamentales #noticiashoy #esportes #noticiaahora #elinformantenoticias #noticiasdeboyac  #esporteinterativo #esportivo #diariodosesportes  #noticiero  #jogodefutebol #jogos #loto #apostas<\/p>\n","protected":false},"excerpt":{"rendered":"<p>Na manh\u00e3 desta segunda-feira (3), a Pol\u00edcia Militar foi chamada ap\u00f3s suspeita de suposta bomba no pr\u00e9dio do Minist\u00e9rio P\u00fablico Federal, na Bela Vista, regi\u00e3o central de S\u00e3o Paulo. Depois da apura\u00e7\u00e3o, as autoridades constataram que a caixa estava vazia. De acordo com informa\u00e7\u00f5es da Secretaria da Seguran\u00e7a P\u00fablica do Estado de S\u00e3o Paulo (SSP-SP), [&hellip;]<\/p>\n","protected":false},"author":1,"featured_media":101745,"comment_status":"open","ping_status":"open","sticky":false,"template":"","format":"standard","meta":{"footnotes":""},"categories":[1],"tags":[],"class_list":["post-101744","post","type-post","status-publish","format-standard","has-post-thumbnail","hentry","category-curso-de-copy"],"_links":{"self":[{"href":"https:\/\/wiy.com.br\/noticias\/wp-json\/wp\/v2\/posts\/101744","targetHints":{"allow":["GET"]}}],"collection":[{"href":"https:\/\/wiy.com.br\/noticias\/wp-json\/wp\/v2\/posts"}],"about":[{"href":"https:\/\/wiy.com.br\/noticias\/wp-json\/wp\/v2\/types\/post"}],"author":[{"embeddable":true,"href":"https:\/\/wiy.com.br\/noticias\/wp-json\/wp\/v2\/users\/1"}],"replies":[{"embeddable":true,"href":"https:\/\/wiy.com.br\/noticias\/wp-json\/wp\/v2\/comments?post=101744"}],"version-history":[{"count":0,"href":"https:\/\/wiy.com.br\/noticias\/wp-json\/wp\/v2\/posts\/101744\/revisions"}],"wp:featuredmedia":[{"embeddable":true,"href":"https:\/\/wiy.com.br\/noticias\/wp-json\/wp\/v2\/media\/101745"}],"wp:attachment":[{"href":"https:\/\/wiy.com.br\/noticias\/wp-json\/wp\/v2\/media?parent=101744"}],"wp:term":[{"taxonomy":"category","embeddable":true,"href":"https:\/\/wiy.com.br\/noticias\/wp-json\/wp\/v2\/categories?post=101744"},{"taxonomy":"post_tag","embeddable":true,"href":"https:\/\/wiy.com.br\/noticias\/wp-json\/wp\/v2\/tags?post=101744"}],"curies":[{"name":"wp","href":"https:\/\/api.w.org\/{rel}","templated":true}]}}