{"id":101722,"date":"2025-11-03T11:26:07","date_gmt":"2025-11-03T14:26:07","guid":{"rendered":"https:\/\/wiy.com.br\/noticias\/cinco-cidades-do-interior-de-sp-sofrem-com-estragos-causados-pelas-chuvas-do-fim-de-semana\/"},"modified":"2025-11-03T11:26:07","modified_gmt":"2025-11-03T14:26:07","slug":"cinco-cidades-do-interior-de-sp-sofrem-com-estragos-causados-pelas-chuvas-do-fim-de-semana","status":"publish","type":"post","link":"https:\/\/wiy.com.br\/noticias\/cinco-cidades-do-interior-de-sp-sofrem-com-estragos-causados-pelas-chuvas-do-fim-de-semana\/","title":{"rendered":"Cinco cidades do interior de SP sofrem com estragos causados pelas chuvas do fim de semana."},"content":{"rendered":"<p> <br \/>\n<br \/><img title = \"[Tags]\"alt = \"assis-defesa-civil Cinco cidades do interior de SP sofrem com estragos causados pelas chuvas do fim de semana.\"decoding=\"async\" src=\"https:\/\/vejasp.abril.com.br\/wp-content\/uploads\/2025\/11\/assis-defesa-civil.jpg\" \/><\/p>\n<p>Cinco munic\u00edpios do interior de S\u00e3o Paulo foram severamente atingidos pelas chuvas do fim de semana. As cidades de Regente Feij\u00f3, Assis, Araraquara, Am\u00e9rico Brasiliense e Barretos tiveram registro de ventos que chegaram a 95 km\/h em algumas regi\u00f5es, provocando quedas de \u00e1rvores, danos estruturais e interrup\u00e7\u00e3o tempor\u00e1ria de servi\u00e7os essenciais.<\/p>\n<p>De acordo com o governo do estado,\u00a0 as prefeituras dessas localidades recebem orienta\u00e7\u00e3o direta da equipe estadual no processo de decreta\u00e7\u00e3o de Situa\u00e7\u00e3o de Emerg\u00eancia, instrumento necess\u00e1rio para acelerar a\u00e7\u00f5es de resposta e recupera\u00e7\u00e3o das \u00e1reas atingidas.<\/p>\n<div class=\"noreadme-audima ads video-ads\">\n<div class=\"abrAD\" data-format=\"intext_video\"><\/div>\n<\/div>\n<p>A Defesa Civil atua nos munic\u00edpios com an\u00e1lise dos danos, apoio na instru\u00e7\u00e3o documental, orienta\u00e7\u00e3o para elabora\u00e7\u00e3o dos decretos municipais e acompanhamento do registro no sistema federal, permitindo que os munic\u00edpios tenham acesso mais r\u00e1pido a recursos e medidas emergenciais.<\/p>\n<p>Segundo a Defesa Civil, o objetivo \u00e9 garantir que os munic\u00edpios afetados atuem com seguran\u00e7a jur\u00eddica e celeridade, priorizando a prote\u00e7\u00e3o da popula\u00e7\u00e3o e a restaura\u00e7\u00e3o dos servi\u00e7os essenciais.<\/p>\n<p>As equipes estaduais permanecem mobilizadas e em contato permanente com as prefeituras das regi\u00f5es atingidas, monitorando a evolu\u00e7\u00e3o dos danos.<\/p>\n<div id=\"relacionadas\" class=\"block noreadme-audima three_columns\">\n<ul class=\"block-menu\">\n<li data-tab=\"tab-1\" class=\"active\">Relacionadas<\/li>\n<\/ul>\n<div id=\"tab-1\" class=\"block-content active\">\n<ul class=\"relacionadas-s-img\">\n<li class=\"widget-news-item without-thumb with-border\">\n<div class=\"widget-news-info\"><a href=\"\/cidades\">Cidades<\/a><span class=\"widget-news-item-title\"><a href=\"https:\/\/vejasp.abril.com.br\/cidades\/prefeitura-inicia-plantio-de-minifloresta-as-margens-da-billings\/\">Prefeitura inicia plantio de minifloresta \u00e0s margens da Billings<\/a><\/span><span class=\"widget-news-item-date\">2 nov 2025 &#8211; 17h11<\/span><\/div>\n<\/li>\n<li class=\"widget-news-item without-thumb with-border\">\n<div class=\"widget-news-info\"><a href=\"\/cidades\">Cidades<\/a><span class=\"widget-news-item-title\"><a href=\"https:\/\/vejasp.abril.com.br\/cidades\/concessionaria-do-rodoanel-faz-mutirao-de-contratacoes-para-o-trecho-norte\/\">Concession\u00e1ria do Rodoanel faz mutir\u00e3o de contrata\u00e7\u00f5es para o Trecho Norte<\/a><\/span><span class=\"widget-news-item-date\">2 nov 2025 &#8211; 17h11<\/span><\/div>\n<\/li>\n<li class=\"widget-news-item without-thumb with-border\">\n<div class=\"widget-news-info\"><a href=\"\/cidades\">Cidades<\/a><span class=\"widget-news-item-title\"><a href=\"https:\/\/vejasp.abril.com.br\/cidades\/etecs-alertam-para-golpes-nas-inscricoes-para-seu-vestibulinho\/\">Etecs alertam para golpes nas inscri\u00e7\u00f5es para seu vestibulinho<\/a><\/span><span class=\"widget-news-item-date\">2 nov 2025 &#8211; 16h11<\/span><\/div>\n<\/li>\n<\/ul>\n<\/div>\n<\/div>\n<div class=\"ads after-text noreadme-audima\">\n    <span class=\"title\">Publicidade<\/span><\/p>\n<div class=\"abrAD\" data-format=\"aftertext\" data-mapping=\"intext\"><\/div>\n<\/div>\n<p><br \/>\n<br \/><a href=\"https:\/\/vejasp.abril.com.br\/cidades\/cinco-cidades-do-interior-de-sp-sofrem-com-estragos-causados-pelas-chuvas-do-fim-de-semana\/\">Fonte do Artigo <\/a><br \/>\nTags:<br \/>\n#loterias #loteriascaixa #megasena #resultadoapostas#noticias #noticiario  #noticia #brasil #noticiascolombia #mundo #esporte #colombia #noticiadeld #ltimasnoticias  #noticiario #noticiasregionales #noticiasdepartamentales #noticiashoy #esportes #noticiaahora #elinformantenoticias #noticiasdeboyac  #esporteinterativo #esportivo #diariodosesportes  #noticiero  #jogodefutebol #jogos #loto #apostas<\/p>\n","protected":false},"excerpt":{"rendered":"<p>Cinco munic\u00edpios do interior de S\u00e3o Paulo foram severamente atingidos pelas chuvas do fim de semana. As cidades de Regente Feij\u00f3, Assis, Araraquara, Am\u00e9rico Brasiliense e Barretos tiveram registro de ventos que chegaram a 95 km\/h em algumas regi\u00f5es, provocando quedas de \u00e1rvores, danos estruturais e interrup\u00e7\u00e3o tempor\u00e1ria de servi\u00e7os essenciais. De acordo com o [&hellip;]<\/p>\n","protected":false},"author":1,"featured_media":101723,"comment_status":"open","ping_status":"open","sticky":false,"template":"","format":"standard","meta":{"footnotes":""},"categories":[1],"tags":[],"class_list":["post-101722","post","type-post","status-publish","format-standard","has-post-thumbnail","hentry","category-curso-de-copy"],"_links":{"self":[{"href":"https:\/\/wiy.com.br\/noticias\/wp-json\/wp\/v2\/posts\/101722","targetHints":{"allow":["GET"]}}],"collection":[{"href":"https:\/\/wiy.com.br\/noticias\/wp-json\/wp\/v2\/posts"}],"about":[{"href":"https:\/\/wiy.com.br\/noticias\/wp-json\/wp\/v2\/types\/post"}],"author":[{"embeddable":true,"href":"https:\/\/wiy.com.br\/noticias\/wp-json\/wp\/v2\/users\/1"}],"replies":[{"embeddable":true,"href":"https:\/\/wiy.com.br\/noticias\/wp-json\/wp\/v2\/comments?post=101722"}],"version-history":[{"count":0,"href":"https:\/\/wiy.com.br\/noticias\/wp-json\/wp\/v2\/posts\/101722\/revisions"}],"wp:featuredmedia":[{"embeddable":true,"href":"https:\/\/wiy.com.br\/noticias\/wp-json\/wp\/v2\/media\/101723"}],"wp:attachment":[{"href":"https:\/\/wiy.com.br\/noticias\/wp-json\/wp\/v2\/media?parent=101722"}],"wp:term":[{"taxonomy":"category","embeddable":true,"href":"https:\/\/wiy.com.br\/noticias\/wp-json\/wp\/v2\/categories?post=101722"},{"taxonomy":"post_tag","embeddable":true,"href":"https:\/\/wiy.com.br\/noticias\/wp-json\/wp\/v2\/tags?post=101722"}],"curies":[{"name":"wp","href":"https:\/\/api.w.org\/{rel}","templated":true}]}}