{"id":101593,"date":"2025-11-01T14:49:07","date_gmt":"2025-11-01T17:49:07","guid":{"rendered":"https:\/\/wiy.com.br\/noticias\/carros-eletricos-rj-vai-ampliar-rede-publica-de-recarga\/"},"modified":"2025-11-01T14:49:16","modified_gmt":"2025-11-01T17:49:16","slug":"carros-eletricos-rj-vai-ampliar-rede-publica-de-recarga","status":"publish","type":"post","link":"https:\/\/wiy.com.br\/noticias\/carros-eletricos-rj-vai-ampliar-rede-publica-de-recarga\/","title":{"rendered":"Carros el\u00e9tricos: RJ vai ampliar rede p\u00fablica de recarga"},"content":{"rendered":"<p> <br \/>\n<\/p>\n<p>O mercado de <strong>carros el\u00e9tricos<\/strong> segue aquecido no Brasil. O aumento nas vendas dos modelos, no entanto, n\u00e3o significa que todos os obst\u00e1culos para a efetiva populariza\u00e7\u00e3o destes ve\u00edculos tenham sido superados.<\/p>\n<p>Um dos principais problemas relatados pelos motoristas continua sendo a <strong>falta de infraestrutura para recarga<\/strong>. Por conta disso, a prefeitura do Rio de Janeiro prometeu instalar <strong>15 novos postos de recarga r\u00e1pida<\/strong> at\u00e9 2028.<\/p>\n<div class=\"wp-block-image\">\n<figure class=\"aligncenter size-large is-resized\"><figcaption class=\"wp-element-caption\">Brasil pode se tornar um exemplo global na transi\u00e7\u00e3o para a mobilidade limpa (Imagem: max.ku\/Shutterstock)<\/figcaption><\/figure>\n<\/div>\n<h2 class=\"wp-block-heading\" id=\"h-objetivo-e-acelerar-transicao-para-os-carros-eletricos\">Objetivo \u00e9 acelerar transi\u00e7\u00e3o para os carros el\u00e9tricos<\/h2>\n<ul>\n<li>O an\u00fancio foi feito nesta sexta-feira (31) durante o evento\u00a0sobre <strong>sustentabilidade no transporte<\/strong>.<\/li>\n<li>O projeto \u00e9 uma parceria com a C40 Cities, rede global de prefeitos das principais cidades do mundo unidos em a\u00e7\u00f5es para enfrentar a crise clim\u00e1tica, e a The Climate Pledge (TCP).<\/li>\n<li>Os investimentos na instala\u00e7\u00e3o dos novos postos de recarga ser\u00e3o feitos por meio da iniciativa global <strong>Laneshift<\/strong>.<img title = \"[Tags]\"alt = \"ebc Carros el\u00e9tricos: RJ vai ampliar rede p\u00fablica de recarga\"decoding=\"async\" src=\"https:\/\/agenciabrasil.ebc.com.br\/ebc.png?id=1665453&amp;o=node\"><img title = \"[Tags]\"alt = \"ebc Carros el\u00e9tricos: RJ vai ampliar rede p\u00fablica de recarga\"decoding=\"async\" src=\"https:\/\/agenciabrasil.ebc.com.br\/ebc.gif?id=1665453&amp;o=node\"><\/li>\n<li>Este \u00e9 um programa internacional voltado para a descarboniza\u00e7\u00e3o do transporte de carga em cidades da Am\u00e9rica Latina e da \u00cdndia.<\/li>\n<li>A ideia \u00e9 oferecer assist\u00eancia t\u00e9cnica e apoio a pol\u00edticas p\u00fablicas para acelerar a transi\u00e7\u00e3o para ve\u00edculos de <strong>zero emiss\u00e3o<\/strong>.<\/li>\n<\/ul>\n<p><strong>Leia mais<\/strong><\/p>\n<ul>\n<li>Carros el\u00e9tricos realmente poluem menos do que os a combust\u00e3o?<\/li>\n<li>Eletrificados no Brasil: vendas disparam e batem novo recorde<\/li>\n<li>Carros el\u00e9tricos: mercado cresce no Brasil, mas segue abaixo da m\u00e9dia global<\/li>\n<\/ul>\n<div class=\"wp-block-image\">\n<figure class=\"aligncenter size-large\"><img title = \"[Tags]\"loading=\"lazy\" decoding=\"async\" width=\"1024\" height=\"682\" src=\"https:\/\/olhardigital.com.br\/wp-content\/uploads\/2025\/10\/rio-de-janeiro-1024x682.jpg\"alt = \"ebc Carros el\u00e9tricos: RJ vai ampliar rede p\u00fablica de recarga\" class=\"wp-image-1205234\" \/><figcaption class=\"wp-element-caption\">Ser\u00e3o instalados 15 novos postos de recarga r\u00e1pida na capital carioca&nbsp;(Imagem: Donatas Dabravolskas\/Shutterstock)<\/figcaption><\/figure>\n<\/div>\n<h3 class=\"wp-block-heading\" id=\"h-outros-espacos-ja-foram-instalados-na-cidade\">Outros espa\u00e7os j\u00e1 foram instalados na cidade<\/h3>\n<p>De acordo com informa\u00e7\u00f5es da <a href=\"https:\/\/agenciabrasil.ebc.com.br\/geral\/noticia\/2025-10\/rio-preve-ampliar-rede-publica-de-recarga-para-veiculos-eletricos\" target=\"_blank\" rel=\"noreferrer noopener\">Ag\u00eancia Brasil<\/a>, a parceria re\u00fane sete empresas dos setores de transporte, log\u00edstica e manufatura.&nbsp;Desde julho, a C40 apoia um projeto demonstrativo de infraestrutura p\u00fablica de recarga.<\/p>\n<p>At\u00e9 agora, foram inaugurados dois eletropostos da EZVolt, o Eletroposto Carioca, na Barra da Tijuca, e primeiro hub p\u00fablico do pa\u00eds, e, agora, o da Avenida Brasil, que opera como laborat\u00f3rio urbano at\u00e9 dezembro deste ano.\u00a0Os dados gerados ir\u00e3o subsidiar a implanta\u00e7\u00e3o de 15 novos <strong>eletropostos <\/strong>no Rio de Janeiro.<\/p>\n<div class=\"wp-block-image\">\n<figure class=\"aligncenter size-large\"><img title = \"[Tags]\"loading=\"lazy\" decoding=\"async\" width=\"1024\" height=\"683\" src=\"https:\/\/olhardigital.com.br\/wp-content\/uploads\/2025\/10\/veiculos-eletricos-1024x683.jpg\"alt = \"ebc Carros el\u00e9tricos: RJ vai ampliar rede p\u00fablica de recarga\" class=\"wp-image-1202174\" \/><figcaption class=\"wp-element-caption\">Ideia \u00e9 dar condi\u00e7\u00f5es para aumentar ainda mais a frota de ve\u00edculos el\u00e9tricos no Brasil (Imagem: DC Studio\/Shutterstock)<\/figcaption><\/figure>\n<\/div>\n<blockquote class=\"wp-block-quote is-layout-flow wp-block-quote-is-layout-flow\">\n<p>A cidade tem que ir se adaptando a essa realidade. Isso traz menos polui\u00e7\u00e3o, menos ru\u00eddo e mais qualidade de vida. Mas as pessoas s\u00f3 mudam o h\u00e1bito quando faz diferen\u00e7a econ\u00f4mica. O investimento na compra \u00e9 maior, mas ao longo do tempo a pessoa tem retorno com a economia de combust\u00edvel.<\/p>\n<p><cite>Osmar Lima, secret\u00e1rio de Desenvolvimento Econ\u00f4mico da prefeitura do RJ<\/cite><\/p><\/blockquote>\n<p>O post Carros el\u00e9tricos: RJ vai ampliar rede p\u00fablica de recarga apareceu primeiro em Olhar Digital.<\/p>\n<p><br \/>\n<br \/><a href=\"https:\/\/olhardigital.com.br\/2025\/11\/01\/carros-e-tecnologia\/carros-eletricos-rj-vai-ampliar-rede-publica-de-recarga\/\">Fonte do Artigo <\/a><br \/>\nTags:<\/p>\n<p><a title=\"Gestor de Tr\u00e1fego\" href=\"https:\/\/www.gestor-de-trafego.com\/\" target=\"_blank\"><strong>Gestor de Tr\u00e1fego<\/strong><\/a><\/p>\n<p><a href=\"https:\/\/wiy.com.br\/noticias\/categoria\/tecnologia\/\">#tecnologia<\/a> <a href=\"https:\/\/wiy.com.br\/noticias\/categoria\/tecnologia\/\">#tecnologias<\/a> <a href=\"https:\/\/wiy.com.br\/noticias\/categoria\/tecnologia\/\">#technology<\/a> <a href=\"https:\/\/wiy.com.br\/noticias\/categoria\/tecnologia\/\">#tecnolog<\/a> <a href=\"https:\/\/wiy.com.br\/noticias\/categoria\/tecnologia\/\">#iphone<\/a> <a href=\"https:\/\/wiy.com.br\/noticias\/categoria\/tecnologia\/\">#informatica<\/a> <a href=\"https:\/\/wiy.com.br\/noticias\/categoria\/tecnologia\/\">#tech<\/a> <a href=\"https:\/\/wiy.com.br\/noticias\/categoria\/tecnologia\/\">#design<\/a> <a href=\"https:\/\/wiy.com.br\/noticias\/categoria\/tecnologia\/\">#samsung<\/a> <a href=\"https:\/\/wiy.com.br\/noticias\/categoria\/tecnologia\/\">#internet<\/a> <a href=\"https:\/\/wiy.com.br\/noticias\/categoria\/tecnologia\/\">#apple<\/a> <a href=\"https:\/\/wiy.com.br\/noticias\/categoria\/tecnologia\/\">#smartphone<\/a> <a href=\"https:\/\/wiy.com.br\/noticias\/categoria\/tecnologia\/\">#seguranca<\/a> <a href=\"https:\/\/wiy.com.br\/noticias\/categoria\/tecnologia\/\">#venezuela<\/a> <a href=\"https:\/\/wiy.com.br\/noticias\/categoria\/tecnologia\/\">#celular<\/a> <a href=\"https:\/\/wiy.com.br\/noticias\/categoria\/tecnologia\/\">#celulares<\/a> <a href=\"https:\/\/wiy.com.br\/noticias\/categoria\/tecnologia\/\">#inovar<\/a> <a href=\"https:\/\/wiy.com.br\/noticias\/categoria\/tecnologia\/\">#qualidade<\/a> <a href=\"https:\/\/wiy.com.br\/noticias\/categoria\/tecnologia\/\">#software<\/a> <a href=\"https:\/\/wiy.com.br\/noticias\/categoria\/tecnologia\/\">#empresas<\/a> <a href=\"https:\/\/wiy.com.br\/noticias\/categoria\/tecnologia\/\">#cursos<\/a> <a href=\"https:\/\/wiy.com.br\/noticias\/categoria\/tecnologia\/\">#engenharia<\/a> <a href=\"https:\/\/wiy.com.br\/noticias\/categoria\/tecnologia\/\">#industria<\/a> <a href=\"https:\/\/wiy.com.br\/noticias\/categoria\/tecnologia\/\">#marketing<\/a> <a href=\"https:\/\/wiy.com.br\/noticias\/categoria\/tecnologia\/\">#ti<\/a> <a href=\"https:\/\/wiy.com.br\/noticias\/categoria\/tecnologia\/\">#tecnoblog<\/a> <a href=\"https:\/\/wiy.com.br\/noticias\/categoria\/tecnologia\/\">#veja<\/a> <a href=\"https:\/\/wiy.com.br\/noticias\/categoria\/tecnologia\/\">#olhardigital<\/a> <a href=\"https:\/\/wiy.com.br\/noticias\/categoria\/tecnologia\/\">#mundodigital<\/a> <a href=\"https:\/\/wiy.com.br\/noticias\/categoria\/tecnologia\/\">#inteligenciaartificial<\/a> <a href=\"https:\/\/wiy.com.br\/criacao-de-sites\/\">#criar site<\/a> <a href=\"https:\/\/wiy.com.br\/criacao-de-sites\/\">#criar site curitiba<\/a> <a href=\"https:\/\/wiy.com.br\/criacao-de-sites\/\">#wiysolutions<\/a><\/p>\n<p><a \n#Carros #el\u00e9tricos #vai #ampliar #rede #p\u00fablica #recarga\n<\/p>\n","protected":false},"excerpt":{"rendered":"<p>O mercado de carros el\u00e9tricos segue aquecido no Brasil. O aumento nas vendas dos modelos, no entanto, n\u00e3o significa que todos os obst\u00e1culos para a efetiva populariza\u00e7\u00e3o destes ve\u00edculos tenham sido superados. Um dos principais problemas relatados pelos motoristas continua sendo a falta de infraestrutura para recarga. Por conta disso, a prefeitura do Rio de [&hellip;]<\/p>\n","protected":false},"author":1,"featured_media":101594,"comment_status":"open","ping_status":"open","sticky":false,"template":"","format":"standard","meta":{"footnotes":""},"categories":[5],"tags":[],"class_list":["post-101593","post","type-post","status-publish","format-standard","has-post-thumbnail","hentry","category-tecnologia"],"_links":{"self":[{"href":"https:\/\/wiy.com.br\/noticias\/wp-json\/wp\/v2\/posts\/101593","targetHints":{"allow":["GET"]}}],"collection":[{"href":"https:\/\/wiy.com.br\/noticias\/wp-json\/wp\/v2\/posts"}],"about":[{"href":"https:\/\/wiy.com.br\/noticias\/wp-json\/wp\/v2\/types\/post"}],"author":[{"embeddable":true,"href":"https:\/\/wiy.com.br\/noticias\/wp-json\/wp\/v2\/users\/1"}],"replies":[{"embeddable":true,"href":"https:\/\/wiy.com.br\/noticias\/wp-json\/wp\/v2\/comments?post=101593"}],"version-history":[{"count":1,"href":"https:\/\/wiy.com.br\/noticias\/wp-json\/wp\/v2\/posts\/101593\/revisions"}],"predecessor-version":[{"id":101595,"href":"https:\/\/wiy.com.br\/noticias\/wp-json\/wp\/v2\/posts\/101593\/revisions\/101595"}],"wp:featuredmedia":[{"embeddable":true,"href":"https:\/\/wiy.com.br\/noticias\/wp-json\/wp\/v2\/media\/101594"}],"wp:attachment":[{"href":"https:\/\/wiy.com.br\/noticias\/wp-json\/wp\/v2\/media?parent=101593"}],"wp:term":[{"taxonomy":"category","embeddable":true,"href":"https:\/\/wiy.com.br\/noticias\/wp-json\/wp\/v2\/categories?post=101593"},{"taxonomy":"post_tag","embeddable":true,"href":"https:\/\/wiy.com.br\/noticias\/wp-json\/wp\/v2\/tags?post=101593"}],"curies":[{"name":"wp","href":"https:\/\/api.w.org\/{rel}","templated":true}]}}