{"id":101544,"date":"2025-10-31T17:11:14","date_gmt":"2025-10-31T20:11:14","guid":{"rendered":"https:\/\/wiy.com.br\/noticias\/detran-faz-leilao-com-veiculos-apreendidos-por-infracoes-de-transito-lances-partem-de-r-450\/"},"modified":"2025-10-31T17:11:14","modified_gmt":"2025-10-31T20:11:14","slug":"detran-faz-leilao-com-veiculos-apreendidos-por-infracoes-de-transito-lances-partem-de-r-450","status":"publish","type":"post","link":"https:\/\/wiy.com.br\/noticias\/detran-faz-leilao-com-veiculos-apreendidos-por-infracoes-de-transito-lances-partem-de-r-450\/","title":{"rendered":"Detran faz leil\u00e3o com ve\u00edculos apreendidos por infra\u00e7\u00f5es de tr\u00e2nsito; lances partem de R$ 450"},"content":{"rendered":"<p> <br \/>\n<br \/><img title = \"[Tags]\"alt = \"54009375511-f8543b077a-k-1-1024x683-1 Detran faz leil\u00e3o com ve\u00edculos apreendidos por infra\u00e7\u00f5es de tr\u00e2nsito; lances partem de R$ 450\"decoding=\"async\" src=\"https:\/\/vejasp.abril.com.br\/wp-content\/uploads\/2025\/10\/54009375511-f8543b077a-k-1-1024x683-1.avif\" \/><\/p>\n<p>Na pr\u00f3xima semana, o Detran-SP far\u00e1 um leil\u00e3o de carros e motos recolhidos por infra\u00e7\u00f5es de tr\u00e2nsito. Os ve\u00edculos est\u00e3o localizados em um p\u00e1tio em Itapira (SP) e outro em Jaguari\u00fana (SP), com visita\u00e7\u00e3o p\u00fablica dispon\u00edvel at\u00e9 esta sexta-feira (31), das 9h \u00e0s 17h.<\/p>\n<p>O arremate acontece de <a href=\"https:\/\/www.ricoleiloes.com.br\/\">forma virtual<\/a> at\u00e9 a pr\u00f3xima semana. <span>O lote mais barato \u00e9 por uma moto Dafra Super 100, de 2009, com lance inicial de R$ 450. J\u00e1 o mais caro \u00e9 um Jeep Compass de 2019, com lances a partir de R$ 25 mil. O carro mais em conta \u00e9 um Peugeot 206 Selection de 2003, com lance partindo de R$ 1 mil.\u00a0<\/span><\/p>\n<div class=\"noreadme-audima ads video-ads\">\n<div class=\"abrAD\" data-format=\"intext_video\"><\/div>\n<\/div>\n<h3>Confira os destaques do leil\u00e3o<\/h3>\n<p>No total, o leil\u00e3o conta com <strong>26 ve\u00edculos aptos a circular<\/strong>; 26 sucatas com motor que ainda pode ser aproveitado; 83 sucatas com motor condenado<span>, mas podendo servir como pe\u00e7as sobressalentes para outros ve\u00edculos e 27 sucatas para fundi\u00e7\u00e3o e reciclagem.\u00a0<\/span><\/p>\n<div id=\"chunk-aakb3\">\n<div class=\"mc-column content-text active-extra-styles \" data-block-type=\"unstyled\" data-block-weight=\"42\" data-block-id=\"14\">\n<p data-track-category=\"Link no Texto\" data-track-links=\"\" data-mrf-recirculation=\"Mat\u00e9ria - Links no Texto\">Segundo o edital do processo, um carro apto a circular significa que ele pode retornar a circular em via p\u00fablica,\u00a0 ficando o comprador respons\u00e1vel pelo registro do ve\u00edculo perante o \u00f3rg\u00e3o ou entidade executivo de tr\u00e2nsito, com o pagamento das respectivas taxas.<\/p>\n<div id=\"relacionadas\" class=\"block noreadme-audima three_columns\">\n<ul class=\"block-menu\">\n<li data-tab=\"tab-1\" class=\"active\">Relacionadas<\/li>\n<\/ul>\n<div id=\"tab-1\" class=\"block-content active\">\n<ul class=\"relacionadas-s-img\">\n<li class=\"widget-news-item without-thumb with-border\">\n<div class=\"widget-news-info\"><a href=\"\/cidades\">Cidades<\/a><span class=\"widget-news-item-title\"><a href=\"https:\/\/vejasp.abril.com.br\/cidades\/jovem-morre-apos-ser-esfaqueada-em-hotel-no-centro-de-sao-paulo\/\">Jovem morre ap\u00f3s ser esfaqueada em hotel no centro de S\u00e3o Paulo<\/a><\/span><span class=\"widget-news-item-date\">31 out 2025 &#8211; 13h10<\/span><\/div>\n<\/li>\n<li class=\"widget-news-item without-thumb with-border\">\n<div class=\"widget-news-info\"><a href=\"\/cidades\">Cidades<\/a><span class=\"widget-news-item-title\"><a href=\"https:\/\/vejasp.abril.com.br\/cidades\/pm-prende-dupla-que-vendia-remedios-de-emagrecimento-falsificados-em-sao-paulo\/\">PM prende dupla que vendia rem\u00e9dios de emagrecimento falsificados em S\u00e3o Paulo<\/a><\/span><span class=\"widget-news-item-date\">31 out 2025 &#8211; 12h10<\/span><\/div>\n<\/li>\n<li class=\"widget-news-item without-thumb with-border\">\n<div class=\"widget-news-info\"><a href=\"\/cidades\">Cidades<\/a><span class=\"widget-news-item-title\"><a href=\"https:\/\/vejasp.abril.com.br\/cidades\/litoral-de-sp-tem-46-praias-improprias-para-banho-nesta-semana-saiba-quais\/\">Litoral de SP tem 46 praias impr\u00f3prias para banho nesta semana; saiba quais<\/a><\/span><span class=\"widget-news-item-date\">31 out 2025 &#8211; 15h10<\/span><\/div>\n<\/li>\n<li class=\"widget-news-item without-thumb with-border\">\n<div class=\"widget-news-info\"><a href=\"\/cidades\">Cidades<\/a><span class=\"widget-news-item-title\"><a href=\"https:\/\/vejasp.abril.com.br\/cidades\/inmet-alerta-para-chuvas-intensas-em-sp-nesta-sexta-31\/\">Inmet alerta para chuvas intensas em SP nesta sexta (31)<\/a><\/span><span class=\"widget-news-item-date\">31 out 2025 &#8211; 09h10<\/span><\/div>\n<\/li>\n<\/ul>\n<\/div>\n<\/div>\n<p data-track-category=\"Link no Texto\" data-track-links=\"\" data-mrf-recirculation=\"Mat\u00e9ria - Links no Texto\">O Detran-SP tamb\u00e9m esclarece que n\u00e3o \u00e9 respons\u00e1vel pelas pe\u00e7as e que o comprador j\u00e1 deve estar ciente da situa\u00e7\u00e3o mec\u00e2nica do ve\u00edculo, n\u00e3o aceitando posteriores reclama\u00e7\u00f5es.<\/p>\n<div class=\"ads post-ads noreadme-audima\">\n    <span class=\"title\">Continua ap\u00f3s a publicidade<\/span><\/p>\n<div class=\"abrAD\" data-format=\"intext\"><\/div>\n<\/div>\n<\/div>\n<\/div>\n<div id=\"chunk-bnler\">\n<div class=\"noreadme-audima content-ads\" data-block-type=\"ads\" data-block-id=\"15\">\n<div id=\"chunk-clb3v\">\n<div class=\"mc-column content-text active-extra-styles \" data-block-type=\"unstyled\" data-block-weight=\"24\" data-block-id=\"16\">\n<p data-track-category=\"Link no Texto\" data-track-links=\"\" data-mrf-recirculation=\"Mat\u00e9ria - Links no Texto\">Entre outros destaques dos ve\u00edculos leiloados est\u00e3o um <strong>Suzuki Intruder de 2010<\/strong>, com lance inicial de R$500, um <strong>Nissan Sentra 2011<\/strong>, com lance inicial R$ 2.500, e um <strong>Honda CG 160 Fan ESDI 2017<\/strong>, com lance inicial R$ 1.250. <span>A avalia\u00e7\u00e3o estimada para cada ve\u00edculo \u00e9 calculada com base nos valores praticados pelo mercado e no estado de conserva\u00e7\u00e3o da unidade.\u00a0<\/span><span class=\"highlight highlighted\">O lance m\u00ednimo \u00e9 o valor de partida para as ofertas.<\/span><\/p>\n<div class=\"ads post-ads noreadme-audima\">\n    <span class=\"title\">Continua ap\u00f3s a publicidade<\/span><\/p>\n<div class=\"abrAD\" data-format=\"intext\"><\/div>\n<\/div>\n<h3 data-track-category=\"Link no Texto\" data-mrf-recirculation=\"Mat\u00e9ria - Links no Texto\">Saiba as datas dos lances p\u00fablicos<\/h3>\n<p>Para ve\u00edculos conservados destinados \u00e0 circula\u00e7\u00e3o, o lance acontece no dia <strong>4 de novembro<\/strong>, \u00e0s 9h. J\u00e1 para sucatas aproveit\u00e1veis e sucatas com motor inserv\u00edvel, o lance ocorre no dia <strong>5 de novembro<\/strong>, \u00e0s 9h. O lance para sucatas para reciclagem acontece, por sua vez, no dia<strong> 6 de novembro<\/strong>, \u00e0s 9h.<\/p>\n<\/div>\n<\/div>\n<\/div>\n<\/div>\n<div id=\"chunk-bldj7\">\n<div class=\"ads post-ads noreadme-audima\">\n    <span class=\"title\">Continua ap\u00f3s a publicidade<\/span><\/p>\n<div class=\"abrAD\" data-format=\"intext\"><\/div>\n<\/div>\n<div class=\"mc-column content-text active-extra-styles \" data-block-type=\"unstyled\" data-block-weight=\"17\" data-block-id=\"24\">\n<p data-track-category=\"Link no Texto\" data-track-links=\"\" data-mrf-recirculation=\"Mat\u00e9ria - Links no Texto\">Os leil\u00f5es s\u00e3o abertos a todas as pessoas e empresas, mas s\u00e3o vedadas as participa\u00e7\u00f5es de <strong>servidores do Detran-SP<\/strong> e parentes de servidores\u00a0at\u00e9 o segundo grau; <strong>leiloeiro<\/strong>, seus parentes at\u00e9 segundo grau e membros de sua equipe de trabalho; <strong>propriet\u00e1rios, s\u00f3cios e\/ou administradores dos p\u00e1tios terceirizados, licitados ou conveniados<\/strong>\u00a0onde se encontram custodiados os ve\u00edculos, seus parentes at\u00e9 segundo grau e os membros da equipe de trabalho e <strong>pessoas f\u00edsicas e jur\u00eddicas\u00a0impedidas de licitar e contratar com a administra\u00e7\u00e3o<\/strong>, sancionadas com as penas previstas nos incisos III e IV do art. 156 da Lei federal n.\u00ba 14.133, de 2021 ou, ainda, no art. 7\u00ba da Lei federal n.\u00ba 10.520, de 17 de julho de 2002.<\/p>\n<\/div>\n<\/div>\n<div id=\"chunk-375lv\">\n<div class=\"ads post-ads noreadme-audima\">\n    <span class=\"title\">Continua ap\u00f3s a publicidade<\/span><\/p>\n<div class=\"abrAD\" data-format=\"intext\"><\/div>\n<\/div>\n<div class=\"mc-column content-text active-extra-styles\" data-block-type=\"raw\" data-block-weight=\"100\" data-block-id=\"25\">\n<div class=\"box-app-phone-share noreadme-audima\">\n<div class=\"title-phone-share\">Compartilhe essa mat\u00e9ria via:<\/div>\n<div class=\"buttoms-phone-share\">\n\t\t<a class=\"whatsapp\" id=\"whatsappShare\" rel=\"nofollow\" aria-label=\"Compartilhe no Whatsapp\" target=\"_blank\" href=\"https:\/\/api.whatsapp.com\/send?text=https:\/\/vejasp.abril.com.br\/cidades\/detran-faz-leilao-com-veiculos-apreendidos-por-infracoes-de-transito-lances-partem-de-r-450\/?utm_medium=whatsapp&amp;utm_source=shortcode_vejinhas\"><span>WhatsAPP<\/span><\/a><br \/>\n\t\t<a class=\"telegram\" id=\"telegramShare\" rel=\"nofollow\" aria-label=\"Compartilhe no Telegram\" target=\"_blank\" href=\"https:\/\/telegram.me\/share\/url?url=https:\/\/vejasp.abril.com.br\/cidades\/detran-faz-leilao-com-veiculos-apreendidos-por-infracoes-de-transito-lances-partem-de-r-450\/?utm_medium=telegram&amp;utm_source=shortcode_vejinhas\"><span>Telegram<\/span><\/a>\n\t\t<\/div>\n<\/p><\/div>\n<\/div>\n<\/div>\n<div id=\"chunk-bnler\">\n<div class=\"noreadme-audima content-ads\" data-block-type=\"ads\" data-block-id=\"15\">\n<div id=\"chunk-77bl0\">\n<div class=\"ads post-ads noreadme-audima\">\n    <span class=\"title\">Continua ap\u00f3s a publicidade<\/span><\/p>\n<div class=\"abrAD\" data-format=\"intext\"><\/div>\n<\/div>\n<div class=\"mc-column content-text active-extra-styles \" data-block-type=\"unstyled\" data-block-weight=\"39\" data-block-id=\"17\"><\/div>\n<\/div>\n<\/div>\n<\/div>\n<div id=\"chunk-clb3v\">\n<div class=\"mc-column content-text active-extra-styles \" data-block-type=\"unstyled\" data-block-weight=\"24\" data-block-id=\"16\"><\/div>\n<\/div>\n<p>&nbsp;<\/p>\n<div class=\"ads after-text noreadme-audima\">\n    <span class=\"title\">Publicidade<\/span><\/p>\n<div class=\"abrAD\" data-format=\"aftertext\" data-mapping=\"intext\"><\/div>\n<\/div>\n<p><br \/>\n<br \/><a href=\"https:\/\/vejasp.abril.com.br\/cidades\/detran-faz-leilao-com-veiculos-apreendidos-por-infracoes-de-transito-lances-partem-de-r-450\/\">Fonte do Artigo <\/a><br \/>\nTags:<br \/>\n#loterias #loteriascaixa #megasena #resultadoapostas#noticias #noticiario  #noticia #brasil #noticiascolombia #mundo #esporte #colombia #noticiadeld #ltimasnoticias  #noticiario #noticiasregionales #noticiasdepartamentales #noticiashoy #esportes #noticiaahora #elinformantenoticias #noticiasdeboyac  #esporteinterativo #esportivo #diariodosesportes  #noticiero  #jogodefutebol #jogos #loto #apostas<\/p>\n","protected":false},"excerpt":{"rendered":"<p>Na pr\u00f3xima semana, o Detran-SP far\u00e1 um leil\u00e3o de carros e motos recolhidos por infra\u00e7\u00f5es de tr\u00e2nsito. Os ve\u00edculos est\u00e3o localizados em um p\u00e1tio em Itapira (SP) e outro em Jaguari\u00fana (SP), com visita\u00e7\u00e3o p\u00fablica dispon\u00edvel at\u00e9 esta sexta-feira (31), das 9h \u00e0s 17h. O arremate acontece de forma virtual at\u00e9 a pr\u00f3xima semana. O [&hellip;]<\/p>\n","protected":false},"author":1,"featured_media":101545,"comment_status":"open","ping_status":"open","sticky":false,"template":"","format":"standard","meta":{"footnotes":""},"categories":[1],"tags":[],"class_list":["post-101544","post","type-post","status-publish","format-standard","has-post-thumbnail","hentry","category-curso-de-copy"],"_links":{"self":[{"href":"https:\/\/wiy.com.br\/noticias\/wp-json\/wp\/v2\/posts\/101544","targetHints":{"allow":["GET"]}}],"collection":[{"href":"https:\/\/wiy.com.br\/noticias\/wp-json\/wp\/v2\/posts"}],"about":[{"href":"https:\/\/wiy.com.br\/noticias\/wp-json\/wp\/v2\/types\/post"}],"author":[{"embeddable":true,"href":"https:\/\/wiy.com.br\/noticias\/wp-json\/wp\/v2\/users\/1"}],"replies":[{"embeddable":true,"href":"https:\/\/wiy.com.br\/noticias\/wp-json\/wp\/v2\/comments?post=101544"}],"version-history":[{"count":0,"href":"https:\/\/wiy.com.br\/noticias\/wp-json\/wp\/v2\/posts\/101544\/revisions"}],"wp:featuredmedia":[{"embeddable":true,"href":"https:\/\/wiy.com.br\/noticias\/wp-json\/wp\/v2\/media\/101545"}],"wp:attachment":[{"href":"https:\/\/wiy.com.br\/noticias\/wp-json\/wp\/v2\/media?parent=101544"}],"wp:term":[{"taxonomy":"category","embeddable":true,"href":"https:\/\/wiy.com.br\/noticias\/wp-json\/wp\/v2\/categories?post=101544"},{"taxonomy":"post_tag","embeddable":true,"href":"https:\/\/wiy.com.br\/noticias\/wp-json\/wp\/v2\/tags?post=101544"}],"curies":[{"name":"wp","href":"https:\/\/api.w.org\/{rel}","templated":true}]}}