{"id":10142,"date":"2023-02-26T15:03:56","date_gmt":"2023-02-26T18:03:56","guid":{"rendered":"https:\/\/wiy.com.br\/noticias\/bolsonaro-tera-encontro-privado-com-trump-durante-visita-a-washington\/"},"modified":"2019-03-13T20:52:39","modified_gmt":"2019-03-13T23:52:39","slug":"bolsonaro-tera-encontro-privado-com-trump-durante-visita-a-washington","status":"publish","type":"post","link":"https:\/\/wiy.com.br\/noticias\/bolsonaro-tera-encontro-privado-com-trump-durante-visita-a-washington\/","title":{"rendered":"Bolsonaro ter\u00e1 encontro privado com Trump durante visita a Washington"},"content":{"rendered":"<p> <br \/>\n<br \/>BRAS\u00cdLIA &#8211; Nos tr\u00eas dias de viagem aos Estados Unidos, a partir do pr\u00f3ximo domingo, o presidente Jair Bolsonaro ter\u00e1 um encontro privado com o mandat\u00e1rio americano, Donald Trump, na Casa Branca, e deve assinar tr\u00eas acordos, que ainda est\u00e3o sendo&#8230;<br \/>\n<br \/><br \/>\n<br \/><a href=\"https:\/\/oglobo.globo.com\/mundo\/bolsonaro-tera-encontro-privado-com-trump-durante-visita-washington-23520459\">Fonte do Artigo <\/a><\/p>\n<p>#noticias #news #o #brasil #venezuela #n #jornalismo #a #love #like #bbb #musica #colombia #tv #blog #fofoca #mexico #gay #caracas #saopaulo #instagram #follow #not #cias #famosos #m #brazil #politica #pol #jeansobrinho<\/p>\n","protected":false},"excerpt":{"rendered":"<p>BRAS\u00cdLIA &#8211; Nos tr\u00eas dias de viagem aos Estados Unidos, a partir do pr\u00f3ximo domingo, o presidente Jair Bolsonaro ter\u00e1 um encontro privado com o mandat\u00e1rio americano, Donald Trump, na Casa Branca, e deve assinar tr\u00eas acordos, que ainda est\u00e3o sendo&#8230; Fonte do Artigo #noticias #news #o #brasil #venezuela #n #jornalismo #a #love #like #bbb [&hellip;]<\/p>\n","protected":false},"author":1,"featured_media":0,"comment_status":"open","ping_status":"open","sticky":false,"template":"","format":"standard","meta":{"footnotes":""},"categories":[339],"tags":[],"class_list":["post-10142","post","type-post","status-publish","format-standard","hentry","category-negocios"],"_links":{"self":[{"href":"https:\/\/wiy.com.br\/noticias\/wp-json\/wp\/v2\/posts\/10142","targetHints":{"allow":["GET"]}}],"collection":[{"href":"https:\/\/wiy.com.br\/noticias\/wp-json\/wp\/v2\/posts"}],"about":[{"href":"https:\/\/wiy.com.br\/noticias\/wp-json\/wp\/v2\/types\/post"}],"author":[{"embeddable":true,"href":"https:\/\/wiy.com.br\/noticias\/wp-json\/wp\/v2\/users\/1"}],"replies":[{"embeddable":true,"href":"https:\/\/wiy.com.br\/noticias\/wp-json\/wp\/v2\/comments?post=10142"}],"version-history":[{"count":0,"href":"https:\/\/wiy.com.br\/noticias\/wp-json\/wp\/v2\/posts\/10142\/revisions"}],"wp:attachment":[{"href":"https:\/\/wiy.com.br\/noticias\/wp-json\/wp\/v2\/media?parent=10142"}],"wp:term":[{"taxonomy":"category","embeddable":true,"href":"https:\/\/wiy.com.br\/noticias\/wp-json\/wp\/v2\/categories?post=10142"},{"taxonomy":"post_tag","embeddable":true,"href":"https:\/\/wiy.com.br\/noticias\/wp-json\/wp\/v2\/tags?post=10142"}],"curies":[{"name":"wp","href":"https:\/\/api.w.org\/{rel}","templated":true}]}}