{"id":101395,"date":"2025-10-29T17:29:03","date_gmt":"2025-10-29T20:29:03","guid":{"rendered":"https:\/\/wiy.com.br\/noticias\/crise-nos-eletricos-general-motors-reduz-ritmo-e-demite-3-mil-trabalhadores-nos-eua\/"},"modified":"2025-10-29T17:29:12","modified_gmt":"2025-10-29T20:29:12","slug":"crise-nos-eletricos-general-motors-reduz-ritmo-e-demite-3-mil-trabalhadores-nos-eua","status":"publish","type":"post","link":"https:\/\/wiy.com.br\/noticias\/crise-nos-eletricos-general-motors-reduz-ritmo-e-demite-3-mil-trabalhadores-nos-eua\/","title":{"rendered":"Crise nos el\u00e9tricos? General Motors reduz ritmo e demite 3 mil trabalhadores nos EUA"},"content":{"rendered":"<p> <br \/>\n<\/p>\n<p>A General Motors (GM) anunciou uma reestrutura\u00e7\u00e3o significativa em sua divis\u00e3o de ve\u00edculos el\u00e9tricos (EVs), com o corte de mais de 3.300 postos de trabalho em f\u00e1bricas de Michigan, Ohio e Tennessee, conforme revelado pelo <em><a href=\"https:\/\/www.detroitnews.com\/story\/business\/autos\/general-motors\/2025\/10\/29\/gm-cutting-hundreds-of-jobs-at-detroit-tennessee-ohio-ev-sites\/86962834007\/?gca-cat=p&amp;gnt-cfr=1\" target=\"_blank\" rel=\"noreferrer noopener\">Detroit News<\/a><\/em>. <\/p>\n<p>A medida reflete a desacelera\u00e7\u00e3o da demanda por el\u00e9tricos ap\u00f3s o fim de subs\u00eddios federais e mudan\u00e7as nas regras de emiss\u00f5es nos Estados Unidos.<\/p>\n<p>Em comunicado, a empresa afirmou que est\u00e1 \u201crealinhando sua capacidade de produ\u00e7\u00e3o de ve\u00edculos el\u00e9tricos\u201d diante da \u201cado\u00e7\u00e3o mais lenta no curto prazo e de um ambiente regulat\u00f3rio em constante evolu\u00e7\u00e3o\u201d.<\/p>\n<div class=\"wp-block-image\">\n<figure class=\"aligncenter size-large\"><figcaption class=\"wp-element-caption\"><em>GM freia planos el\u00e9tricos e anuncia demiss\u00f5es em massa nos Estados Unidos &#8211; Imagem: viewimage \/ Shutterstock<\/em><\/figcaption><\/figure>\n<\/div>\n<h2 class=\"wp-block-heading\" id=\"h-producao-suspensa-e-reabertura-em-2026\">Produ\u00e7\u00e3o suspensa e reabertura em 2026<\/h2>\n<ul>\n<li>Parte das demiss\u00f5es afetar\u00e1 trabalhadores das f\u00e1bricas de baterias operadas em parceria com a LG Energy Solutions, que ter\u00e3o as atividades suspensas a partir de 5 de janeiro.<\/li>\n<li>A produ\u00e7\u00e3o deve ser retomada em meados de 2026, quando a GM planeja lan\u00e7ar uma nova gera\u00e7\u00e3o de modelos el\u00e9tricos com custos mais baixos.<\/li>\n<li>Em Detroit, cerca de 1.200 funcion\u00e1rios da unidade exclusiva de ve\u00edculos el\u00e9tricos ser\u00e3o colocados em licen\u00e7a por tempo indeterminado.<\/li>\n<li>A planta, que opera em dois turnos, ser\u00e1 reduzida a apenas um a partir do pr\u00f3ximo ano.<\/li>\n<\/ul>\n<p><strong>Leia mais:<\/strong><\/p>\n<ul>\n<li>GM e Hyundai far\u00e3o parceria para fabricar tecnologia de energia limpa<\/li>\n<li>GM enfrenta crise na China e gastar\u00e1 bilh\u00f5es em reestrutura\u00e7\u00e3o<\/li>\n<li>GM trabalha em sistema propriet\u00e1rio de dire\u00e7\u00e3o 100% aut\u00f4noma<\/li>\n<\/ul>\n<div class=\"wp-block-image\">\n<figure class=\"aligncenter size-large\"><img title = \"[Tags]\"loading=\"lazy\" decoding=\"async\" width=\"1024\" height=\"683\" src=\"https:\/\/olhardigital.com.br\/wp-content\/uploads\/2024\/10\/general_motors_gm-1024x683.jpg\"alt = \"general_motors_gm-1024x683 Crise nos el\u00e9tricos? General Motors reduz ritmo e demite 3 mil trabalhadores nos EUA\" class=\"wp-image-980897\" \/><figcaption class=\"wp-element-caption\">Cortes, f\u00e1bricas paradas e custos bilion\u00e1rios marcam a nova fase da GM (Imagem: Jonathan Weiss\/Shutterstock)<\/figcaption><\/figure>\n<\/div>\n<h2 class=\"wp-block-heading\">Custos bilion\u00e1rios e foco ajustado<\/h2>\n<p>A reestrutura\u00e7\u00e3o resultou em uma despesa extraordin\u00e1ria de US$ 1,6 bilh\u00e3o no terceiro trimestre, incluindo perdas com ferramentas e instala\u00e7\u00f5es que haviam sido preparadas para ve\u00edculos el\u00e9tricos. A GM tamb\u00e9m encerrar\u00e1 a produ\u00e7\u00e3o das vans el\u00e9tricas BrightDrop no Canad\u00e1.<\/p>\n<p>Apesar das redu\u00e7\u00f5es, a CEO Mary Barra afirmou que os ve\u00edculos el\u00e9tricos continuam sendo a \u201cestrela guia\u201d da empresa, mas com uma estrat\u00e9gia mais cautelosa at\u00e9 que o mercado e os incentivos voltem a ganhar tra\u00e7\u00e3o.<\/p>\n<div class=\"wp-block-image\">\n<figure class=\"aligncenter size-large\"><img title = \"[Tags]\"loading=\"lazy\" decoding=\"async\" width=\"1024\" height=\"639\" src=\"https:\/\/olhardigital.com.br\/wp-content\/uploads\/2023\/04\/General-Motors-1024x639.jpg\"alt = \"general_motors_gm-1024x683 Crise nos el\u00e9tricos? General Motors reduz ritmo e demite 3 mil trabalhadores nos EUA\" class=\"wp-image-501166\" \/><figcaption class=\"wp-element-caption\"><em>GM pisa no freio da revolu\u00e7\u00e3o el\u00e9trica e corta milhares de empregos &#8211; Imagem: Formatoriginal\/Shutterstock<\/em><\/figcaption><\/figure>\n<\/div>\n<p>O post Crise nos el\u00e9tricos? General Motors reduz ritmo e demite 3 mil trabalhadores nos EUA apareceu primeiro em Olhar Digital.<\/p>\n<p><br \/>\n<br \/><a href=\"https:\/\/olhardigital.com.br\/2025\/10\/29\/carros-e-tecnologia\/crise-nos-eletricos-general-motors-reduz-ritmo-e-demite-3-mil-trabalhadores-nos-eua\/\">Fonte do Artigo <\/a><br \/>\nTags:<\/p>\n<p><a title=\"Gestor de Tr\u00e1fego\" href=\"https:\/\/www.gestor-de-trafego.com\/\" target=\"_blank\"><strong>Gestor de Tr\u00e1fego<\/strong><\/a><\/p>\n<p><a href=\"https:\/\/wiy.com.br\/noticias\/categoria\/tecnologia\/\">#tecnologia<\/a> <a href=\"https:\/\/wiy.com.br\/noticias\/categoria\/tecnologia\/\">#tecnologias<\/a> <a href=\"https:\/\/wiy.com.br\/noticias\/categoria\/tecnologia\/\">#technology<\/a> <a href=\"https:\/\/wiy.com.br\/noticias\/categoria\/tecnologia\/\">#tecnolog<\/a> <a href=\"https:\/\/wiy.com.br\/noticias\/categoria\/tecnologia\/\">#iphone<\/a> <a href=\"https:\/\/wiy.com.br\/noticias\/categoria\/tecnologia\/\">#informatica<\/a> <a href=\"https:\/\/wiy.com.br\/noticias\/categoria\/tecnologia\/\">#tech<\/a> <a href=\"https:\/\/wiy.com.br\/noticias\/categoria\/tecnologia\/\">#design<\/a> <a href=\"https:\/\/wiy.com.br\/noticias\/categoria\/tecnologia\/\">#samsung<\/a> <a href=\"https:\/\/wiy.com.br\/noticias\/categoria\/tecnologia\/\">#internet<\/a> <a href=\"https:\/\/wiy.com.br\/noticias\/categoria\/tecnologia\/\">#apple<\/a> <a href=\"https:\/\/wiy.com.br\/noticias\/categoria\/tecnologia\/\">#smartphone<\/a> <a href=\"https:\/\/wiy.com.br\/noticias\/categoria\/tecnologia\/\">#seguranca<\/a> <a href=\"https:\/\/wiy.com.br\/noticias\/categoria\/tecnologia\/\">#venezuela<\/a> <a href=\"https:\/\/wiy.com.br\/noticias\/categoria\/tecnologia\/\">#celular<\/a> <a href=\"https:\/\/wiy.com.br\/noticias\/categoria\/tecnologia\/\">#celulares<\/a> <a href=\"https:\/\/wiy.com.br\/noticias\/categoria\/tecnologia\/\">#inovar<\/a> <a href=\"https:\/\/wiy.com.br\/noticias\/categoria\/tecnologia\/\">#qualidade<\/a> <a href=\"https:\/\/wiy.com.br\/noticias\/categoria\/tecnologia\/\">#software<\/a> <a href=\"https:\/\/wiy.com.br\/noticias\/categoria\/tecnologia\/\">#empresas<\/a> <a href=\"https:\/\/wiy.com.br\/noticias\/categoria\/tecnologia\/\">#cursos<\/a> <a href=\"https:\/\/wiy.com.br\/noticias\/categoria\/tecnologia\/\">#engenharia<\/a> <a href=\"https:\/\/wiy.com.br\/noticias\/categoria\/tecnologia\/\">#industria<\/a> <a href=\"https:\/\/wiy.com.br\/noticias\/categoria\/tecnologia\/\">#marketing<\/a> <a href=\"https:\/\/wiy.com.br\/noticias\/categoria\/tecnologia\/\">#ti<\/a> <a href=\"https:\/\/wiy.com.br\/noticias\/categoria\/tecnologia\/\">#tecnoblog<\/a> <a href=\"https:\/\/wiy.com.br\/noticias\/categoria\/tecnologia\/\">#veja<\/a> <a href=\"https:\/\/wiy.com.br\/noticias\/categoria\/tecnologia\/\">#olhardigital<\/a> <a href=\"https:\/\/wiy.com.br\/noticias\/categoria\/tecnologia\/\">#mundodigital<\/a> <a href=\"https:\/\/wiy.com.br\/noticias\/categoria\/tecnologia\/\">#inteligenciaartificial<\/a> <a href=\"https:\/\/wiy.com.br\/criacao-de-sites\/\">#criar site<\/a> <a href=\"https:\/\/wiy.com.br\/criacao-de-sites\/\">#criar site curitiba<\/a> <a href=\"https:\/\/wiy.com.br\/criacao-de-sites\/\">#wiysolutions<\/a><\/p>\n<p><a \n#Crise #nos #el\u00e9tricos #General #Motors #reduz #ritmo #demite #mil #trabalhadores #nos #EUA\n<\/p>\n","protected":false},"excerpt":{"rendered":"<p>A General Motors (GM) anunciou uma reestrutura\u00e7\u00e3o significativa em sua divis\u00e3o de ve\u00edculos el\u00e9tricos (EVs), com o corte de mais de 3.300 postos de trabalho em f\u00e1bricas de Michigan, Ohio e Tennessee, conforme revelado pelo Detroit News. A medida reflete a desacelera\u00e7\u00e3o da demanda por el\u00e9tricos ap\u00f3s o fim de subs\u00eddios federais e mudan\u00e7as nas [&hellip;]<\/p>\n","protected":false},"author":1,"featured_media":101396,"comment_status":"open","ping_status":"open","sticky":false,"template":"","format":"standard","meta":{"footnotes":""},"categories":[5],"tags":[],"class_list":["post-101395","post","type-post","status-publish","format-standard","has-post-thumbnail","hentry","category-tecnologia"],"_links":{"self":[{"href":"https:\/\/wiy.com.br\/noticias\/wp-json\/wp\/v2\/posts\/101395","targetHints":{"allow":["GET"]}}],"collection":[{"href":"https:\/\/wiy.com.br\/noticias\/wp-json\/wp\/v2\/posts"}],"about":[{"href":"https:\/\/wiy.com.br\/noticias\/wp-json\/wp\/v2\/types\/post"}],"author":[{"embeddable":true,"href":"https:\/\/wiy.com.br\/noticias\/wp-json\/wp\/v2\/users\/1"}],"replies":[{"embeddable":true,"href":"https:\/\/wiy.com.br\/noticias\/wp-json\/wp\/v2\/comments?post=101395"}],"version-history":[{"count":1,"href":"https:\/\/wiy.com.br\/noticias\/wp-json\/wp\/v2\/posts\/101395\/revisions"}],"predecessor-version":[{"id":101397,"href":"https:\/\/wiy.com.br\/noticias\/wp-json\/wp\/v2\/posts\/101395\/revisions\/101397"}],"wp:featuredmedia":[{"embeddable":true,"href":"https:\/\/wiy.com.br\/noticias\/wp-json\/wp\/v2\/media\/101396"}],"wp:attachment":[{"href":"https:\/\/wiy.com.br\/noticias\/wp-json\/wp\/v2\/media?parent=101395"}],"wp:term":[{"taxonomy":"category","embeddable":true,"href":"https:\/\/wiy.com.br\/noticias\/wp-json\/wp\/v2\/categories?post=101395"},{"taxonomy":"post_tag","embeddable":true,"href":"https:\/\/wiy.com.br\/noticias\/wp-json\/wp\/v2\/tags?post=101395"}],"curies":[{"name":"wp","href":"https:\/\/api.w.org\/{rel}","templated":true}]}}