{"id":10131,"date":"2023-02-26T15:50:45","date_gmt":"2023-02-26T18:50:45","guid":{"rendered":"https:\/\/wiy.com.br\/noticias\/familia-passa-por-sufoco-ate-descobrir-paradeiro-de-vitima-de-tiroteio\/"},"modified":"2019-03-13T20:16:37","modified_gmt":"2019-03-13T23:16:37","slug":"familia-passa-por-sufoco-ate-descobrir-paradeiro-de-vitima-de-tiroteio","status":"publish","type":"post","link":"https:\/\/wiy.com.br\/noticias\/familia-passa-por-sufoco-ate-descobrir-paradeiro-de-vitima-de-tiroteio\/","title":{"rendered":"Fam\u00edlia passa por sufoco at\u00e9 descobrir paradeiro de v\u00edtima de tiroteio"},"content":{"rendered":"<p> <br \/>\n<\/p>\n<p>Ap\u00f3s o tiroteio que ocorreu na manh\u00e3 desta quarta-feira (13) na Escola Estadual Raul Brasil, em Suzano, na regi\u00e3o metropolitana da capital, uma fam\u00edlia demorou para descobrir o paradeiro de um jovem que estudava na institui\u00e7\u00e3o e faleceu no ataque.<\/p>\n<p>Edilson Gomes de Oliveira, pai do estudante Caio de Oliveira, relata que ficou circulando entre a escola, um Centro de Aten\u00e7\u00e3o Psicossocial (CAPS) e hospitais da regi\u00e3o, at\u00e9 ter not\u00edcias do paradeiro do menino de 15 anos. &#8220;As informa\u00e7\u00f5es n\u00e3o estavam chegando&#8221;, contou ele. A fam\u00edlia s\u00f3 recebeu not\u00edcia da situa\u00e7\u00e3o do jovem por volta das 15h, quando foi avisada que ele estava entre as dez v\u00edtimas.<\/p>\n<p>&#8220;Esse bairro \u00e9 violento, aqui bandido faz o que quer, o que mais precisa acontecer para isso mudar?&#8221;, lamentou Oliveira. &#8220;Quando acontece um caso desses todos aparecem, vem at\u00e9 o governador, mas e na hora de proteger a popula\u00e7\u00e3o?&#8221;<\/p>\n<p>Relembrando momentos com o filho, o pai recordou, emocionado, de um presente que o garoto havia pedido. &#8220;O Caio queria um skate, e eu n\u00e3o dei&#8221;, relembrou o motoqueiro.<\/p>\n<p><br \/>\n<br \/><a href=\"https:\/\/vejasp.abril.com.br\/cidades\/familia-vitima-tiroteio-suzano-escola-suzano\/\">Source link <\/a><\/p>\n","protected":false},"excerpt":{"rendered":"<p>Ap\u00f3s o tiroteio que ocorreu na manh\u00e3 desta quarta-feira (13) na Escola Estadual Raul Brasil, em Suzano, na regi\u00e3o metropolitana da capital, uma fam\u00edlia demorou para descobrir o paradeiro de um jovem que estudava na institui\u00e7\u00e3o e faleceu no ataque. Edilson Gomes de Oliveira, pai do estudante Caio de Oliveira, relata que ficou circulando entre [&hellip;]<\/p>\n","protected":false},"author":1,"featured_media":10132,"comment_status":"open","ping_status":"open","sticky":false,"template":"","format":"standard","meta":{"footnotes":""},"categories":[7],"tags":[],"class_list":["post-10131","post","type-post","status-publish","format-standard","has-post-thumbnail","hentry","category-economia"],"_links":{"self":[{"href":"https:\/\/wiy.com.br\/noticias\/wp-json\/wp\/v2\/posts\/10131","targetHints":{"allow":["GET"]}}],"collection":[{"href":"https:\/\/wiy.com.br\/noticias\/wp-json\/wp\/v2\/posts"}],"about":[{"href":"https:\/\/wiy.com.br\/noticias\/wp-json\/wp\/v2\/types\/post"}],"author":[{"embeddable":true,"href":"https:\/\/wiy.com.br\/noticias\/wp-json\/wp\/v2\/users\/1"}],"replies":[{"embeddable":true,"href":"https:\/\/wiy.com.br\/noticias\/wp-json\/wp\/v2\/comments?post=10131"}],"version-history":[{"count":0,"href":"https:\/\/wiy.com.br\/noticias\/wp-json\/wp\/v2\/posts\/10131\/revisions"}],"wp:featuredmedia":[{"embeddable":true,"href":"https:\/\/wiy.com.br\/noticias\/wp-json\/wp\/v2\/media\/10132"}],"wp:attachment":[{"href":"https:\/\/wiy.com.br\/noticias\/wp-json\/wp\/v2\/media?parent=10131"}],"wp:term":[{"taxonomy":"category","embeddable":true,"href":"https:\/\/wiy.com.br\/noticias\/wp-json\/wp\/v2\/categories?post=10131"},{"taxonomy":"post_tag","embeddable":true,"href":"https:\/\/wiy.com.br\/noticias\/wp-json\/wp\/v2\/tags?post=10131"}],"curies":[{"name":"wp","href":"https:\/\/api.w.org\/{rel}","templated":true}]}}