{"id":101235,"date":"2025-10-27T14:26:43","date_gmt":"2025-10-27T17:26:43","guid":{"rendered":"https:\/\/wiy.com.br\/noticias\/estacao-varginha-da-linha-9-esmeralda-comeca-a-operar-em-horario-integral\/"},"modified":"2025-10-27T14:26:43","modified_gmt":"2025-10-27T17:26:43","slug":"estacao-varginha-da-linha-9-esmeralda-comeca-a-operar-em-horario-integral","status":"publish","type":"post","link":"https:\/\/wiy.com.br\/noticias\/estacao-varginha-da-linha-9-esmeralda-comeca-a-operar-em-horario-integral\/","title":{"rendered":"Esta\u00e7\u00e3o Varginha da Linha 9-Esmeralda come\u00e7a a operar em hor\u00e1rio integral"},"content":{"rendered":"<p> <br \/>\n<br \/><img title = \"[Tags]\"alt = \"WhatsApp-Image-2025-01-27-at-14.10.56-1 Esta\u00e7\u00e3o Varginha da Linha 9-Esmeralda come\u00e7a a operar em hor\u00e1rio integral\"decoding=\"async\" src=\"https:\/\/vejasp.abril.com.br\/wp-content\/uploads\/2025\/01\/WhatsApp-Image-2025-01-27-at-14.10.56-1.jpeg\" \/><\/p>\n<p>Inaugurada em 27 de janeiro deste ano, a esta\u00e7\u00e3o Varginha come\u00e7ou a operar em hor\u00e1rio integral, das 4h \u00e0 meia-noite, com viagens diretas at\u00e9 a esta\u00e7\u00e3o Osasco e cobran\u00e7a de tarifa, desde o \u00faltimo s\u00e1bado (25).<\/p>\n<p>O in\u00edcio da opera\u00e7\u00e3o estava previsto para no m\u00e1ximo 90 dias ap\u00f3s a inaugura\u00e7\u00e3o da esta\u00e7\u00e3o, no entanto, esse prazo se triplicou e come\u00e7ou depois de 270 dias. At\u00e9 ent\u00e3o, a esta\u00e7\u00e3o seguia em opera\u00e7\u00e3o assistida com monitoramento dos sistemas, equipamentos e instala\u00e7\u00f5es e funcionamento reduzido.<\/p>\n<div class=\"noreadme-audima ads video-ads\">\n<div class=\"abrAD\" data-format=\"intext_video\"><\/div>\n<\/div>\n<p>A reportagem entrou em contato com o Governo do Estado de S\u00e3o Paulo para obter explica\u00e7\u00f5es sobre o atraso, mas n\u00e3o obteve resposta at\u00e9 o momento da publica\u00e7\u00e3o da mat\u00e9ria.<\/p>\n<p>A concession\u00e1ria ViaMobilidade, operadora da linha, informa que, desde sua inaugura\u00e7\u00e3o, a esta\u00e7\u00e3o registrou cerca de 37 mil embarques. Com o in\u00edcio da opera\u00e7\u00e3o integral, espera-se 26 mil passageiros por dia \u00fatil.<\/p>\n<h3>Hist\u00f3rico de atrasos<\/h3>\n<p>A Esta\u00e7\u00e3o Varginha da Linha 9-Esmeralda de trens metropolitanos foi inaugurada em janeiro, ap\u00f3s dez anos de atraso nas obras e ainda inacabada. As obras come\u00e7aram em 2013 e deveriam ter sido entregues em 2025.<\/p>\n<div class=\"ads post-ads noreadme-audima\">\n    <span class=\"title\">Continua ap\u00f3s a publicidade<\/span><\/p>\n<div class=\"abrAD\" data-format=\"intext\"><\/div>\n<\/div>\n<p>A constru\u00e7\u00e3o da Esta\u00e7\u00e3o Varginha faz parte do projeto de expans\u00e3o da Linha 9-Esmeralda para ampliar as op\u00e7\u00f5es de mobilidade e transporte p\u00fablico aos moradores da regi\u00e3o. Tamb\u00e9m fazem parte do projeto as esta\u00e7\u00f5es Bruno Covas\/Mendes-Vila Natal e Jo\u00e3o Dias, ambas j\u00e1 entregues.<\/p>\n<div id=\"relacionadas\" class=\"block noreadme-audima three_columns\">\n<ul class=\"block-menu\">\n<li data-tab=\"tab-1\" class=\"active\">Relacionadas<\/li>\n<\/ul>\n<div id=\"tab-1\" class=\"block-content active\">\n<ul class=\"relacionadas-s-img\">\n<li class=\"widget-news-item without-thumb with-border\">\n<div class=\"widget-news-info\"><a href=\"\/cidades\">Cidades<\/a><span class=\"widget-news-item-title\"><a href=\"https:\/\/vejasp.abril.com.br\/cidades\/linha-19-celeste-metro-sp-guarulhos-35-minutos\/\">Linha 19-Celeste do Metr\u00f4 promete ligar S\u00e3o Paulo a Guarulhos em 35 minutos<\/a><\/span><span class=\"widget-news-item-date\">28 set 2025 &#8211; 13h09<\/span><\/div>\n<\/li>\n<li class=\"widget-news-item without-thumb with-border\">\n<div class=\"widget-news-info\"><a href=\"\/cidades\">Cidades<\/a><span class=\"widget-news-item-title\"><a href=\"https:\/\/vejasp.abril.com.br\/cidades\/cptm-anuncia-planos-de-reforma-na-estacao-bras\/\">CPTM anuncia planos de reforma na esta\u00e7\u00e3o Br\u00e1s<\/a><\/span><span class=\"widget-news-item-date\">21 out 2025 &#8211; 13h10<\/span><\/div>\n<\/li>\n<\/ul>\n<\/div>\n<\/div>\n<div class=\"ads after-text noreadme-audima\">\n    <span class=\"title\">Publicidade<\/span><\/p>\n<div class=\"abrAD\" data-format=\"aftertext\" data-mapping=\"intext\"><\/div>\n<\/div>\n<p><br \/>\n<br \/><a href=\"https:\/\/vejasp.abril.com.br\/cidades\/estacao-varginha-da-linha-9-esmeralda-comeca-a-operar-em-horario-integral\/\">Fonte do Artigo <\/a><br \/>\nTags:<br \/>\n#loterias #loteriascaixa #megasena #resultadoapostas#noticias #noticiario  #noticia #brasil #noticiascolombia #mundo #esporte #colombia #noticiadeld #ltimasnoticias  #noticiario #noticiasregionales #noticiasdepartamentales #noticiashoy #esportes #noticiaahora #elinformantenoticias #noticiasdeboyac  #esporteinterativo #esportivo #diariodosesportes  #noticiero  #jogodefutebol #jogos #loto #apostas<\/p>\n","protected":false},"excerpt":{"rendered":"<p>Inaugurada em 27 de janeiro deste ano, a esta\u00e7\u00e3o Varginha come\u00e7ou a operar em hor\u00e1rio integral, das 4h \u00e0 meia-noite, com viagens diretas at\u00e9 a esta\u00e7\u00e3o Osasco e cobran\u00e7a de tarifa, desde o \u00faltimo s\u00e1bado (25). O in\u00edcio da opera\u00e7\u00e3o estava previsto para no m\u00e1ximo 90 dias ap\u00f3s a inaugura\u00e7\u00e3o da esta\u00e7\u00e3o, no entanto, esse [&hellip;]<\/p>\n","protected":false},"author":1,"featured_media":101236,"comment_status":"open","ping_status":"open","sticky":false,"template":"","format":"standard","meta":{"footnotes":""},"categories":[1],"tags":[],"class_list":["post-101235","post","type-post","status-publish","format-standard","has-post-thumbnail","hentry","category-curso-de-copy"],"_links":{"self":[{"href":"https:\/\/wiy.com.br\/noticias\/wp-json\/wp\/v2\/posts\/101235","targetHints":{"allow":["GET"]}}],"collection":[{"href":"https:\/\/wiy.com.br\/noticias\/wp-json\/wp\/v2\/posts"}],"about":[{"href":"https:\/\/wiy.com.br\/noticias\/wp-json\/wp\/v2\/types\/post"}],"author":[{"embeddable":true,"href":"https:\/\/wiy.com.br\/noticias\/wp-json\/wp\/v2\/users\/1"}],"replies":[{"embeddable":true,"href":"https:\/\/wiy.com.br\/noticias\/wp-json\/wp\/v2\/comments?post=101235"}],"version-history":[{"count":0,"href":"https:\/\/wiy.com.br\/noticias\/wp-json\/wp\/v2\/posts\/101235\/revisions"}],"wp:featuredmedia":[{"embeddable":true,"href":"https:\/\/wiy.com.br\/noticias\/wp-json\/wp\/v2\/media\/101236"}],"wp:attachment":[{"href":"https:\/\/wiy.com.br\/noticias\/wp-json\/wp\/v2\/media?parent=101235"}],"wp:term":[{"taxonomy":"category","embeddable":true,"href":"https:\/\/wiy.com.br\/noticias\/wp-json\/wp\/v2\/categories?post=101235"},{"taxonomy":"post_tag","embeddable":true,"href":"https:\/\/wiy.com.br\/noticias\/wp-json\/wp\/v2\/tags?post=101235"}],"curies":[{"name":"wp","href":"https:\/\/api.w.org\/{rel}","templated":true}]}}