{"id":101080,"date":"2025-10-25T16:38:37","date_gmt":"2025-10-25T19:38:37","guid":{"rendered":"https:\/\/wiy.com.br\/noticias\/nono-suspeito-de-assassinar-ex-delegado-ruy-ferraz-e-preso\/"},"modified":"2025-10-25T16:38:37","modified_gmt":"2025-10-25T19:38:37","slug":"nono-suspeito-de-assassinar-ex-delegado-ruy-ferraz-e-preso","status":"publish","type":"post","link":"https:\/\/wiy.com.br\/noticias\/nono-suspeito-de-assassinar-ex-delegado-ruy-ferraz-e-preso\/","title":{"rendered":"Nono suspeito de assassinar ex-delegado Ruy Ferraz \u00e9 preso"},"content":{"rendered":"<p> <br \/>\n<br \/><img title = \"[Tags]\"alt = \"ruy-ferraz-fontes-1024x683-1 Nono suspeito de assassinar ex-delegado Ruy Ferraz \u00e9 preso\"decoding=\"async\" src=\"https:\/\/vejasp.abril.com.br\/wp-content\/uploads\/2025\/09\/ruy-ferraz-fontes-1024x683-1.jpg\" \/><\/p>\n<p>Um homem de 38 anos foi preso nesta sexta (24) por envolvimento no homic\u00eddio do ex-delegado geral Ruy Ferraz, que aconteceu no m\u00eas de setembro no munic\u00edpio de Praia Grande.<\/p>\n<p>O homem foi capturado pelo Departamento Estadual de Homic\u00eddios e de Prote\u00e7\u00e3o \u00e0 Pessoa (DHPP)<span> no Jardim Shangril\u00e1, zona sul da capital paulista. Ele foi identificado como o dono de uma segunda casa na Praia Grande, utilizada pelos criminosos durante a elabora\u00e7\u00e3o do plano que matou o ex-delegado, segundo a Secretaria de Seguran\u00e7a P\u00fablica (SSP). <\/span><\/p>\n<div class=\"noreadme-audima ads video-ads\">\n<div class=\"abrAD\" data-format=\"intext_video\"><\/div>\n<\/div>\n<p><span>At\u00e9 o momento, nove envolvidos est\u00e3o presos, dois est\u00e3o foragidos e um morreu em abordagem policial.<\/span><\/p>\n<h3>Relembre o caso<\/h3>\n<p>No dia 15 de setembro, o ex-delegado geral Ruy Ferraz Fontes foi assassinado em uma emboscada. Imagens de c\u00e2meras de seguran\u00e7a registraram o momento em que o ve\u00edculo de Ruy aparece sendo seguido por outro carro, no qual estavam os criminosos. Em seguida, o carro de Ruy bate contra um \u00f4nibus e os agressores saem do ve\u00edculo armados e atiram na v\u00edtima.<\/p>\n<p>Segundo o Secret\u00e1rio de Seguran\u00e7a P\u00fablica de S\u00e3o Paulo, Guilherme Derrite, n\u00e3o resta d\u00favidas sobre a participa\u00e7\u00e3o da fac\u00e7\u00e3o criminosa Primeiro Comando da Capital no assassinato. \u201cA d\u00favida \u00e9 se a execu\u00e7\u00e3o foi motivada por conta da combate ao crime organizado durante toda a carreira do delegado ou por conta de uma atual atua\u00e7\u00e3o como secret\u00e1rio municipal em Praia Grande\u201d, disse.<\/p>\n<div class=\"box-app-phone-share noreadme-audima\">\n<div class=\"title-phone-share\">Compartilhe essa mat\u00e9ria via:<\/div>\n<div class=\"buttoms-phone-share\">\n\t\t<a class=\"whatsapp\" id=\"whatsappShare\" rel=\"nofollow\" aria-label=\"Compartilhe no Whatsapp\" target=\"_blank\" href=\"https:\/\/api.whatsapp.com\/send?text=https:\/\/vejasp.abril.com.br\/cidades\/nono-suspeito-de-assassinar-ex-delegado-ruy-ferraz-e-preso\/?utm_medium=whatsapp&amp;utm_source=shortcode_vejinhas\"><span>WhatsAPP<\/span><\/a><br \/>\n\t\t<a class=\"telegram\" id=\"telegramShare\" rel=\"nofollow\" aria-label=\"Compartilhe no Telegram\" target=\"_blank\" href=\"https:\/\/telegram.me\/share\/url?url=https:\/\/vejasp.abril.com.br\/cidades\/nono-suspeito-de-assassinar-ex-delegado-ruy-ferraz-e-preso\/?utm_medium=telegram&amp;utm_source=shortcode_vejinhas\"><span>Telegram<\/span><\/a>\n\t\t<\/div>\n<\/p><\/div>\n<div class=\"ads after-text noreadme-audima\">\n    <span class=\"title\">Publicidade<\/span><\/p>\n<div class=\"abrAD\" data-format=\"aftertext\" data-mapping=\"intext\"><\/div>\n<\/div>\n<p><br \/>\n<br \/><a href=\"https:\/\/vejasp.abril.com.br\/cidades\/nono-suspeito-de-assassinar-ex-delegado-ruy-ferraz-e-preso\/\">Fonte do Artigo <\/a><br \/>\nTags:<br \/>\n#loterias #loteriascaixa #megasena #resultadoapostas#noticias #noticiario  #noticia #brasil #noticiascolombia #mundo #esporte #colombia #noticiadeld #ltimasnoticias  #noticiario #noticiasregionales #noticiasdepartamentales #noticiashoy #esportes #noticiaahora #elinformantenoticias #noticiasdeboyac  #esporteinterativo #esportivo #diariodosesportes  #noticiero  #jogodefutebol #jogos #loto #apostas<\/p>\n","protected":false},"excerpt":{"rendered":"<p>Um homem de 38 anos foi preso nesta sexta (24) por envolvimento no homic\u00eddio do ex-delegado geral Ruy Ferraz, que aconteceu no m\u00eas de setembro no munic\u00edpio de Praia Grande. O homem foi capturado pelo Departamento Estadual de Homic\u00eddios e de Prote\u00e7\u00e3o \u00e0 Pessoa (DHPP) no Jardim Shangril\u00e1, zona sul da capital paulista. Ele foi [&hellip;]<\/p>\n","protected":false},"author":1,"featured_media":98416,"comment_status":"open","ping_status":"open","sticky":false,"template":"","format":"standard","meta":{"footnotes":""},"categories":[1],"tags":[],"class_list":["post-101080","post","type-post","status-publish","format-standard","has-post-thumbnail","hentry","category-curso-de-copy"],"_links":{"self":[{"href":"https:\/\/wiy.com.br\/noticias\/wp-json\/wp\/v2\/posts\/101080","targetHints":{"allow":["GET"]}}],"collection":[{"href":"https:\/\/wiy.com.br\/noticias\/wp-json\/wp\/v2\/posts"}],"about":[{"href":"https:\/\/wiy.com.br\/noticias\/wp-json\/wp\/v2\/types\/post"}],"author":[{"embeddable":true,"href":"https:\/\/wiy.com.br\/noticias\/wp-json\/wp\/v2\/users\/1"}],"replies":[{"embeddable":true,"href":"https:\/\/wiy.com.br\/noticias\/wp-json\/wp\/v2\/comments?post=101080"}],"version-history":[{"count":0,"href":"https:\/\/wiy.com.br\/noticias\/wp-json\/wp\/v2\/posts\/101080\/revisions"}],"wp:featuredmedia":[{"embeddable":true,"href":"https:\/\/wiy.com.br\/noticias\/wp-json\/wp\/v2\/media\/98416"}],"wp:attachment":[{"href":"https:\/\/wiy.com.br\/noticias\/wp-json\/wp\/v2\/media?parent=101080"}],"wp:term":[{"taxonomy":"category","embeddable":true,"href":"https:\/\/wiy.com.br\/noticias\/wp-json\/wp\/v2\/categories?post=101080"},{"taxonomy":"post_tag","embeddable":true,"href":"https:\/\/wiy.com.br\/noticias\/wp-json\/wp\/v2\/tags?post=101080"}],"curies":[{"name":"wp","href":"https:\/\/api.w.org\/{rel}","templated":true}]}}