{"id":101004,"date":"2025-10-24T13:16:48","date_gmt":"2025-10-24T16:16:48","guid":{"rendered":"https:\/\/wiy.com.br\/noticias\/baleia-ameacada-de-extincao-esta-dando-a-volta-por-cima\/"},"modified":"2025-10-24T13:16:58","modified_gmt":"2025-10-24T16:16:58","slug":"baleia-ameacada-de-extincao-esta-dando-a-volta-por-cima","status":"publish","type":"post","link":"https:\/\/wiy.com.br\/noticias\/baleia-ameacada-de-extincao-esta-dando-a-volta-por-cima\/","title":{"rendered":"Baleia amea\u00e7ada de extin\u00e7\u00e3o est\u00e1 dando a volta por cima"},"content":{"rendered":"<p> <br \/>\n<\/p>\n<p>A baleia-franca-do-atl\u00e2ntico-norte (Eubalaena glacialis) \u00e9 considerada criticamente em perigo de extin\u00e7\u00e3o.\u00a0As principais amea\u00e7as s\u00e3o o emaranhamento em equipamentos de pesca, colis\u00f5es com embarca\u00e7\u00f5es e as mudan\u00e7as clim\u00e1ticas que afetam suas fontes de alimento.<\/p>\n<p>A boa not\u00edcia, no entanto, \u00e9 que a popula\u00e7\u00e3o destes enormes mam\u00edferos tem voltado a crescer nos \u00faltimos anos. S\u00e3o n\u00fameros que revelam alguns sinais de uma lenta, mas importante recupera\u00e7\u00e3o da esp\u00e9cie.<\/p>\n<div class=\"wp-block-image\">\n<figure class=\"aligncenter size-full\"><figcaption class=\"wp-element-caption\">Foram oito novos filhotes no ano passado (Imagem: Foto 4440\/Shutterstock)<\/figcaption><\/figure>\n<\/div>\n<h2 class=\"wp-block-heading\" id=\"h-populacao-subiu-para-384-baleias\"><strong>Popula\u00e7\u00e3o subiu para 384 baleias<\/strong><\/h2>\n<p>De acordo com informa\u00e7\u00f5es do portal <a href=\"https:\/\/www.sciencealert.com\/one-of-the-most-endangered-whales-is-swimming-back-from-the-brink-of-extinction\" target=\"_blank\" rel=\"noreferrer noopener\">ScienceAlert<\/a>, a popula\u00e7\u00e3o destas baleias aumentou pouco mais de 2% em 2024 em compara\u00e7\u00e3o com os dados de 2023. Foram oito novos filhotes, elevando o n\u00famero total de animais para cerca de 384. <\/p>\n<p>Embora os n\u00fameros sejam pequenos, essa \u00e9 considerada uma importante reviravolta para a esp\u00e9cie. Desde 2020, a quantidade de baleias-francas-do-atl\u00e2ntico-norte aumentou mais de 7%. Na d\u00e9cada anterior, por outro lado, a popula\u00e7\u00e3o havia despencado cerca de 25%.<\/p>\n<div class=\"wp-block-image\">\n<figure class=\"aligncenter size-full\"><img title = \"[Tags]\"loading=\"lazy\" decoding=\"async\" width=\"1000\" height=\"562\" src=\"https:\/\/olhardigital.com.br\/wp-content\/uploads\/2025\/10\/baliea.jpg\"alt = \"baliea Baleia amea\u00e7ada de extin\u00e7\u00e3o est\u00e1 dando a volta por cima\" class=\"wp-image-1206400\" \/><figcaption class=\"wp-element-caption\">Esp\u00e9cie mostra sinais de recupera\u00e7\u00e3o (Imagem: Foto 4440\/Shutterstock)<\/figcaption><\/figure>\n<\/div>\n<blockquote class=\"wp-block-quote is-layout-flow wp-block-quote-is-layout-flow\">\n<p>\u00c9 sempre uma \u00f3tima sensa\u00e7\u00e3o quando podemos compartilhar not\u00edcias positivas sobre essa esp\u00e9cie criticamente amea\u00e7ada. O ligeiro aumento na estimativa da popula\u00e7\u00e3o, juntamente com nenhuma mortalidade detectada e menos ferimentos detectados do que nos \u00faltimos anos, nos deixa cautelosamente otimistas sobre o futuro das baleias-francas-do-atl\u00e2ntico-norte.<\/p>\n<p><cite>Heather Pettis, l\u00edder do programa de pesquisa de baleias francas no Aqu\u00e1rio da Nova Inglaterra<\/cite><\/p><\/blockquote>\n<p>Apesar da recupera\u00e7\u00e3o, ainda h\u00e1 muito a ser feito. Mesmo que n\u00e3o tenham sido registradas novas mortes, muitas baleias est\u00e3o\u00a0feridas ou apresentam s\u00e9rios problemas de sa\u00fade. Al\u00e9m disso, a taxa de novos nascimentos \u00e9 baixa.<\/p>\n<p><strong>Leia mais<\/strong><\/p>\n<ul>\n<li>Cabos de fibra \u00f3ptica podem salvar orcas amea\u00e7adas de extin\u00e7\u00e3o<\/li>\n<li>Baleias-jubarte t\u00eam vis\u00e3o ruim \u2013 e isso pode custar caro!<\/li>\n<li>Arp\u00e3o de pesca \u00e9 encontrado em mam\u00edfero mais velho do mundo<\/li>\n<\/ul>\n<div class=\"wp-block-image\">\n<figure class=\"aligncenter size-full\"><img title = \"[Tags]\"loading=\"lazy\" decoding=\"async\" width=\"1000\" height=\"669\" src=\"https:\/\/olhardigital.com.br\/wp-content\/uploads\/2025\/10\/baleia-1.jpg\"alt = \"baliea Baleia amea\u00e7ada de extin\u00e7\u00e3o est\u00e1 dando a volta por cima\" class=\"wp-image-1206399\" \/><figcaption class=\"wp-element-caption\">Baleias ainda continuam amea\u00e7adas (Imagem: Foto 4440\/Shutterstock)<\/figcaption><\/figure>\n<\/div>\n<h2 class=\"wp-block-heading\" id=\"h-ameacas-ainda-existem\"><strong>Amea\u00e7as ainda existem<\/strong><\/h2>\n<ul>\n<li>No in\u00edcio da d\u00e9cada de 1890, a esp\u00e9cie foi ca\u00e7ada quase at\u00e9 a extin\u00e7\u00e3o.<\/li>\n<li>Hoje, a popula\u00e7\u00e3o destes mam\u00edferos est\u00e1 protegida, mas ainda enfrenta muitas amea\u00e7as. <\/li>\n<li>As baleias correm o risco de morrer por colis\u00f5es com embarca\u00e7\u00f5es e por\u00a0emaranhamento\u00a0em equipamentos de pesca.<\/li>\n<li>De acordo com a organiza\u00e7\u00e3o ambiental sem fins lucrativos Oceana, a cada ano, estes materiais envolvem cerca\u00a0de um quarto da popula\u00e7\u00e3o de baleias-francas-do-atl\u00e2ntico-norte\u00a0nos EUA e Canad\u00e1.\u00a0<\/li>\n<li>As mudan\u00e7as clim\u00e1ticas tamb\u00e9m impactam estes animais, reduzindo a quantidade de alimento dispon\u00edvel.<\/li>\n<li>Em resumo, os trabalhos de conserva\u00e7\u00e3o n\u00e3o podem parar.<\/li>\n<\/ul>\n<p>O post Baleia amea\u00e7ada de extin\u00e7\u00e3o est\u00e1 dando a volta por cima apareceu primeiro em Olhar Digital.<\/p>\n<p><br \/>\n<br \/><a href=\"https:\/\/olhardigital.com.br\/2025\/10\/24\/ciencia-e-espaco\/baleia-ameacada-de-extincao-esta-dando-a-volta-por-cima\/\">Fonte do Artigo <\/a><br \/>\nTags:<\/p>\n<p><a title=\"Gestor de Tr\u00e1fego\" href=\"https:\/\/www.gestor-de-trafego.com\/\" target=\"_blank\"><strong>Gestor de Tr\u00e1fego<\/strong><\/a><\/p>\n<p><a href=\"https:\/\/wiy.com.br\/noticias\/categoria\/tecnologia\/\">#tecnologia<\/a> <a href=\"https:\/\/wiy.com.br\/noticias\/categoria\/tecnologia\/\">#tecnologias<\/a> <a href=\"https:\/\/wiy.com.br\/noticias\/categoria\/tecnologia\/\">#technology<\/a> <a href=\"https:\/\/wiy.com.br\/noticias\/categoria\/tecnologia\/\">#tecnolog<\/a> <a href=\"https:\/\/wiy.com.br\/noticias\/categoria\/tecnologia\/\">#iphone<\/a> <a href=\"https:\/\/wiy.com.br\/noticias\/categoria\/tecnologia\/\">#informatica<\/a> <a href=\"https:\/\/wiy.com.br\/noticias\/categoria\/tecnologia\/\">#tech<\/a> <a href=\"https:\/\/wiy.com.br\/noticias\/categoria\/tecnologia\/\">#design<\/a> <a href=\"https:\/\/wiy.com.br\/noticias\/categoria\/tecnologia\/\">#samsung<\/a> <a href=\"https:\/\/wiy.com.br\/noticias\/categoria\/tecnologia\/\">#internet<\/a> <a href=\"https:\/\/wiy.com.br\/noticias\/categoria\/tecnologia\/\">#apple<\/a> <a href=\"https:\/\/wiy.com.br\/noticias\/categoria\/tecnologia\/\">#smartphone<\/a> <a href=\"https:\/\/wiy.com.br\/noticias\/categoria\/tecnologia\/\">#seguranca<\/a> <a href=\"https:\/\/wiy.com.br\/noticias\/categoria\/tecnologia\/\">#venezuela<\/a> <a href=\"https:\/\/wiy.com.br\/noticias\/categoria\/tecnologia\/\">#celular<\/a> <a href=\"https:\/\/wiy.com.br\/noticias\/categoria\/tecnologia\/\">#celulares<\/a> <a href=\"https:\/\/wiy.com.br\/noticias\/categoria\/tecnologia\/\">#inovar<\/a> <a href=\"https:\/\/wiy.com.br\/noticias\/categoria\/tecnologia\/\">#qualidade<\/a> <a href=\"https:\/\/wiy.com.br\/noticias\/categoria\/tecnologia\/\">#software<\/a> <a href=\"https:\/\/wiy.com.br\/noticias\/categoria\/tecnologia\/\">#empresas<\/a> <a href=\"https:\/\/wiy.com.br\/noticias\/categoria\/tecnologia\/\">#cursos<\/a> <a href=\"https:\/\/wiy.com.br\/noticias\/categoria\/tecnologia\/\">#engenharia<\/a> <a href=\"https:\/\/wiy.com.br\/noticias\/categoria\/tecnologia\/\">#industria<\/a> <a href=\"https:\/\/wiy.com.br\/noticias\/categoria\/tecnologia\/\">#marketing<\/a> <a href=\"https:\/\/wiy.com.br\/noticias\/categoria\/tecnologia\/\">#ti<\/a> <a href=\"https:\/\/wiy.com.br\/noticias\/categoria\/tecnologia\/\">#tecnoblog<\/a> <a href=\"https:\/\/wiy.com.br\/noticias\/categoria\/tecnologia\/\">#veja<\/a> <a href=\"https:\/\/wiy.com.br\/noticias\/categoria\/tecnologia\/\">#olhardigital<\/a> <a href=\"https:\/\/wiy.com.br\/noticias\/categoria\/tecnologia\/\">#mundodigital<\/a> <a href=\"https:\/\/wiy.com.br\/noticias\/categoria\/tecnologia\/\">#inteligenciaartificial<\/a> <a href=\"https:\/\/wiy.com.br\/criacao-de-sites\/\">#criar site<\/a> <a href=\"https:\/\/wiy.com.br\/criacao-de-sites\/\">#criar site curitiba<\/a> <a href=\"https:\/\/wiy.com.br\/criacao-de-sites\/\">#wiysolutions<\/a><\/p>\n<p><a \n#Baleia #amea\u00e7ada #extin\u00e7\u00e3o #est\u00e1 #dando #volta #por #cima\n<\/p>\n","protected":false},"excerpt":{"rendered":"<p>A baleia-franca-do-atl\u00e2ntico-norte (Eubalaena glacialis) \u00e9 considerada criticamente em perigo de extin\u00e7\u00e3o.\u00a0As principais amea\u00e7as s\u00e3o o emaranhamento em equipamentos de pesca, colis\u00f5es com embarca\u00e7\u00f5es e as mudan\u00e7as clim\u00e1ticas que afetam suas fontes de alimento. A boa not\u00edcia, no entanto, \u00e9 que a popula\u00e7\u00e3o destes enormes mam\u00edferos tem voltado a crescer nos \u00faltimos anos. S\u00e3o n\u00fameros que [&hellip;]<\/p>\n","protected":false},"author":1,"featured_media":101005,"comment_status":"open","ping_status":"open","sticky":false,"template":"","format":"standard","meta":{"footnotes":""},"categories":[5],"tags":[],"class_list":["post-101004","post","type-post","status-publish","format-standard","has-post-thumbnail","hentry","category-tecnologia"],"_links":{"self":[{"href":"https:\/\/wiy.com.br\/noticias\/wp-json\/wp\/v2\/posts\/101004","targetHints":{"allow":["GET"]}}],"collection":[{"href":"https:\/\/wiy.com.br\/noticias\/wp-json\/wp\/v2\/posts"}],"about":[{"href":"https:\/\/wiy.com.br\/noticias\/wp-json\/wp\/v2\/types\/post"}],"author":[{"embeddable":true,"href":"https:\/\/wiy.com.br\/noticias\/wp-json\/wp\/v2\/users\/1"}],"replies":[{"embeddable":true,"href":"https:\/\/wiy.com.br\/noticias\/wp-json\/wp\/v2\/comments?post=101004"}],"version-history":[{"count":1,"href":"https:\/\/wiy.com.br\/noticias\/wp-json\/wp\/v2\/posts\/101004\/revisions"}],"predecessor-version":[{"id":101006,"href":"https:\/\/wiy.com.br\/noticias\/wp-json\/wp\/v2\/posts\/101004\/revisions\/101006"}],"wp:featuredmedia":[{"embeddable":true,"href":"https:\/\/wiy.com.br\/noticias\/wp-json\/wp\/v2\/media\/101005"}],"wp:attachment":[{"href":"https:\/\/wiy.com.br\/noticias\/wp-json\/wp\/v2\/media?parent=101004"}],"wp:term":[{"taxonomy":"category","embeddable":true,"href":"https:\/\/wiy.com.br\/noticias\/wp-json\/wp\/v2\/categories?post=101004"},{"taxonomy":"post_tag","embeddable":true,"href":"https:\/\/wiy.com.br\/noticias\/wp-json\/wp\/v2\/tags?post=101004"}],"curies":[{"name":"wp","href":"https:\/\/api.w.org\/{rel}","templated":true}]}}