{"id":100890,"date":"2025-10-22T21:33:04","date_gmt":"2025-10-23T00:33:04","guid":{"rendered":"https:\/\/wiy.com.br\/noticias\/em-ano-de-cop-relatorio-mostra-como-pecuaria-ilegal-devasta-amazonia\/"},"modified":"2025-10-22T21:33:25","modified_gmt":"2025-10-23T00:33:25","slug":"em-ano-de-cop-relatorio-mostra-como-pecuaria-ilegal-devasta-amazonia","status":"publish","type":"post","link":"https:\/\/wiy.com.br\/noticias\/em-ano-de-cop-relatorio-mostra-como-pecuaria-ilegal-devasta-amazonia\/","title":{"rendered":"Em ano de COP, relat\u00f3rio mostra como pecu\u00e1ria ilegal devasta Amaz\u00f4nia"},"content":{"rendered":"<p> <br \/>\n<\/p>\n<p>Fazendeiros se apropriam ilegalmente de terras de pequenos agricultores e povos ind\u00edgenas no Par\u00e1, estado que sediar\u00e1 a COP30 em novembro. <\/p>\n<p>De acordo com o <a href=\"https:\/\/www.hrw.org\/pt\/news\/2025\/10\/15\/brazil-illegal-ranches-devastate-rainforest-livelihoods\" target=\"_blank\" rel=\"noreferrer noopener\">relat\u00f3rio<\/a> divulgado pela ONG <em>Human Rights Watch<\/em>, a pecu\u00e1ria ilegal se apossou de territ\u00f3rios do projeto de desenvolvimento sustent\u00e1vel &#8220;Terra Nossa&#8221; e da &#8220;Terra Ind\u00edgena Cachoeira Seca&#8221; para criar gado que, posteriormente, foi vendido para frigor\u00edficos da JBS, maior produtora de carne do mundo.<\/p>\n<p>O programa &#8220;Terra Nossa&#8221; foi criado em 2006 pelo Instituto Nacional de Coloniza\u00e7\u00e3o e Reforma Agr\u00e1ria (INCRA) para fam\u00edlias cultivarem a terra, colherem frutas e castanhas, vendendo seus produtos nos mercados locais. <\/p>\n<p>Naquela \u00e9poca, a cobertura florestal correspondia a 80% do assentamento de 150.000 hectares. Em 2023, 45,3% da \u00e1rea havia sido convertida em pasto \u2013 a\u00e7\u00e3o causada por fazendeiros que invadiram a \u00e1rea ilegalmente e violentamente, segundo o relat\u00f3ro.<\/p>\n<p>J\u00e1 no territ\u00f3rio ind\u00edgena &#8220;Cachoeira Seca&#8221;, fazendeiros est\u00e3o se espalhando pela \u00e1rea de 733.000 hectares, reduzindo a disponibilidade de ca\u00e7a e produtos florestais, restringindo a movimenta\u00e7\u00e3o dos povos ind\u00edgenas em seu pr\u00f3prio territ\u00f3rio e minando seus direitos culturais, diz a ONG. Em 2024, &#8220;Cachoeira Seca&#8221; registrou a maior \u00e1rea desmatada em terras ind\u00edgenas na Amaz\u00f4nia brasileira.<\/p>\n<div class=\"wp-block-image\">\n<figure class=\"aligncenter size-large\"><figcaption class=\"wp-element-caption\">\u00c1reas rurais e ind\u00edgenas s\u00e3o desmatadas para cria\u00e7\u00e3o de gado na Amaz\u00f4nia (Imagem: Reprodu\u00e7\u00e3o)<\/figcaption><\/figure>\n<\/div>\n<h2 class=\"wp-block-heading\" id=\"h-exportacao-para-europa\">Exporta\u00e7\u00e3o para Europa<\/h2>\n<p>A <em>Human Rights Watch<\/em> analisou dados comerciais entre 2020 e 2025 e descobriu que B\u00e9lgica, Dinamarca, Fran\u00e7a, Alemanha, Irlanda, Holanda, Espanha e Su\u00e9cia importaram carne bovina dos munic\u00edpios onde ficam frigor\u00edficos da JBS identificados no levantamento, enquanto a It\u00e1lia foi um dos principais destinos dos produtos de couro.<\/p>\n<p>\u201cCombater o desmatamento e as viola\u00e7\u00f5es de direitos humanos vinculadas com as cadeias de fornecimento de gado \u00e9 uma responsabilidade compartilhada entre vendedores e compradores\u201d, disse Luciana T\u00e9llez Ch\u00e1vez, pesquisadora s\u00eanior de meio ambiente da <em>Human Rights Watch<\/em>. \u201cO Brasil e a UE deveriam trabalhar juntos para proteger a floresta e defender os direitos das comunidades que dependem dela.\u201d<\/p>\n<p>Atualmente, pa\u00edses da Uni\u00e3o Europeia est\u00e3o discutindo o adiamento da aplica\u00e7\u00e3o do Regulamento de Produtos Livres de Desmatamento, que proibiria a comercializa\u00e7\u00e3o de produtos bovinos no mercado da UE se eles fossem origin\u00e1rios de terras desmatadas ap\u00f3s 2020 ou se a produ\u00e7\u00e3o violasse as leis nacionais do pa\u00eds de origem.<\/p>\n<div class=\"wp-block-image\">\n<figure class=\"aligncenter size-large\"><img title = \"[Tags]\"loading=\"lazy\" decoding=\"async\" width=\"1024\" height=\"683\" src=\"https:\/\/img.odcdn.com.br\/wp-content\/uploads\/2025\/10\/gado-desmata-1024x683.jpg\"alt = \"gado-desmata-1024x683 Em ano de COP, relat\u00f3rio mostra como pecu\u00e1ria ilegal devasta Amaz\u00f4nia\" class=\"wp-image-1205490\" \/><figcaption class=\"wp-element-caption\"><em>Governo brasileiro deveria retomar as \u00e1reas ocupadas ilegalmente, diz relat\u00f3rio (Imagem: Rodrigo Vieira Soares\/iStock)<\/em><\/figcaption><\/figure>\n<\/div>\n<p>A medida permitiria que commodities vinculadas ao desmatamento ilegal e viola\u00e7\u00f5es de direitos humanos continuassem entrando no mercado europeu e colocaria em d\u00favida o compromisso do continente de combater sua pegada global de desmatamento, afirmou a <em>Human Rights Watch<\/em>.<\/p>\n<p>J\u00e1 o governo brasileiro deveria retomar as \u00e1reas ocupadas ilegalmente pelas fazendas e exigir indeniza\u00e7\u00e3o contra os respons\u00e1veis pela ocupa\u00e7\u00e3o e uso ilegais de terras nas comunidades afetadas e acelerar a implementa\u00e7\u00e3o e a aplica\u00e7\u00e3o efetiva de um sistema de rastreabilidade do gado, na opini\u00e3o da ONG.<\/p>\n<p><strong>Leia Mais:<\/strong><\/p>\n<ul>\n<li>Coleiras inteligentes ajudam a monitorar sa\u00fade de vacas<\/li>\n<li>Afinal, restaurar uma floresta d\u00e1 dinheiro? Eis a resposta<\/li>\n<li>Extin\u00e7\u00e3o da Amaz\u00f4nia pode come\u00e7ar ainda neste s\u00e9culo<\/li>\n<\/ul>\n<h2 class=\"wp-block-heading\" id=\"h-o-desafio-do-rastreio\">O desafio do rastreio<\/h2>\n<p>N\u00e3o h\u00e1 exig\u00eancia federal para rastrear o gado individualmente \u00e0 medida que ele passa por v\u00e1rias fazendas no Brasil. E a JBS n\u00e3o rastreia sistematicamente seus fornecedores indiretos e n\u00e3o pode garantir que gado ilegal n\u00e3o tenha entrado em sua cadeia de fornecimento, segundo o relat\u00f3rio.<\/p>\n<p>\u201cA JBS ainda n\u00e3o possui um sistema para rastrear seus fornecedores indiretos de gado, apesar de ter se comprometido a implementar um j\u00e1 em 2011\u201d, disse Luciana T\u00e9llez. \u201cSem ele, a empresa n\u00e3o pode cumprir seu compromisso de eliminar o desmatamento de sua cadeia de abastecimento at\u00e9 o final de 2025.\u201d<\/p>\n<div class=\"wp-block-image\">\n<figure class=\"aligncenter size-large\"><img title = \"[Tags]\"loading=\"lazy\" decoding=\"async\" width=\"1024\" height=\"682\" src=\"https:\/\/img.odcdn.com.br\/wp-content\/uploads\/2025\/10\/JBS-1024x682.jpg\"alt = \"gado-desmata-1024x683 Em ano de COP, relat\u00f3rio mostra como pecu\u00e1ria ilegal devasta Amaz\u00f4nia\" class=\"wp-image-1205495\" \/><figcaption class=\"wp-element-caption\">JBS \u00e9 a maior produtora de carne bovina do mundo (Imagem: Aleksandrkozak\/Shutterstock)<\/figcaption><\/figure>\n<\/div>\n<p>\u00c0 <em>Human Rights Watch<\/em>, a JBS afirmou que monitora as fazendas de seus fornecedores diretos para verificar se eles cumprem sua pol\u00edtica de compras. A empresa tamb\u00e9m afirmou que, a partir de 1\u00ba de janeiro de 2026, ser\u00e1 obrigat\u00f3rio que os fornecedores diretos disponibilizem informa\u00e7\u00f5es sobre sua cadeia de suprimentos.<\/p>\n<p>J\u00e1 o governo do Par\u00e1 anunciou que estabelecer\u00e1 um sistema de rastreabilidade individual de gado at\u00e9 2026, enquanto o governo federal prometeu um plano para implementar um sistema nacional de rastreabilidade individual de gado at\u00e9 2032.<\/p>\n<p>O post Em ano de COP, relat\u00f3rio mostra como pecu\u00e1ria ilegal devasta Amaz\u00f4nia apareceu primeiro em Olhar Digital.<\/p>\n<p><br \/>\n<br \/><a href=\"https:\/\/olhardigital.com.br\/2025\/10\/22\/ciencia-e-espaco\/em-ano-de-cop-relatorio-mostra-como-pecuaria-ilegal-devasta-amazonia\/\">Fonte do Artigo <\/a><br \/>\nTags:<\/p>\n<p><a title=\"Gestor de Tr\u00e1fego\" href=\"https:\/\/www.gestor-de-trafego.com\/\" target=\"_blank\"><strong>Gestor de Tr\u00e1fego<\/strong><\/a><\/p>\n<p><a href=\"https:\/\/wiy.com.br\/noticias\/categoria\/tecnologia\/\">#tecnologia<\/a> <a href=\"https:\/\/wiy.com.br\/noticias\/categoria\/tecnologia\/\">#tecnologias<\/a> <a href=\"https:\/\/wiy.com.br\/noticias\/categoria\/tecnologia\/\">#technology<\/a> <a href=\"https:\/\/wiy.com.br\/noticias\/categoria\/tecnologia\/\">#tecnolog<\/a> <a href=\"https:\/\/wiy.com.br\/noticias\/categoria\/tecnologia\/\">#iphone<\/a> <a href=\"https:\/\/wiy.com.br\/noticias\/categoria\/tecnologia\/\">#informatica<\/a> <a href=\"https:\/\/wiy.com.br\/noticias\/categoria\/tecnologia\/\">#tech<\/a> <a href=\"https:\/\/wiy.com.br\/noticias\/categoria\/tecnologia\/\">#design<\/a> <a href=\"https:\/\/wiy.com.br\/noticias\/categoria\/tecnologia\/\">#samsung<\/a> <a href=\"https:\/\/wiy.com.br\/noticias\/categoria\/tecnologia\/\">#internet<\/a> <a href=\"https:\/\/wiy.com.br\/noticias\/categoria\/tecnologia\/\">#apple<\/a> <a href=\"https:\/\/wiy.com.br\/noticias\/categoria\/tecnologia\/\">#smartphone<\/a> <a href=\"https:\/\/wiy.com.br\/noticias\/categoria\/tecnologia\/\">#seguranca<\/a> <a href=\"https:\/\/wiy.com.br\/noticias\/categoria\/tecnologia\/\">#venezuela<\/a> <a href=\"https:\/\/wiy.com.br\/noticias\/categoria\/tecnologia\/\">#celular<\/a> <a href=\"https:\/\/wiy.com.br\/noticias\/categoria\/tecnologia\/\">#celulares<\/a> <a href=\"https:\/\/wiy.com.br\/noticias\/categoria\/tecnologia\/\">#inovar<\/a> <a href=\"https:\/\/wiy.com.br\/noticias\/categoria\/tecnologia\/\">#qualidade<\/a> <a href=\"https:\/\/wiy.com.br\/noticias\/categoria\/tecnologia\/\">#software<\/a> <a href=\"https:\/\/wiy.com.br\/noticias\/categoria\/tecnologia\/\">#empresas<\/a> <a href=\"https:\/\/wiy.com.br\/noticias\/categoria\/tecnologia\/\">#cursos<\/a> <a href=\"https:\/\/wiy.com.br\/noticias\/categoria\/tecnologia\/\">#engenharia<\/a> <a href=\"https:\/\/wiy.com.br\/noticias\/categoria\/tecnologia\/\">#industria<\/a> <a href=\"https:\/\/wiy.com.br\/noticias\/categoria\/tecnologia\/\">#marketing<\/a> <a href=\"https:\/\/wiy.com.br\/noticias\/categoria\/tecnologia\/\">#ti<\/a> <a href=\"https:\/\/wiy.com.br\/noticias\/categoria\/tecnologia\/\">#tecnoblog<\/a> <a href=\"https:\/\/wiy.com.br\/noticias\/categoria\/tecnologia\/\">#veja<\/a> <a href=\"https:\/\/wiy.com.br\/noticias\/categoria\/tecnologia\/\">#olhardigital<\/a> <a href=\"https:\/\/wiy.com.br\/noticias\/categoria\/tecnologia\/\">#mundodigital<\/a> <a href=\"https:\/\/wiy.com.br\/noticias\/categoria\/tecnologia\/\">#inteligenciaartificial<\/a> <a href=\"https:\/\/wiy.com.br\/criacao-de-sites\/\">#criar site<\/a> <a href=\"https:\/\/wiy.com.br\/criacao-de-sites\/\">#criar site curitiba<\/a> <a href=\"https:\/\/wiy.com.br\/criacao-de-sites\/\">#wiysolutions<\/a><\/p>\n<p><a \n#ano #COP #relat\u00f3rio #mostra #como #pecu\u00e1ria #ilegal #devasta #Amaz\u00f4nia\n<\/p>\n","protected":false},"excerpt":{"rendered":"<p>Fazendeiros se apropriam ilegalmente de terras de pequenos agricultores e povos ind\u00edgenas no Par\u00e1, estado que sediar\u00e1 a COP30 em novembro. De acordo com o relat\u00f3rio divulgado pela ONG Human Rights Watch, a pecu\u00e1ria ilegal se apossou de territ\u00f3rios do projeto de desenvolvimento sustent\u00e1vel &#8220;Terra Nossa&#8221; e da &#8220;Terra Ind\u00edgena Cachoeira Seca&#8221; para criar gado [&hellip;]<\/p>\n","protected":false},"author":1,"featured_media":100891,"comment_status":"open","ping_status":"open","sticky":false,"template":"","format":"standard","meta":{"footnotes":""},"categories":[5],"tags":[],"class_list":["post-100890","post","type-post","status-publish","format-standard","has-post-thumbnail","hentry","category-tecnologia"],"_links":{"self":[{"href":"https:\/\/wiy.com.br\/noticias\/wp-json\/wp\/v2\/posts\/100890","targetHints":{"allow":["GET"]}}],"collection":[{"href":"https:\/\/wiy.com.br\/noticias\/wp-json\/wp\/v2\/posts"}],"about":[{"href":"https:\/\/wiy.com.br\/noticias\/wp-json\/wp\/v2\/types\/post"}],"author":[{"embeddable":true,"href":"https:\/\/wiy.com.br\/noticias\/wp-json\/wp\/v2\/users\/1"}],"replies":[{"embeddable":true,"href":"https:\/\/wiy.com.br\/noticias\/wp-json\/wp\/v2\/comments?post=100890"}],"version-history":[{"count":1,"href":"https:\/\/wiy.com.br\/noticias\/wp-json\/wp\/v2\/posts\/100890\/revisions"}],"predecessor-version":[{"id":100892,"href":"https:\/\/wiy.com.br\/noticias\/wp-json\/wp\/v2\/posts\/100890\/revisions\/100892"}],"wp:featuredmedia":[{"embeddable":true,"href":"https:\/\/wiy.com.br\/noticias\/wp-json\/wp\/v2\/media\/100891"}],"wp:attachment":[{"href":"https:\/\/wiy.com.br\/noticias\/wp-json\/wp\/v2\/media?parent=100890"}],"wp:term":[{"taxonomy":"category","embeddable":true,"href":"https:\/\/wiy.com.br\/noticias\/wp-json\/wp\/v2\/categories?post=100890"},{"taxonomy":"post_tag","embeddable":true,"href":"https:\/\/wiy.com.br\/noticias\/wp-json\/wp\/v2\/tags?post=100890"}],"curies":[{"name":"wp","href":"https:\/\/api.w.org\/{rel}","templated":true}]}}