{"id":100864,"date":"2025-10-22T13:24:16","date_gmt":"2025-10-22T16:24:16","guid":{"rendered":"https:\/\/wiy.com.br\/noticias\/layoff-meta-esta-demitindo-centenas-de-funcionarios-da-divisao-de-ia\/"},"modified":"2025-10-22T13:24:25","modified_gmt":"2025-10-22T16:24:25","slug":"layoff-meta-esta-demitindo-centenas-de-funcionarios-da-divisao-de-ia","status":"publish","type":"post","link":"https:\/\/wiy.com.br\/noticias\/layoff-meta-esta-demitindo-centenas-de-funcionarios-da-divisao-de-ia\/","title":{"rendered":"Layoff: Meta est\u00e1 demitindo centenas de funcion\u00e1rios da divis\u00e3o de IA"},"content":{"rendered":"<p> <br \/>\n<\/p>\n<p>A Meta est\u00e1 cortando cerca de 600 posi\u00e7\u00f5es dentro da Superintelligence Labs, divis\u00e3o de IA focada na busca pela superintelig\u00eancia. A informa\u00e7\u00e3o foi divulgada em um memorando interno obtido pelo site <em><a href=\"https:\/\/www.axios.com\/2025\/10\/22\/meta-superintelligence-tbd-ai-reorg\" target=\"_blank\" rel=\"noreferrer noopener\">Axios<\/a><\/em>.<\/p>\n<p>Ao mesmo tempo que demite funcion\u00e1rios em uma divis\u00e3o, a big tech segue contratando novos talentos para rec\u00e9m-formado TBD Lab, unidade de pesquisa em IA.<\/p>\n<div class=\"wp-block-image\">\n<figure class=\"aligncenter size-large\"><figcaption class=\"wp-element-caption\">Meta quer uma intelig\u00eancia artificial que supere humanos (Imagem: IM Imagery\/Shutterstock)<\/figcaption><\/figure>\n<\/div>\n<h2 class=\"wp-block-heading\" id=\"h-meta-esta-cortando-centenas-de-posicoes\">Meta est\u00e1 cortando centenas de posi\u00e7\u00f5es<\/h2>\n<p>O corte \u00e9 no laborat\u00f3rio de superintelig\u00eancia da Meta, o Superintelligence Labs. A divis\u00e3o foi criada com a chegada de Alexandr Wang, fundador da startup AI, em junho, com foco na busca por uma intelig\u00eancia artificial que supera as capacidades humanas.<\/p>\n<p>As demiss\u00f5es tamb\u00e9m afetar\u00e3o as unidades de pesquisa FAIR AI, IA relacionada a produtos e infraestrutura de IA. <\/p>\n<p>No memorando obtido pelo <em>Axios<\/em>, o pr\u00f3prio Wang justificou a decis\u00e3o. Ele acredita que, ao reduzir o tamanho da equipe, &#8220;menos conversas ser\u00e3o necess\u00e1rias para tomar uma decis\u00e3o, e cada pessoa ter\u00e1 mais responsabilidade e mais escopo e impacto&#8221;. O executivo espera que os processos se tornem mais r\u00e1pido e f\u00e1ceis.<\/p>\n<div class=\"wp-block-image\">\n<figure class=\"aligncenter size-large\"><img title = \"[Tags]\"loading=\"lazy\" decoding=\"async\" width=\"1024\" height=\"576\" src=\"https:\/\/olhardigital.com.br\/wp-content\/uploads\/2025\/09\/meta--1024x576.jpg\"alt = \"meta--1024x576 Layoff: Meta est\u00e1 demitindo centenas de funcion\u00e1rios da divis\u00e3o de IA\" class=\"wp-image-1179672\" \/><figcaption class=\"wp-element-caption\">Nem todas as divis\u00f5es de IA ser\u00e3o afetadas &#8211; outras continuam contratando (Imagem: Poetra.RH\/Shutterstock)<\/figcaption><\/figure>\n<\/div>\n<h2 class=\"wp-block-heading\" id=\"h-big-tech-continua-contratando\">Big tech continua contratando<\/h2>\n<p>Os funcion\u00e1rios foram informados da demiss\u00e3o na manh\u00e3 desta quarta-feira (22) se os seus empregos seriam afetados ou n\u00e3o. A Meta ainda incentivou que eles procurassem outras posi\u00e7\u00f5es abertas internamente.<\/p>\n<p>Por outro lado, a unidade TBD Lab foi poupada do layoff e segue contratando ativamente. Recentemente, a big tech contratou Ananya Kumar, cientista e pesquisadora da OpenAI, segundo uma fonte do <em>Axios<\/em>.<\/p>\n<p>Inclusive, a divis\u00e3o foi criada h\u00e1 pouco tempo, porque o CEO da Meta, Mark Zuckerberg, estava preocupado que os esfor\u00e7os de IA da empresa n\u00e3o estavam avan\u00e7ando o suficiente.<\/p>\n<div class=\"wp-block-image\">\n<figure class=\"aligncenter size-large\"><img title = \"[Tags]\"loading=\"lazy\" decoding=\"async\" width=\"1024\" height=\"576\" src=\"https:\/\/olhardigital.com.br\/wp-content\/uploads\/2025\/09\/zuckerberg--1024x576.jpg\"alt = \"meta--1024x576 Layoff: Meta est\u00e1 demitindo centenas de funcion\u00e1rios da divis\u00e3o de IA\" class=\"wp-image-1190546\" \/><figcaption class=\"wp-element-caption\">Zuckerberg defende a constru\u00e7\u00e3 de uma superintelig\u00eancia &#8211; e est\u00e1 investindo nisso (Imagem: Mijansk786\/Shutterstock)<\/figcaption><\/figure>\n<\/div>\n<h2 class=\"wp-block-heading\" id=\"h-em-que-pe-esta-a-superinteligencia-da-meta\">Em que p\u00e9 est\u00e1 a superintelig\u00eancia da Meta?<\/h2>\n<p>Zuckerberg vem defendendo a cria\u00e7\u00e3o de uma superintelig\u00eancia h\u00e1 alguns meses. A divis\u00e3o Superintelligence e a contrata\u00e7\u00e3o de Wang vieram nesse sentido. O an\u00fancio da constru\u00e7\u00e3o de novos data centers para impulsionar a tecnologia tamb\u00e9m.<\/p>\n<p><strong>Leia mais:<\/strong><\/p>\n<ul>\n<li>Carta aberta de famosos e cientistas pede proibi\u00e7\u00e3o da superintelig\u00eancia artificial<\/li>\n<li>Superintelig\u00eancia \u00e9 exagero e bolha da IA est\u00e1 a caminho, diz ex-Meta<\/li>\n<li>IA superinteligente pode at\u00e9 chegar at\u00e9 2030, mas\u2026<\/li>\n<\/ul>\n<p>Em julho, o executivo deu mais detalhes da sua vis\u00e3o da tecnologia:<\/p>\n<ul>\n<li>Zuckerberg vislumbra um futuro com uma IA superinteligente e personalizada para todos;<\/li>\n<li>Ele quer que\u00a0todos tenham acesso a uma ferramenta de IA que \u201cajude voc\u00ea a alcan\u00e7ar seus objetivos, criar o que deseja ver no mundo, viver qualquer aventura, ser um amigo melhor para as pessoas de quem voc\u00ea gosta e se desenvolver para se tornar a pessoa que aspira ser\u201d;<\/li>\n<li>Superintelig\u00eancia artificial \u00e9 outro termo para intelig\u00eancia artificial geral, ou AGI (na sigla em ingl\u00eas). \u00c9 um tipo de IA que iguala ou supera a intelig\u00eancia humana em diversas tarefas.<\/li>\n<\/ul>\n<p>Saiba os detalhes aqui.<\/p>\n<p>O post Layoff: Meta est\u00e1 demitindo centenas de funcion\u00e1rios da divis\u00e3o de IA apareceu primeiro em Olhar Digital.<\/p>\n<p><br \/>\n<br \/><a href=\"https:\/\/olhardigital.com.br\/2025\/10\/22\/pro\/layoff-meta-esta-demitindo-centenas-de-funcionarios-da-divisao-de-ia\/\">Fonte do Artigo <\/a><br \/>\nTags:<\/p>\n<p><a title=\"Gestor de Tr\u00e1fego\" href=\"https:\/\/www.gestor-de-trafego.com\/\" target=\"_blank\"><strong>Gestor de Tr\u00e1fego<\/strong><\/a><\/p>\n<p><a href=\"https:\/\/wiy.com.br\/noticias\/categoria\/tecnologia\/\">#tecnologia<\/a> <a href=\"https:\/\/wiy.com.br\/noticias\/categoria\/tecnologia\/\">#tecnologias<\/a> <a href=\"https:\/\/wiy.com.br\/noticias\/categoria\/tecnologia\/\">#technology<\/a> <a href=\"https:\/\/wiy.com.br\/noticias\/categoria\/tecnologia\/\">#tecnolog<\/a> <a href=\"https:\/\/wiy.com.br\/noticias\/categoria\/tecnologia\/\">#iphone<\/a> <a href=\"https:\/\/wiy.com.br\/noticias\/categoria\/tecnologia\/\">#informatica<\/a> <a href=\"https:\/\/wiy.com.br\/noticias\/categoria\/tecnologia\/\">#tech<\/a> <a href=\"https:\/\/wiy.com.br\/noticias\/categoria\/tecnologia\/\">#design<\/a> <a href=\"https:\/\/wiy.com.br\/noticias\/categoria\/tecnologia\/\">#samsung<\/a> <a href=\"https:\/\/wiy.com.br\/noticias\/categoria\/tecnologia\/\">#internet<\/a> <a href=\"https:\/\/wiy.com.br\/noticias\/categoria\/tecnologia\/\">#apple<\/a> <a href=\"https:\/\/wiy.com.br\/noticias\/categoria\/tecnologia\/\">#smartphone<\/a> <a href=\"https:\/\/wiy.com.br\/noticias\/categoria\/tecnologia\/\">#seguranca<\/a> <a href=\"https:\/\/wiy.com.br\/noticias\/categoria\/tecnologia\/\">#venezuela<\/a> <a href=\"https:\/\/wiy.com.br\/noticias\/categoria\/tecnologia\/\">#celular<\/a> <a href=\"https:\/\/wiy.com.br\/noticias\/categoria\/tecnologia\/\">#celulares<\/a> <a href=\"https:\/\/wiy.com.br\/noticias\/categoria\/tecnologia\/\">#inovar<\/a> <a href=\"https:\/\/wiy.com.br\/noticias\/categoria\/tecnologia\/\">#qualidade<\/a> <a href=\"https:\/\/wiy.com.br\/noticias\/categoria\/tecnologia\/\">#software<\/a> <a href=\"https:\/\/wiy.com.br\/noticias\/categoria\/tecnologia\/\">#empresas<\/a> <a href=\"https:\/\/wiy.com.br\/noticias\/categoria\/tecnologia\/\">#cursos<\/a> <a href=\"https:\/\/wiy.com.br\/noticias\/categoria\/tecnologia\/\">#engenharia<\/a> <a href=\"https:\/\/wiy.com.br\/noticias\/categoria\/tecnologia\/\">#industria<\/a> <a href=\"https:\/\/wiy.com.br\/noticias\/categoria\/tecnologia\/\">#marketing<\/a> <a href=\"https:\/\/wiy.com.br\/noticias\/categoria\/tecnologia\/\">#ti<\/a> <a href=\"https:\/\/wiy.com.br\/noticias\/categoria\/tecnologia\/\">#tecnoblog<\/a> <a href=\"https:\/\/wiy.com.br\/noticias\/categoria\/tecnologia\/\">#veja<\/a> <a href=\"https:\/\/wiy.com.br\/noticias\/categoria\/tecnologia\/\">#olhardigital<\/a> <a href=\"https:\/\/wiy.com.br\/noticias\/categoria\/tecnologia\/\">#mundodigital<\/a> <a href=\"https:\/\/wiy.com.br\/noticias\/categoria\/tecnologia\/\">#inteligenciaartificial<\/a> <a href=\"https:\/\/wiy.com.br\/criacao-de-sites\/\">#criar site<\/a> <a href=\"https:\/\/wiy.com.br\/criacao-de-sites\/\">#criar site curitiba<\/a> <a href=\"https:\/\/wiy.com.br\/criacao-de-sites\/\">#wiysolutions<\/a><\/p>\n<p><a \n#Layoff #Meta #est\u00e1 #demitindo #centenas #funcion\u00e1rios #divis\u00e3o\n<\/p>\n","protected":false},"excerpt":{"rendered":"<p>A Meta est\u00e1 cortando cerca de 600 posi\u00e7\u00f5es dentro da Superintelligence Labs, divis\u00e3o de IA focada na busca pela superintelig\u00eancia. A informa\u00e7\u00e3o foi divulgada em um memorando interno obtido pelo site Axios. Ao mesmo tempo que demite funcion\u00e1rios em uma divis\u00e3o, a big tech segue contratando novos talentos para rec\u00e9m-formado TBD Lab, unidade de pesquisa [&hellip;]<\/p>\n","protected":false},"author":1,"featured_media":100865,"comment_status":"open","ping_status":"open","sticky":false,"template":"","format":"standard","meta":{"footnotes":""},"categories":[5],"tags":[],"class_list":["post-100864","post","type-post","status-publish","format-standard","has-post-thumbnail","hentry","category-tecnologia"],"_links":{"self":[{"href":"https:\/\/wiy.com.br\/noticias\/wp-json\/wp\/v2\/posts\/100864","targetHints":{"allow":["GET"]}}],"collection":[{"href":"https:\/\/wiy.com.br\/noticias\/wp-json\/wp\/v2\/posts"}],"about":[{"href":"https:\/\/wiy.com.br\/noticias\/wp-json\/wp\/v2\/types\/post"}],"author":[{"embeddable":true,"href":"https:\/\/wiy.com.br\/noticias\/wp-json\/wp\/v2\/users\/1"}],"replies":[{"embeddable":true,"href":"https:\/\/wiy.com.br\/noticias\/wp-json\/wp\/v2\/comments?post=100864"}],"version-history":[{"count":1,"href":"https:\/\/wiy.com.br\/noticias\/wp-json\/wp\/v2\/posts\/100864\/revisions"}],"predecessor-version":[{"id":100866,"href":"https:\/\/wiy.com.br\/noticias\/wp-json\/wp\/v2\/posts\/100864\/revisions\/100866"}],"wp:featuredmedia":[{"embeddable":true,"href":"https:\/\/wiy.com.br\/noticias\/wp-json\/wp\/v2\/media\/100865"}],"wp:attachment":[{"href":"https:\/\/wiy.com.br\/noticias\/wp-json\/wp\/v2\/media?parent=100864"}],"wp:term":[{"taxonomy":"category","embeddable":true,"href":"https:\/\/wiy.com.br\/noticias\/wp-json\/wp\/v2\/categories?post=100864"},{"taxonomy":"post_tag","embeddable":true,"href":"https:\/\/wiy.com.br\/noticias\/wp-json\/wp\/v2\/tags?post=100864"}],"curies":[{"name":"wp","href":"https:\/\/api.w.org\/{rel}","templated":true}]}}