{"id":100690,"date":"2025-10-20T11:25:35","date_gmt":"2025-10-20T14:25:35","guid":{"rendered":"https:\/\/wiy.com.br\/noticias\/sao-paulo-tera-semana-com-minimas-de-ate-10oc\/"},"modified":"2025-10-20T11:25:35","modified_gmt":"2025-10-20T14:25:35","slug":"sao-paulo-tera-semana-com-minimas-de-ate-10oc","status":"publish","type":"post","link":"https:\/\/wiy.com.br\/noticias\/sao-paulo-tera-semana-com-minimas-de-ate-10oc\/","title":{"rendered":"S\u00e3o Paulo ter\u00e1 semana com m\u00ednimas de at\u00e9 10\u00baC"},"content":{"rendered":"<p> <br \/>\n<br \/><img title = \"[Tags]\"alt = \"frio2 S\u00e3o Paulo ter\u00e1 semana com m\u00ednimas de at\u00e9 10\u00baC\"decoding=\"async\" src=\"https:\/\/vejasp.abril.com.br\/wp-content\/uploads\/2023\/07\/frio2.jpeg\" \/><\/p>\n<p>Apesar de o sol aparecer entre nuvens nesta segunda-feira (20), a semana tem previs\u00e3o de baixas temperaturas, com m\u00ednimas de 10\u00baC at\u00e9 quarta-feira (22). De acordo com o Centro de Gerenciamento de Emerg\u00eancias Clim\u00e1ticas (CGE) da Prefeitura de S\u00e3o Paulo, o ar seco e frio pode provocar noites e madrugadas frias.<\/p>\n<p>Desde a semana passada, a Defesa Civil de S\u00e3o Paulo alerta para baixas temperaturas em todas as regi\u00f5es da capital.<\/p>\n<div class=\"noreadme-audima ads video-ads\">\n<div class=\"abrAD\" data-format=\"intext_video\"><\/div>\n<\/div>\n<h3><strong>Segunda-feira (20)<\/strong><\/h3>\n<p>Com sensa\u00e7\u00e3o de frio, a temperatura m\u00ednima \u00e9 de 10\u00baC e a m\u00e1xima alcan\u00e7a 17\u00baC, segundo a previs\u00e3o do CGE. A umidade do ar \u00e9 alta, de 60%. No final do dia, o c\u00e9u fica encoberto, mas n\u00e3o h\u00e1 expectativa de chuva, apenas eventual garoa.<\/p>\n<h3><strong>Ter\u00e7a-feira (21)<\/strong><\/h3>\n<p>A madrugada deve ser fria e \u00famida, tamb\u00e9m com m\u00ednima de 10\u00baC. Com o decorrer do dia, o sol esquenta um pouco mais e pode atingir os 20\u00baC. A umidade do ar tamb\u00e9m \u00e9 alta e ultrapassa os 50%.<\/p>\n<h3><strong>Quarta-feira (22)<\/strong><\/h3>\n<p>O sol predomina o c\u00e9u da quarta-feira e as temperaturas podem aumentar, chegando a 22\u00baC no meio da tarde. Com o anoitecer, a nebulosidade aumenta e o tempo volta a esfriar com m\u00ednimas em torno de 10\u00baC. A umidade tamb\u00e9m entra em decl\u00ednio e pode chegar a 40%.<\/p>\n<div id=\"relacionadas\" class=\"block noreadme-audima three_columns\">\n<ul class=\"block-menu\">\n<li data-tab=\"tab-1\" class=\"active\">Relacionadas<\/li>\n<\/ul>\n<div id=\"tab-1\" class=\"block-content active\">\n<ul class=\"relacionadas-s-img\">\n<li class=\"widget-news-item without-thumb with-border\">\n<div class=\"widget-news-info\"><a href=\"\/cultura-lazer\">Cultura &amp; Lazer<\/a><span class=\"widget-news-item-title\"><a href=\"https:\/\/vejasp.abril.com.br\/cultura-lazer\/bibliotecas-centenarias-de-sp-preservam-o-passado-e-se-reiventam-para-o-futuro\/\">Bibliotecas centen\u00e1rias de SP preservam o passado e se reiventam para o futuro<\/a><\/span><span class=\"widget-news-item-date\">20 out 2025 &#8211; 08h10<\/span><\/div>\n<\/li>\n<li class=\"widget-news-item without-thumb with-border\">\n<div class=\"widget-news-info\"><a href=\"\/cidades\">Cidades<\/a><span class=\"widget-news-item-title\"><a href=\"https:\/\/vejasp.abril.com.br\/cidades\/inpe-abre-votacao-para-escolher-nome-de-novo-supercomputador-de-previsao-do-tempo\/\">Inpe abre vota\u00e7\u00e3o para escolher nome de novo supercomputador de previs\u00e3o do tempo<\/a><\/span><span class=\"widget-news-item-date\">19 out 2025 &#8211; 18h10<\/span><\/div>\n<\/li>\n<li class=\"widget-news-item without-thumb with-border\">\n<div class=\"widget-news-info\"><a href=\"\/cultura-lazer\">Cultura &amp; Lazer<\/a><span class=\"widget-news-item-title\"><a href=\"https:\/\/vejasp.abril.com.br\/cultura-lazer\/estacao-republica-sediara-programacao-de-curtas-da-mostra-internacional-de-cinema\/\">Esta\u00e7\u00e3o Rep\u00fablica sediar\u00e1 programa\u00e7\u00e3o de curtas da Mostra Internacional de Cinema<\/a><\/span><span class=\"widget-news-item-date\">19 out 2025 &#8211; 16h10<\/span><\/div>\n<\/li>\n<\/ul>\n<\/div>\n<\/div>\n<div class=\"ads after-text noreadme-audima\">\n    <span class=\"title\">Publicidade<\/span><\/p>\n<div class=\"abrAD\" data-format=\"aftertext\" data-mapping=\"intext\"><\/div>\n<\/div>\n<p><br \/>\n<br \/><a href=\"https:\/\/vejasp.abril.com.br\/cidades\/sao-paulo-tera-semana-com-minimas-de-ate-10oc\/\">Fonte do Artigo <\/a><br \/>\nTags:<br \/>\n#loterias #loteriascaixa #megasena #resultadoapostas#noticias #noticiario  #noticia #brasil #noticiascolombia #mundo #esporte #colombia #noticiadeld #ltimasnoticias  #noticiario #noticiasregionales #noticiasdepartamentales #noticiashoy #esportes #noticiaahora #elinformantenoticias #noticiasdeboyac  #esporteinterativo #esportivo #diariodosesportes  #noticiero  #jogodefutebol #jogos #loto #apostas<\/p>\n","protected":false},"excerpt":{"rendered":"<p>Apesar de o sol aparecer entre nuvens nesta segunda-feira (20), a semana tem previs\u00e3o de baixas temperaturas, com m\u00ednimas de 10\u00baC at\u00e9 quarta-feira (22). De acordo com o Centro de Gerenciamento de Emerg\u00eancias Clim\u00e1ticas (CGE) da Prefeitura de S\u00e3o Paulo, o ar seco e frio pode provocar noites e madrugadas frias. Desde a semana passada, [&hellip;]<\/p>\n","protected":false},"author":1,"featured_media":100691,"comment_status":"open","ping_status":"open","sticky":false,"template":"","format":"standard","meta":{"footnotes":""},"categories":[1],"tags":[],"class_list":["post-100690","post","type-post","status-publish","format-standard","has-post-thumbnail","hentry","category-curso-de-copy"],"_links":{"self":[{"href":"https:\/\/wiy.com.br\/noticias\/wp-json\/wp\/v2\/posts\/100690","targetHints":{"allow":["GET"]}}],"collection":[{"href":"https:\/\/wiy.com.br\/noticias\/wp-json\/wp\/v2\/posts"}],"about":[{"href":"https:\/\/wiy.com.br\/noticias\/wp-json\/wp\/v2\/types\/post"}],"author":[{"embeddable":true,"href":"https:\/\/wiy.com.br\/noticias\/wp-json\/wp\/v2\/users\/1"}],"replies":[{"embeddable":true,"href":"https:\/\/wiy.com.br\/noticias\/wp-json\/wp\/v2\/comments?post=100690"}],"version-history":[{"count":0,"href":"https:\/\/wiy.com.br\/noticias\/wp-json\/wp\/v2\/posts\/100690\/revisions"}],"wp:featuredmedia":[{"embeddable":true,"href":"https:\/\/wiy.com.br\/noticias\/wp-json\/wp\/v2\/media\/100691"}],"wp:attachment":[{"href":"https:\/\/wiy.com.br\/noticias\/wp-json\/wp\/v2\/media?parent=100690"}],"wp:term":[{"taxonomy":"category","embeddable":true,"href":"https:\/\/wiy.com.br\/noticias\/wp-json\/wp\/v2\/categories?post=100690"},{"taxonomy":"post_tag","embeddable":true,"href":"https:\/\/wiy.com.br\/noticias\/wp-json\/wp\/v2\/tags?post=100690"}],"curies":[{"name":"wp","href":"https:\/\/api.w.org\/{rel}","templated":true}]}}