{"id":100613,"date":"2025-10-19T09:00:11","date_gmt":"2025-10-19T12:00:11","guid":{"rendered":"https:\/\/wiy.com.br\/noticias\/6-sintomas-que-voce-acha-que-sao-so-cansaco-mas-podem-ser-algo-serio\/"},"modified":"2025-10-19T09:00:21","modified_gmt":"2025-10-19T12:00:21","slug":"6-sintomas-que-voce-acha-que-sao-so-cansaco-mas-podem-ser-algo-serio","status":"publish","type":"post","link":"https:\/\/wiy.com.br\/noticias\/6-sintomas-que-voce-acha-que-sao-so-cansaco-mas-podem-ser-algo-serio\/","title":{"rendered":"6 sintomas que voc\u00ea acha que s\u00e3o s\u00f3 cansa\u00e7o, mas podem ser algo s\u00e9rio"},"content":{"rendered":"<p> <br \/>\n<\/p>\n<p>Sentir-se cansado ap\u00f3s um dia intenso de trabalho, noites mal dormidas ou per\u00edodos de estresse \u00e9 algo normal. O corpo e a mente precisam de descanso para se recuperar. No entanto, quando o cansa\u00e7o se torna persistente, n\u00e3o melhora com o repouso e come\u00e7a a interferir na rotina, pode ser um sinal de que algo mais s\u00e9rio est\u00e1 acontecendo.<\/p>\n<p>Neste artigo, vamos destacar alguns sintomas que merecem aten\u00e7\u00e3o e que podem indicar a necessidade de procurar ajuda m\u00e9dica.<\/p>\n<p><strong>Aten\u00e7\u00e3o<\/strong>: este conte\u00fado \u00e9 apenas informativo e n\u00e3o substitui uma consulta com um profissional de sa\u00fade. Se perceber algo diferente no seu corpo, mesmo que n\u00e3o esteja mencionado aqui, procure um m\u00e9dico.<\/p>\n<h2 class=\"wp-block-heading\" id=\"h-quando-o-cansaco-e-preocupante\">Quando o cansa\u00e7o \u00e9 preocupante?<\/h2>\n<p>O cansa\u00e7o, em si, \u00e9 uma resposta natural do corpo ao esfor\u00e7o. Por\u00e9m, quando ele passa a ser constante e sem causa aparente, \u00e9 importante investigar. O sintoma pode ter origem f\u00edsica, emocional ou m\u00e9dica.<\/p>\n<h3 class=\"wp-block-heading\" id=\"h-perda-de-peso-inexplicada\">Perda de peso inexplicada<\/h3>\n<div class=\"wp-block-image\">\n<figure class=\"aligncenter size-large\"><figcaption class=\"wp-element-caption\">Imagem: Liudmila Chernetska\/iStock<\/figcaption><\/figure>\n<\/div>\n<p>Emagrecer sem fazer dieta ou mudar a rotina de exerc\u00edcios \u00e9 um alerta importante. Essa perda de peso pode indicar problemas metab\u00f3licos, como diabetes e hipertireoidismo, ou at\u00e9 doen\u00e7as mais graves, como c\u00e2ncer e infec\u00e7\u00f5es cr\u00f4nicas.&nbsp;<\/p>\n<p>Quando o corpo gasta mais energia do que o habitual para compensar uma altera\u00e7\u00e3o interna, ele consome reservas de gordura e massa muscular, resultando em perda de peso involunt\u00e1ria.<\/p>\n<h3 class=\"wp-block-heading\" id=\"h-febre-e-mal-estar-constante\">Febre e mal-estar constante<\/h3>\n<div class=\"wp-block-image\">\n<figure class=\"aligncenter size-large\"><img title = \"[Tags]\"loading=\"lazy\" decoding=\"async\" width=\"1024\" height=\"576\" src=\"https:\/\/olhardigital.com.br\/wp-content\/uploads\/2025\/05\/gripe-6-1024x576.jpg\"alt = \"gripe-6-1024x576 6 sintomas que voc\u00ea acha que s\u00e3o s\u00f3 cansa\u00e7o, mas podem ser algo s\u00e9rio\" class=\"wp-image-1107896\" \/><figcaption class=\"wp-element-caption\">Homem  doente com febre, mede a temperatura e toca a testa deitado na cama. \/ Cr\u00e9dito: Prostock-studio (Shutterstock\/reprodu\u00e7\u00e3o)<\/figcaption><\/figure>\n<\/div>\n<p>Uma febre leve, que vai e volta, pode passar sem grande alarde,\u00a0mas quando se torna recorrente, \u00e9 sinal de que o organismo est\u00e1 reagindo a algo. Isso pode ser sinal de uma infec\u00e7\u00e3o, uma doen\u00e7a autoimune ou at\u00e9 uma inflama\u00e7\u00e3o cr\u00f4nica.\u00a0<\/p>\n<p>Se vier acompanhada de cansa\u00e7o, dores musculares e fraqueza, \u00e9 fundamental procurar um m\u00e9dico para investigar causas como tuberculose, mononucleose, l\u00fapus ou at\u00e9 problemas na tireoide.<\/p>\n<h3 class=\"wp-block-heading\" id=\"h-dores-musculares-ou-articulares-persistentes\">Dores musculares ou articulares persistentes<\/h3>\n<div class=\"wp-block-image\">\n<figure class=\"aligncenter size-large\"><img title = \"[Tags]\"loading=\"lazy\" decoding=\"async\" width=\"1024\" height=\"576\" src=\"https:\/\/olhardigital.com.br\/wp-content\/uploads\/2023\/01\/shutterstock_1441311029-1024x576.jpg\"alt = \"gripe-6-1024x576 6 sintomas que voc\u00ea acha que s\u00e3o s\u00f3 cansa\u00e7o, mas podem ser algo s\u00e9rio\" class=\"wp-image-474834\" \/><figcaption class=\"wp-element-caption\">Imagem: Kleber Cordeiro\/Shutterstock<\/figcaption><\/figure>\n<\/div>\n<p>Dores no corpo que n\u00e3o melhoram com o descanso ou com analg\u00e9sicos comuns podem indicar doen\u00e7as como fibromialgia, artrite reumatoide ou l\u00fapus.&nbsp;<\/p>\n<p>Nessas condi\u00e7\u00f5es, o sistema imunol\u00f3gico atua de forma desregulada, atacando tecidos saud\u00e1veis e provocando inflama\u00e7\u00f5es. Al\u00e9m da fadiga, \u00e9 comum sentir rigidez nas articula\u00e7\u00f5es e dor difusa, que impacta o sono e a disposi\u00e7\u00e3o.<\/p>\n<p><strong>Leia mais<\/strong>:<\/p>\n<ul>\n<li>Sonhos e pesadelos: o que s\u00e3o e por que ocorrem?<\/li>\n<li>Sonhos l\u00facidos e o novo dilema: produtividade at\u00e9 durante o sono?&nbsp;<\/li>\n<li>M\u00e1quina de IA pode reproduzir seus sonhos na vida real<\/li>\n<\/ul>\n<h3 class=\"wp-block-heading\" id=\"h-dificuldade-de-concentracao-e-lapsos-de-memoria\">Dificuldade de concentra\u00e7\u00e3o e lapsos de mem\u00f3ria<\/h3>\n<div class=\"wp-block-image\">\n<figure class=\"aligncenter size-large\"><img title = \"[Tags]\"decoding=\"async\" loading=\"lazy\" width=\"1024\" height=\"576\" src=\"https:\/\/img.odcdn.com.br\/wp-content\/uploads\/2025\/10\/mulher-cansada-3-1024x576.jpg\"alt = \"gripe-6-1024x576 6 sintomas que voc\u00ea acha que s\u00e3o s\u00f3 cansa\u00e7o, mas podem ser algo s\u00e9rio\" class=\"wp-image-1202773\" \/><figcaption class=\"wp-element-caption\">Mulher jovem cansada e exausta esconde os olhos com a m\u00e3o enquanto usa o laptop \u00e0 noite. \/ Cr\u00e9dito: Aleksey Boyko (Shutterstock)<\/figcaption><\/figure>\n<\/div>\n<p>A mente cansada pode ser resultado de sobrecarga mental, ansiedade ou depress\u00e3o. No entanto, quando os lapsos de mem\u00f3ria e a falta de foco persistem, pode haver algo mais profundo, como dist\u00farbios hormonais ou problemas neurol\u00f3gicos.&nbsp;<\/p>\n<p>A defici\u00eancia de vitaminas, especialmente B12 e D, tamb\u00e9m est\u00e1 relacionada \u00e0 lentid\u00e3o cognitiva e \u00e0 fadiga mental.<\/p>\n<h3 class=\"wp-block-heading\" id=\"h-alteracoes-de-apetite-e-irritabilidade\">Altera\u00e7\u00f5es de apetite e irritabilidade<\/h3>\n<div class=\"wp-block-image\">\n<figure class=\"aligncenter size-full\"><img title = \"[Tags]\"decoding=\"async\" loading=\"lazy\" width=\"1000\" height=\"667\" src=\"https:\/\/olhardigital.com.br\/wp-content\/uploads\/2025\/06\/perda-de-apetite.jpg\"alt = \"gripe-6-1024x576 6 sintomas que voc\u00ea acha que s\u00e3o s\u00f3 cansa\u00e7o, mas podem ser algo s\u00e9rio\" class=\"wp-image-1136125\" \/><figcaption class=\"wp-element-caption\">Imagem: New Africa\/Shutterstock<\/figcaption><\/figure>\n<\/div>\n<p>Oscila\u00e7\u00f5es de humor e apetite podem parecer consequ\u00eancia de estresse, mas tamb\u00e9m podem estar associadas a desequil\u00edbrios hormonais, dist\u00farbios da tireoide ou depress\u00e3o.&nbsp;<\/p>\n<p>O hipotireoidismo, por exemplo, desacelera o metabolismo, provocando cansa\u00e7o, ganho de peso e apatia. J\u00e1 o hipertireoidismo acelera o organismo, gerando irritabilidade, ins\u00f4nia e fadiga.<\/p>\n<h3 class=\"wp-block-heading\" id=\"h-fraqueza-e-falta-de-energia\">Fraqueza e falta de energia<\/h3>\n<div class=\"wp-block-image\">\n<figure class=\"aligncenter size-large\"><img title = \"[Tags]\"decoding=\"async\" loading=\"lazy\" width=\"1024\" height=\"576\" src=\"https:\/\/img.odcdn.com.br\/wp-content\/uploads\/2025\/10\/mulher-cansada-2-1024x576.jpg\"alt = \"gripe-6-1024x576 6 sintomas que voc\u00ea acha que s\u00e3o s\u00f3 cansa\u00e7o, mas podem ser algo s\u00e9rio\" class=\"wp-image-1202772\" \/><figcaption class=\"wp-element-caption\">Mulher cansada sentada no ch\u00e3o \/ Cr\u00e9dito: fizkes (Shutterstock)<\/figcaption><\/figure>\n<\/div>\n<p>A fraqueza constante pode ser sintoma de anemia, defici\u00eancia de ferro ou problemas card\u00edacos e pulmonares. Quando o sangue n\u00e3o transporta oxig\u00eanio de forma eficiente, o corpo entra em estado de alerta, gerando fadiga extrema mesmo ap\u00f3s pequenas atividades.<\/p>\n<p>A apneia do sono, por exemplo, impede o descanso reparador, resultando em exaust\u00e3o diurna e falta de disposi\u00e7\u00e3o.<\/p>\n<h2 class=\"wp-block-heading\" id=\"h-causas-emocionais-e-estilo-de-vida\">Causas emocionais e estilo de vida<\/h2>\n<div class=\"wp-block-image\">\n<figure class=\"aligncenter size-large\"><img title = \"[Tags]\"decoding=\"async\" loading=\"lazy\" width=\"1024\" height=\"576\" src=\"https:\/\/olhardigital.com.br\/wp-content\/uploads\/2025\/06\/Design-sem-nome-32-1024x576.jpg\"alt = \"gripe-6-1024x576 6 sintomas que voc\u00ea acha que s\u00e3o s\u00f3 cansa\u00e7o, mas podem ser algo s\u00e9rio\" class=\"wp-image-1135678\" \/><figcaption class=\"wp-element-caption\">Estudo divulgou que exerc\u00edcios f\u00edsicos regulares melhoram sobrevida e controlam o c\u00e2ncer de c\u00f3lon\/Shutterstock_Robert Kneschke<\/figcaption><\/figure>\n<\/div>\n<p>Nem sempre a causa \u00e9 f\u00edsica. O estresse cr\u00f4nico, a ansiedade e a depress\u00e3o est\u00e3o entre as principais origens de fadiga persistente. Quando o corpo vive em alerta constante, libera horm\u00f4nios como o cortisol, que afetam o sono e o equil\u00edbrio metab\u00f3lico.&nbsp;<\/p>\n<p>Al\u00e9m disso, a rotina moderna, marcada por excesso de telas, alimenta\u00e7\u00e3o irregular e falta de pausas, tamb\u00e9m contribui para o esgotamento f\u00edsico e mental.<\/p>\n<h2 class=\"wp-block-heading\" id=\"h-quando-procurar-um-medico\">Quando procurar um m\u00e9dico<\/h2>\n<div class=\"wp-block-image\">\n<figure class=\"aligncenter size-full\"><img title = \"[Tags]\"decoding=\"async\" loading=\"lazy\" width=\"1000\" height=\"667\" src=\"https:\/\/olhardigital.com.br\/wp-content\/uploads\/2025\/06\/medico.jpg\"alt = \"gripe-6-1024x576 6 sintomas que voc\u00ea acha que s\u00e3o s\u00f3 cansa\u00e7o, mas podem ser algo s\u00e9rio\" class=\"wp-image-1138801\" \/><figcaption class=\"wp-element-caption\">Imagem: fizkes\/Shutterstock<\/figcaption><\/figure>\n<\/div>\n<p>Na maioria dos casos, o cansa\u00e7o pode ser reduzido com mudan\u00e7as simples de h\u00e1bitos, como manter uma rotina regular de sono, praticar atividades f\u00edsicas moderadas, adotar uma alimenta\u00e7\u00e3o equilibrada e rica em vitaminas, hidratar-se adequadamente, cuidar da sa\u00fade mental e reservar momentos para descanso e lazer.<\/p>\n<p>No entanto, \u00e9 importante procurar um cl\u00ednico geral quando o cansa\u00e7o persiste por mais de duas semanas, n\u00e3o melhora com o descanso, \u00e9 intenso e sem causa aparente ou vem acompanhado de sintomas como febre, perda de peso ou altera\u00e7\u00f5es de humor.<\/p>\n<p>O post 6 sintomas que voc\u00ea acha que s\u00e3o s\u00f3 cansa\u00e7o, mas podem ser algo s\u00e9rio apareceu primeiro em Olhar Digital.<\/p>\n<p><br \/>\n<br \/><a href=\"https:\/\/olhardigital.com.br\/2025\/10\/19\/medicina-e-saude\/6-sintomas-que-voce-acha-que-sao-so-cansaco-mas-podem-ser-algo-serio\/\">Fonte do Artigo <\/a><br \/>\nTags:<\/p>\n<p><a title=\"Gestor de Tr\u00e1fego\" href=\"https:\/\/www.gestor-de-trafego.com\/\" target=\"_blank\"><strong>Gestor de Tr\u00e1fego<\/strong><\/a><\/p>\n<p><a href=\"https:\/\/wiy.com.br\/noticias\/categoria\/tecnologia\/\">#tecnologia<\/a> <a href=\"https:\/\/wiy.com.br\/noticias\/categoria\/tecnologia\/\">#tecnologias<\/a> <a href=\"https:\/\/wiy.com.br\/noticias\/categoria\/tecnologia\/\">#technology<\/a> <a href=\"https:\/\/wiy.com.br\/noticias\/categoria\/tecnologia\/\">#tecnolog<\/a> <a href=\"https:\/\/wiy.com.br\/noticias\/categoria\/tecnologia\/\">#iphone<\/a> <a href=\"https:\/\/wiy.com.br\/noticias\/categoria\/tecnologia\/\">#informatica<\/a> <a href=\"https:\/\/wiy.com.br\/noticias\/categoria\/tecnologia\/\">#tech<\/a> <a href=\"https:\/\/wiy.com.br\/noticias\/categoria\/tecnologia\/\">#design<\/a> <a href=\"https:\/\/wiy.com.br\/noticias\/categoria\/tecnologia\/\">#samsung<\/a> <a href=\"https:\/\/wiy.com.br\/noticias\/categoria\/tecnologia\/\">#internet<\/a> <a href=\"https:\/\/wiy.com.br\/noticias\/categoria\/tecnologia\/\">#apple<\/a> <a href=\"https:\/\/wiy.com.br\/noticias\/categoria\/tecnologia\/\">#smartphone<\/a> <a href=\"https:\/\/wiy.com.br\/noticias\/categoria\/tecnologia\/\">#seguranca<\/a> <a href=\"https:\/\/wiy.com.br\/noticias\/categoria\/tecnologia\/\">#venezuela<\/a> <a href=\"https:\/\/wiy.com.br\/noticias\/categoria\/tecnologia\/\">#celular<\/a> <a href=\"https:\/\/wiy.com.br\/noticias\/categoria\/tecnologia\/\">#celulares<\/a> <a href=\"https:\/\/wiy.com.br\/noticias\/categoria\/tecnologia\/\">#inovar<\/a> <a href=\"https:\/\/wiy.com.br\/noticias\/categoria\/tecnologia\/\">#qualidade<\/a> <a href=\"https:\/\/wiy.com.br\/noticias\/categoria\/tecnologia\/\">#software<\/a> <a href=\"https:\/\/wiy.com.br\/noticias\/categoria\/tecnologia\/\">#empresas<\/a> <a href=\"https:\/\/wiy.com.br\/noticias\/categoria\/tecnologia\/\">#cursos<\/a> <a href=\"https:\/\/wiy.com.br\/noticias\/categoria\/tecnologia\/\">#engenharia<\/a> <a href=\"https:\/\/wiy.com.br\/noticias\/categoria\/tecnologia\/\">#industria<\/a> <a href=\"https:\/\/wiy.com.br\/noticias\/categoria\/tecnologia\/\">#marketing<\/a> <a href=\"https:\/\/wiy.com.br\/noticias\/categoria\/tecnologia\/\">#ti<\/a> <a href=\"https:\/\/wiy.com.br\/noticias\/categoria\/tecnologia\/\">#tecnoblog<\/a> <a href=\"https:\/\/wiy.com.br\/noticias\/categoria\/tecnologia\/\">#veja<\/a> <a href=\"https:\/\/wiy.com.br\/noticias\/categoria\/tecnologia\/\">#olhardigital<\/a> <a href=\"https:\/\/wiy.com.br\/noticias\/categoria\/tecnologia\/\">#mundodigital<\/a> <a href=\"https:\/\/wiy.com.br\/noticias\/categoria\/tecnologia\/\">#inteligenciaartificial<\/a> <a href=\"https:\/\/wiy.com.br\/criacao-de-sites\/\">#criar site<\/a> <a href=\"https:\/\/wiy.com.br\/criacao-de-sites\/\">#criar site curitiba<\/a> <a href=\"https:\/\/wiy.com.br\/criacao-de-sites\/\">#wiysolutions<\/a><\/p>\n<p><a \n#sintomas #voc\u00ea #acha #s\u00e3o #s\u00f3 #cansa\u00e7o #mas #podem #ser #algo #s\u00e9rio\n<\/p>\n","protected":false},"excerpt":{"rendered":"<p>Sentir-se cansado ap\u00f3s um dia intenso de trabalho, noites mal dormidas ou per\u00edodos de estresse \u00e9 algo normal. O corpo e a mente precisam de descanso para se recuperar. No entanto, quando o cansa\u00e7o se torna persistente, n\u00e3o melhora com o repouso e come\u00e7a a interferir na rotina, pode ser um sinal de que algo [&hellip;]<\/p>\n","protected":false},"author":1,"featured_media":100614,"comment_status":"open","ping_status":"open","sticky":false,"template":"","format":"standard","meta":{"footnotes":""},"categories":[5],"tags":[],"class_list":["post-100613","post","type-post","status-publish","format-standard","has-post-thumbnail","hentry","category-tecnologia"],"_links":{"self":[{"href":"https:\/\/wiy.com.br\/noticias\/wp-json\/wp\/v2\/posts\/100613","targetHints":{"allow":["GET"]}}],"collection":[{"href":"https:\/\/wiy.com.br\/noticias\/wp-json\/wp\/v2\/posts"}],"about":[{"href":"https:\/\/wiy.com.br\/noticias\/wp-json\/wp\/v2\/types\/post"}],"author":[{"embeddable":true,"href":"https:\/\/wiy.com.br\/noticias\/wp-json\/wp\/v2\/users\/1"}],"replies":[{"embeddable":true,"href":"https:\/\/wiy.com.br\/noticias\/wp-json\/wp\/v2\/comments?post=100613"}],"version-history":[{"count":1,"href":"https:\/\/wiy.com.br\/noticias\/wp-json\/wp\/v2\/posts\/100613\/revisions"}],"predecessor-version":[{"id":100615,"href":"https:\/\/wiy.com.br\/noticias\/wp-json\/wp\/v2\/posts\/100613\/revisions\/100615"}],"wp:featuredmedia":[{"embeddable":true,"href":"https:\/\/wiy.com.br\/noticias\/wp-json\/wp\/v2\/media\/100614"}],"wp:attachment":[{"href":"https:\/\/wiy.com.br\/noticias\/wp-json\/wp\/v2\/media?parent=100613"}],"wp:term":[{"taxonomy":"category","embeddable":true,"href":"https:\/\/wiy.com.br\/noticias\/wp-json\/wp\/v2\/categories?post=100613"},{"taxonomy":"post_tag","embeddable":true,"href":"https:\/\/wiy.com.br\/noticias\/wp-json\/wp\/v2\/tags?post=100613"}],"curies":[{"name":"wp","href":"https:\/\/api.w.org\/{rel}","templated":true}]}}